{"id":281255,"date":"2025-07-29T06:05:10","date_gmt":"2025-07-29T06:05:10","guid":{"rendered":"https:\/\/www.europesays.com\/fr\/281255\/"},"modified":"2025-07-29T06:05:10","modified_gmt":"2025-07-29T06:05:10","slug":"la-tendance-des-burn-lines-inquiete-les-dermatologues-actualites-orange","status":"publish","type":"post","link":"https:\/\/www.europesays.com\/fr\/281255\/","title":{"rendered":"La tendance des &quot;burn lines&quot; inqui\u00e8te les dermatologues &#8211; Actualit\u00e9s \u2013 Orange"},"content":{"rendered":"<ol>\n<li><a href=\"https:\/\/news.google.com\/rss\/articles\/CBMirwFBVV95cUxNOG1EMWxuMnYxdDZzd3duSEhFSGhmcy1ZRS1WczRYX1JwckR4ZGM5aTlTZE11Y05DZHUzblJHMmVtZDFTTzUyVGF4VTdZcmJXVi13LVNzbmxtWF9UNloxcWZWLVd2OFVGeDlkN1ZYeUVlNGFCVW5kWmZ6OGdWNHhaZnRIMlpFbkd1VUxEZDNnVEpNQVdmNGJydC12TWZCU00xT2Nib293R2tWT0VzdkVv?oc=5\" target=\"_blank\" rel=\"nofollow noopener\">La tendance des \u00ab\u00a0burn lines\u00a0\u00bb inqui\u00e8te les dermatologues<\/a>&nbsp;&nbsp;Actualit\u00e9s \u2013 Orange<\/li>\n<li><a href=\"https:\/\/news.google.com\/rss\/articles\/CBMi-AFBVV95cUxPaFNWOG9kd2F1OUJ2ME9EcUxDeENaSmFoZEswdkM4X2xxaXJ2cTQ5bklzTHlDcUU0NlAxYTUwVnM3c2Y1am12MVFmY0c4SkxKX0VvQ0daNlNibkxYcnhYRUlHMDdjT3BkZi1LcEs2WkQ3dGFIRTJiTEgzLWh4dXNhSnFhRjRvMEVMN1A2SERmalB0Ty1ldlhuYkVMY29ndmdRd091NVZpUEVKSV90R1FXVVRSUlI3Q3UtdDh2YmJUUDZrXzktYlViRmxqOXhDNmtVYU9HR213RFJZbFRmcXNsbmJYcm51bmZ0UmNmeHVqVmlwVktGRUVoRg?oc=5\" target=\"_blank\" rel=\"nofollow noopener\">3 questions pour comprendre : Le \u00ab\u00a0sun tattoo\u00a0\u00bb, nouvelle sottise des r\u00e9seaux sociaux &#8211; 29\/07<\/a>&nbsp;&nbsp;RMC<\/li>\n<li><a href=\"https:\/\/news.google.com\/rss\/articles\/CBMi1gFBVV95cUxOdUlCbWdheFprVzVZd2JpQnhBQlFKSmpUOXF2dmFMSmNQM3RuOFNBeTlGdnB6UzVfd2hjeFhBOTZ6MC13aHdPTS1XaWVmQThFV3NyUXZzcEs3ejhlT2NWdUtaOWRmcU9neVBnanRuYVVjRzRaQ0pTb1Nuc2ttNWpmeVViT1liX256alVfV192Rm9ZNXk1ZnJ5Rng0c1p2TUdCTFdxMjFNclJzOHdLTGRodzhmNzdoeGg0OHJjTmV6QzJZNEdJelZNQk8xTjB0dEk1OHU0aXRB?oc=5\" target=\"_blank\" rel=\"nofollow noopener\">\u00ab Tan lines \u00bb, \u00ab burn lines \u00bb : le ministre de la Sant\u00e9 alerte sur ces bronzages dangereux<\/a>&nbsp;&nbsp;Le HuffPost<\/li>\n<li><a href=\"https:\/\/news.google.com\/rss\/articles\/CBMiigJBVV95cUxNbm5TUEFBM1hWVFFUd1dkUWg1ckx1cW9fM3F5ZWVFbWY0UDhGU0c5a01ibGlkSEpOVHVFZVlvYzhFbnV6a25IeGlXbEpDc0Vsam5fMFVjVTE5Q0pPSEhYWG95QVBJYVpFc2pzcThITW9mWW5RcDJfVkRKX05VeDZsdndqUTlSS3JhNFJBS01DSmJJbXJGNnlwcWFOMlRFM2xjdWVHUkNZSUVNOXh6ZEJLTTZYZ1BtODlVOTJYaVNtQ0lUa2lScWJTbFlCcl9rTWx2RkJkeU4xeFV1b0N3OTFiUV9FRzVXV2VmX3pDSmhUMC01MHpkb1VhVG1QYndZb2dEMjJJMncwQ1d3dw?oc=5\" target=\"_blank\" rel=\"nofollow noopener\">Tendance des \u00ab\u00a0burn-lines\u00a0\u00bb, interdiction des r\u00e9seaux sociaux, arr\u00eats de travail&#8230; L&rsquo;interview de Yannick Neuder en int\u00e9gralit\u00e9<\/a>&nbsp;&nbsp;BFMTV<\/li>\n<\/ol>\n","protected":false},"excerpt":{"rendered":"La tendance des \u00ab\u00a0burn lines\u00a0\u00bb inqui\u00e8te les dermatologues&nbsp;&nbsp;Actualit\u00e9s \u2013 Orange 3 questions pour comprendre : Le \u00ab\u00a0sun tattoo\u00a0\u00bb,&hellip;\n","protected":false},"author":2,"featured_media":281256,"comment_status":"","ping_status":"","sticky":false,"template":"","format":"standard","meta":{"footnotes":""},"categories":[10],"tags":[1011,27,72,71],"class_list":{"0":"post-281255","1":"post","2":"type-post","3":"status-publish","4":"format-standard","5":"has-post-thumbnail","7":"category-sante","8":"tag-fr","9":"tag-france","10":"tag-health","11":"tag-sante"},"share_on_mastodon":{"url":"https:\/\/pubeurope.com\/@fr\/114935019915942521","error":""},"_links":{"self":[{"href":"https:\/\/www.europesays.com\/fr\/wp-json\/wp\/v2\/posts\/281255","targetHints":{"allow":["GET"]}}],"collection":[{"href":"https:\/\/www.europesays.com\/fr\/wp-json\/wp\/v2\/posts"}],"about":[{"href":"https:\/\/www.europesays.com\/fr\/wp-json\/wp\/v2\/types\/post"}],"author":[{"embeddable":true,"href":"https:\/\/www.europesays.com\/fr\/wp-json\/wp\/v2\/users\/2"}],"replies":[{"embeddable":true,"href":"https:\/\/www.europesays.com\/fr\/wp-json\/wp\/v2\/comments?post=281255"}],"version-history":[{"count":0,"href":"https:\/\/www.europesays.com\/fr\/wp-json\/wp\/v2\/posts\/281255\/revisions"}],"wp:featuredmedia":[{"embeddable":true,"href":"https:\/\/www.europesays.com\/fr\/wp-json\/wp\/v2\/media\/281256"}],"wp:attachment":[{"href":"https:\/\/www.europesays.com\/fr\/wp-json\/wp\/v2\/media?parent=281255"}],"wp:term":[{"taxonomy":"category","embeddable":true,"href":"https:\/\/www.europesays.com\/fr\/wp-json\/wp\/v2\/categories?post=281255"},{"taxonomy":"post_tag","embeddable":true,"href":"https:\/\/www.europesays.com\/fr\/wp-json\/wp\/v2\/tags?post=281255"}],"curies":[{"name":"wp","href":"https:\/\/api.w.org\/{rel}","templated":true}]}}