{"id":281259,"date":"2025-07-29T06:07:18","date_gmt":"2025-07-29T06:07:18","guid":{"rendered":"https:\/\/www.europesays.com\/fr\/281259\/"},"modified":"2025-07-29T06:07:18","modified_gmt":"2025-07-29T06:07:18","slug":"evelyne-dheliat-77-ans-evoque-sa-retraite","status":"publish","type":"post","link":"https:\/\/www.europesays.com\/fr\/281259\/","title":{"rendered":"\u00c9velyne Dh\u00e9liat, 77 ans, \u00e9voque sa retraite"},"content":{"rendered":"<p>                             Par Marine Cassan<\/p>\n<p>                Le 28 juillet 2025 \u00e0 18h24<\/p>\n<p>    \u00c9velyne Dh\u00e9liat<br \/>\n                Christophe Chevalin &#8211; TF1<\/p>\n<p>Ce samedi 26 juillet, l\u2019embl\u00e9matique pr\u00e9sentatrice m\u00e9t\u00e9o qui cumule plus de trente ans d\u2019antenne sur TF1, s\u2019est confi\u00e9e sur un possible retrait de sa part.<\/p>\n<p class=\"fig-paragraph\">\u00abOn a grandi avec vous\u00a0!\u00bb. Voici g\u00e9n\u00e9ralement les mots des t\u00e9l\u00e9spectateurs utilis\u00e9s quand ils croisent\u00a0<a href=\"https:\/\/www.lefigaro.fr\/tag\/evelyne-dheliat\" target=\"_blank\" rel=\"noopener\" data-gtm-custom-categorie=\"navigation\" data-gtm-custom-action=\"crossclick\" data-gtm-custom-label=\"Contextuel\" data-gtm-event=\"customEventSPE\"><strong>\u00c9velyne Dh\u00e9liat<\/strong><\/a> \u00a0dans la rue. \u00c0 l\u2019occasion d\u2019une interview pour le magazine\u00a0<a href=\"https:\/\/www.programme-television.org\/news\/tv\/actualites-audiovisuel\/evelyne-dheliat-fait-le-point-sur-la-situation-meteorologique-en-france-ce-qui-etait-attendu-pour-2050-a-deja-ete-vecu-exclu-4743446\" target=\"_blank\" rel=\"noopener\" data-gtm-custom-categorie=\"navigation\" data-gtm-custom-action=\"crossclick\" data-gtm-custom-label=\"Contextuel\" data-gtm-event=\"customEventSPE\">T\u00e9l\u00e9 7 jours<\/a>, dont elle faisait d\u2019ailleurs la couverture ce samedi 26 juillet, la pr\u00e9sentatrice m\u00e9t\u00e9o s\u2019est confi\u00e9e sur son r\u00f4le \u00e0 la t\u00e9l\u00e9vision.<\/p>\n<p class=\"fig-paragraph\">Pour la star de TF1, faire partie du quotidien des Fran\u00e7ais en continuant \u00e0 les pr\u00e9venir sur le r\u00e9chauffement climatique notamment est essentiel. \u00abNous sommes pris dans l\u2019engrenage du d\u00e9r\u00e8glement climatique et nous devons informer la r\u00e9daction et les t\u00e9l\u00e9spectateurs de ces mouvements m\u00e9t\u00e9orologiques parfois violents. Nous travaillons \u00e9galement \u00e0 faire \u00e9voluer les bulletins, afin d\u2019\u00eatre toujours au plus pr\u00e8s de la r\u00e9alit\u00e9. C\u2019est passionnant\u00bb, \u00e9voque la sp\u00e9cialiste du climat, depuis plus de trente ans d\u00e9sormais.<\/p>\n<p class=\"fig-body-link\">\n            \u00c0 lire aussi<br \/>\n        <a class=\"fig-body-link__link fig-premium-mark\" href=\"http:\/\/tvmag.lefigaro.fr\/programme-tv\/actu-tele\/le-carnet-de-notes-meteo-plein-soleil-pour-evelyne-dheliat-eclaircie-avec-eleonore-boccara-depression-sur-myriam-seurat-20250726\" target=\"_blank\" data-fig-type=\"Article\" rel=\"noopener\" data-gtm-custom-categorie=\"navigation\" data-gtm-custom-action=\"crossclick\" data-gtm-custom-label=\"Contextuel\" data-gtm-event=\"customEventSPE\" data-fig-domain=\"TVMAG\">Le carnet de notes m\u00e9t\u00e9o\u00a0: plein soleil pour \u00c9velyne Dh\u00e9liat, \u00e9claircie avec \u00c9l\u00e9onore Boccara, d\u00e9pression sur Myriam Seurat<br \/>\n    <\/a>\n<\/p>\n<p>                                    <a class=\"fig-a11y-skip a11y-hidden\" href=\"#fig-a11y-skip-main-inarticle\"><br \/>\n        Passer la publicit\u00e9<br \/>\n    <\/a><\/p>\n<p class=\"fig-paragraph\">Fid\u00e8le \u00e0 la cha\u00eene qui l\u2019a fait conna\u00eetre &#8211; anciennement l\u2019ORTF -, la retraite n\u2019est pas encore en vue pour la pr\u00e9sentatrice de 77 ans. \u00ab\u00c7a ne d\u00e9pend pas que de moi, mais de la cha\u00eene et des t\u00e9l\u00e9spectateurs. J\u2019ai un bel \u00e9quilibre dans ma vie et j\u2019adore ce que je fais. Comme E.T., j\u2019aime \u00e0 dire que TF1 est ma maison\u00a0! J\u2019ai toujours travaill\u00e9 sur cette cha\u00eene, dans des conditions excellentes\u00bb, explique-t-elle \u00e9galement.<\/p>\n<p class=\"fig-paragraph\">\u00c9velyne Dh\u00e9liat fait d\u00e9sormais partie des visages incontournables du paysage audiovisuel fran\u00e7ais. Elle sait qu\u2019elle peut compter sur le soutien des t\u00e9l\u00e9spectateurs\u00a0: \u00abLe public m\u2019apporte beaucoup de chaleur, de gentillesse, et \u00e7a fait du bien\u00bb.<\/p>\n<p class=\"fig-body-link\">\n            \u00c0 lire aussi<br \/>\n        <a class=\"fig-body-link__link\" href=\"http:\/\/tvmag.lefigaro.fr\/programme-tv\/actu-tele\/est-ce-qu-il-y-aura-un-ete-avant-d-avoir-un-premier-ministre-babeth-lemoine-ironise-face-a-evelyne-dheliat-sur-la-meteo-20240712\" target=\"_blank\" data-fig-type=\"Article\" rel=\"noopener\" data-gtm-custom-categorie=\"navigation\" data-gtm-custom-action=\"crossclick\" data-gtm-custom-label=\"Contextuel\" data-gtm-event=\"customEventSPE\" data-fig-domain=\"TVMAG\">\u00abEst-ce qu&rsquo;il y aura un \u00e9t\u00e9 avant d&rsquo;avoir un premier ministre?\u00bb\u00a0: Babeth Lemoine ironise face \u00e0 \u00c9velyne Dh\u00e9liat sur la m\u00e9t\u00e9o<br \/>\n    <\/a>\n<\/p>\n<p class=\"fig-paragraph\">Comment s\u2019annonce la prochaine saison m\u00e9t\u00e9o pour la pr\u00e9sentatrice\u00a0? \u00abComme les pr\u00e9c\u00e9dentes\u00a0: avec la m\u00eame envie de travailler et de bien faire, aupr\u00e8s de gens bienveillants et sympathiques\u00bb, r\u00e9plique-t-elle avant de rendre hommage \u00e0 sa r\u00e9daction. \u00abJe collabore avec des jeunes motiv\u00e9s et des \u00e9quipes responsables. On nous donne les moyens de faire du bon travail, et c\u2019est appr\u00e9ciable\u00bb, ajoute-t-elle. De quoi rassurer les fans de la premi\u00e8re heure, \u00c9velyne Dh\u00e9liat n\u2019est pas pr\u00e8s de passer la main, et a encore de belles saisons \u00e0 la m\u00e9t\u00e9o devant elle.<\/p>\n","protected":false},"excerpt":{"rendered":"Par Marine Cassan Le 28 juillet 2025 \u00e0 18h24 \u00c9velyne Dh\u00e9liat Christophe Chevalin &#8211; TF1 Ce samedi 26&hellip;\n","protected":false},"author":2,"featured_media":281260,"comment_status":"","ping_status":"","sticky":false,"template":"","format":"standard","meta":{"footnotes":""},"categories":[8],"tags":[58,59,1011,27,2487,199],"class_list":{"0":"post-281259","1":"post","2":"type-post","3":"status-publish","4":"format-standard","5":"has-post-thumbnail","7":"category-divertissement","8":"tag-divertissement","9":"tag-entertainment","10":"tag-fr","11":"tag-france","12":"tag-meteo","13":"tag-tf1"},"share_on_mastodon":{"url":"https:\/\/pubeurope.com\/@fr\/114935027777827328","error":""},"_links":{"self":[{"href":"https:\/\/www.europesays.com\/fr\/wp-json\/wp\/v2\/posts\/281259","targetHints":{"allow":["GET"]}}],"collection":[{"href":"https:\/\/www.europesays.com\/fr\/wp-json\/wp\/v2\/posts"}],"about":[{"href":"https:\/\/www.europesays.com\/fr\/wp-json\/wp\/v2\/types\/post"}],"author":[{"embeddable":true,"href":"https:\/\/www.europesays.com\/fr\/wp-json\/wp\/v2\/users\/2"}],"replies":[{"embeddable":true,"href":"https:\/\/www.europesays.com\/fr\/wp-json\/wp\/v2\/comments?post=281259"}],"version-history":[{"count":0,"href":"https:\/\/www.europesays.com\/fr\/wp-json\/wp\/v2\/posts\/281259\/revisions"}],"wp:featuredmedia":[{"embeddable":true,"href":"https:\/\/www.europesays.com\/fr\/wp-json\/wp\/v2\/media\/281260"}],"wp:attachment":[{"href":"https:\/\/www.europesays.com\/fr\/wp-json\/wp\/v2\/media?parent=281259"}],"wp:term":[{"taxonomy":"category","embeddable":true,"href":"https:\/\/www.europesays.com\/fr\/wp-json\/wp\/v2\/categories?post=281259"},{"taxonomy":"post_tag","embeddable":true,"href":"https:\/\/www.europesays.com\/fr\/wp-json\/wp\/v2\/tags?post=281259"}],"curies":[{"name":"wp","href":"https:\/\/api.w.org\/{rel}","templated":true}]}}