{"id":281263,"date":"2025-07-29T06:09:09","date_gmt":"2025-07-29T06:09:09","guid":{"rendered":"https:\/\/www.europesays.com\/fr\/281263\/"},"modified":"2025-07-29T06:09:09","modified_gmt":"2025-07-29T06:09:09","slug":"loperateur-orange-victime-dune-vaste-cyberattaque","status":"publish","type":"post","link":"https:\/\/www.europesays.com\/fr\/281263\/","title":{"rendered":"L\u2019op\u00e9rateur Orange victime d\u2019une vaste cyberattaque"},"content":{"rendered":"<p>Nouveau coup dur pour la <a href=\"https:\/\/www.20minutes.fr\/dossier\/cybersecurite\" target=\"_blank\" class=\"color-ultramarine c-link\" rel=\"noopener\">cybers\u00e9curit\u00e9<\/a> fran\u00e7aise. <a href=\"https:\/\/www.20minutes.fr\/dossier\/orange\" target=\"_blank\" class=\"color-ultramarine c-link\" rel=\"noopener\">Orange<\/a> a \u00e9t\u00e9 la cible d\u2019une <a href=\"https:\/\/www.20minutes.fr\/dossier\/cyberattaque\" target=\"_blank\" class=\"color-ultramarine c-link\" rel=\"noopener\">cyberattaque<\/a> qui a paralys\u00e9 une partie de ses services depuis vendredi, affectant certains clients entreprises et \u00ab\u00a0quelques services grand public principalement en France\u00a0\u00bb.<\/p>\n<p>Dans un communiqu\u00e9 publi\u00e9 lundi soir, l\u2019op\u00e9rateur pr\u00e9cise que \u00ab\u00a0certains services et plateformes de gestion rouvriront au fur et \u00e0 mesure d\u2019ici mercredi matin\u00a0\u00bb.<\/p>\n<\/p>\n<p>\u00ab\u00a0Limiter les impacts\u00a0\u00bb<\/p>\n<p>Orange, qui d\u00e9voilera mardi ses r\u00e9sultats semestriels, assure qu\u2019\u00ab\u00a0\u00e0 ce stade des investigations, aucun \u00e9l\u00e9ment ne laisse penser que des <a href=\"https:\/\/www.20minutes.fr\/dossier\/donnees_personnelles\" target=\"_blank\" class=\"color-ultramarine c-link\" rel=\"noopener\">donn\u00e9es<\/a> de nos clients ou d\u2019Orange auraient \u00e9t\u00e9 exfiltr\u00e9es\u00a0\u00bb.<\/p>\n<p><a href=\"https:\/\/www.20minutes.fr\/dossier\/cybercriminalite\" target=\"_blank\" class=\"c-link c-btn c-btn--primary\" rel=\"noopener\">Notre dossier sur la cybercriminalit\u00e9<\/a><\/p>\n<p>L\u2019entreprise a port\u00e9 plainte pour \u00ab\u00a0atteinte \u00e0 son syst\u00e8me d\u2019information\u00a0\u00bb et mobilis\u00e9 en urgence ses \u00e9quipes, appuy\u00e9es par Orange Cyberdefense, pour \u00ab\u00a0isoler les services potentiellement concern\u00e9s et limiter les impacts\u00a0\u00bb.<\/p>\n","protected":false},"excerpt":{"rendered":"Nouveau coup dur pour la cybers\u00e9curit\u00e9 fran\u00e7aise. Orange a \u00e9t\u00e9 la cible d\u2019une cyberattaque qui a paralys\u00e9 une&hellip;\n","protected":false},"author":2,"featured_media":281264,"comment_status":"","ping_status":"","sticky":false,"template":"","format":"standard","meta":{"footnotes":""},"categories":[6],"tags":[35,2481,33,34,1011,27,10933,142,310,738,963],"class_list":{"0":"post-281263","1":"post","2":"type-post","3":"status-publish","4":"format-standard","5":"has-post-thumbnail","7":"category-economie","8":"tag-business","9":"tag-cyberattaque","10":"tag-economie","11":"tag-economy","12":"tag-fr","13":"tag-france","14":"tag-hacker","15":"tag-high-tech","16":"tag-internet","17":"tag-orange","18":"tag-telephonie"},"share_on_mastodon":{"url":"https:\/\/pubeurope.com\/@fr\/114935035552132185","error":""},"_links":{"self":[{"href":"https:\/\/www.europesays.com\/fr\/wp-json\/wp\/v2\/posts\/281263","targetHints":{"allow":["GET"]}}],"collection":[{"href":"https:\/\/www.europesays.com\/fr\/wp-json\/wp\/v2\/posts"}],"about":[{"href":"https:\/\/www.europesays.com\/fr\/wp-json\/wp\/v2\/types\/post"}],"author":[{"embeddable":true,"href":"https:\/\/www.europesays.com\/fr\/wp-json\/wp\/v2\/users\/2"}],"replies":[{"embeddable":true,"href":"https:\/\/www.europesays.com\/fr\/wp-json\/wp\/v2\/comments?post=281263"}],"version-history":[{"count":0,"href":"https:\/\/www.europesays.com\/fr\/wp-json\/wp\/v2\/posts\/281263\/revisions"}],"wp:featuredmedia":[{"embeddable":true,"href":"https:\/\/www.europesays.com\/fr\/wp-json\/wp\/v2\/media\/281264"}],"wp:attachment":[{"href":"https:\/\/www.europesays.com\/fr\/wp-json\/wp\/v2\/media?parent=281263"}],"wp:term":[{"taxonomy":"category","embeddable":true,"href":"https:\/\/www.europesays.com\/fr\/wp-json\/wp\/v2\/categories?post=281263"},{"taxonomy":"post_tag","embeddable":true,"href":"https:\/\/www.europesays.com\/fr\/wp-json\/wp\/v2\/tags?post=281263"}],"curies":[{"name":"wp","href":"https:\/\/api.w.org\/{rel}","templated":true}]}}