{"id":281270,"date":"2025-07-29T06:15:15","date_gmt":"2025-07-29T06:15:15","guid":{"rendered":"https:\/\/www.europesays.com\/fr\/281270\/"},"modified":"2025-07-29T06:15:15","modified_gmt":"2025-07-29T06:15:15","slug":"asse-ekwah-fait-ses-valises-direction-lallemagne","status":"publish","type":"post","link":"https:\/\/www.europesays.com\/fr\/281270\/","title":{"rendered":"ASSE : EKWAH FAIT SES VALISES, DIRECTION L&rsquo;ALLEMAGNE"},"content":{"rendered":"<p>                <a href=\"https:\/\/cadenceradio.fr\" target=\"_blank\" aria-label=\"Banni\u00e8re Cadence 2025\" rel=\"nofollow noopener\"><img loading=\"lazy\" decoding=\"async\" src=\"https:\/\/www.europesays.com\/fr\/wp-content\/uploads\/2025\/07\/Banniere-Cadence-2025-scaled.jpg\" alt=\"\"   width=\"2560\" height=\"738\"\/><\/a><\/p>\n<p>Les Verts ne semblent pas pr\u00e8s de boucler leur mercato estival, d\u2019autant qu\u2019une vente majeure se profile \u00e0 l\u2019horizon et pourrait consid\u00e9rablement dynamiser leurs op\u00e9rations sur le march\u00e9 des transferts.<\/p>\n<p>Le week-end dernier, les St\u00e9phanois ont essuy\u00e9 une lourde d\u00e9faite face au Paris FC, tout juste promu en Ligue 1, sur le score sans appel de 3-0. Cette contre-performance s\u2019explique en partie par l\u2019absence de plusieurs \u00e9l\u00e9ments cl\u00e9s de l\u2019effectif durant cette p\u00e9riode de pr\u00e9paration. Le Belge Lucas Stassin figure en t\u00eate de liste des absents, mais il n\u2019est pas le seul \u00e0 manquer \u00e0 l\u2019appel.<\/p>\n<p>Ekwah pousse vers la sortie malgr\u00e9 l\u2019option lev\u00e9e<\/p>\n<p>Le dossier Pierre Ekwah cristallise actuellement toutes les attentions. Bien que l\u2019ASSE ait officiellement lev\u00e9 l\u2019option d\u2019achat du milieu de terrain, ce dernier multiplie les pressions pour obtenir son d\u00e9part du Forez. Dans ces circonstances, le contraindre \u00e0 rester s\u2019av\u00e9rerait contre-productif pour toutes les parties. D\u2019autant qu\u2019un nouveau club europ\u00e9en de renom s\u2019est manifest\u00e9 pour ses services.<\/p>\n<p>Apr\u00e8s avoir \u00e9t\u00e9 courtis\u00e9 intens\u00e9ment par des formations espagnoles, Pierre Ekwah pourrait finalement poser ses valises en Bundesliga. Selon les informations d\u2019Africa Foot, l\u2019ancien milieu d\u00e9fensif de Sunderland figure d\u00e9sormais dans les petits papiers du VfB Stuttgart. Une destination qui lui permettrait de retrouver plusieurs compatriotes fran\u00e7ais d\u00e9j\u00e0 install\u00e9s outre-Rhin.<\/p>\n<p>En cas de transfert vers le club allemand, Ekwah \u00e9voluerait aux c\u00f4t\u00e9s de Dan-Axel Zagadou, Lorenz Assignon et Enzo Millot, cr\u00e9ant ainsi une belle colonie fran\u00e7aise au sein de l\u2019effectif stuttgartois. Cette dimension pourrait faciliter son adaptation et peser dans sa d\u00e9cision finale.<\/p>\n<p>Une plus-value en vue pour les Verts<\/p>\n<p>L\u2019ASSE, qui avait investi 6 millions d\u2019euros pour s\u2019attacher les services du joueur, pourrait r\u00e9aliser une op\u00e9ration financi\u00e8re int\u00e9ressante en cas de vente. Cette potentielle plus-value tomberait \u00e0 point nomm\u00e9 pour alimenter d\u2019autres dossiers sur le march\u00e9 des transferts.<\/p>\n<p>Tous les regards se tournent maintenant vers les prochains jours, p\u00e9riode durant laquelle le dossier Ekwah devrait conna\u00eetre son \u00e9pilogue. Une r\u00e9solution rapide permettrait aux dirigeants st\u00e9phanois de finaliser leur strat\u00e9gie mercato avant l\u2019entame du championnat.<\/p>\n","protected":false},"excerpt":{"rendered":"Les Verts ne semblent pas pr\u00e8s de boucler leur mercato estival, d\u2019autant qu\u2019une vente majeure se profile \u00e0&hellip;\n","protected":false},"author":2,"featured_media":281271,"comment_status":"","ping_status":"","sticky":false,"template":"","format":"standard","meta":{"footnotes":""},"categories":[9653],"tags":[1111,11,461,2430,1777,674,2257,1011,27,3367,12,25,4001,517],"class_list":{"0":"post-281270","1":"post","2":"type-post","3":"status-publish","4":"format-standard","5":"has-post-thumbnail","7":"category-saint-etienne","8":"tag-actu","9":"tag-actualites","10":"tag-asse","11":"tag-auvergne-rhone-alpes","12":"tag-eu","13":"tag-europe","14":"tag-foot","15":"tag-fr","16":"tag-france","17":"tag-loire","18":"tag-news","19":"tag-republique-francaise","20":"tag-saint-etienne","21":"tag-sport"},"share_on_mastodon":{"url":"https:\/\/pubeurope.com\/@fr\/114935059338354634","error":""},"_links":{"self":[{"href":"https:\/\/www.europesays.com\/fr\/wp-json\/wp\/v2\/posts\/281270","targetHints":{"allow":["GET"]}}],"collection":[{"href":"https:\/\/www.europesays.com\/fr\/wp-json\/wp\/v2\/posts"}],"about":[{"href":"https:\/\/www.europesays.com\/fr\/wp-json\/wp\/v2\/types\/post"}],"author":[{"embeddable":true,"href":"https:\/\/www.europesays.com\/fr\/wp-json\/wp\/v2\/users\/2"}],"replies":[{"embeddable":true,"href":"https:\/\/www.europesays.com\/fr\/wp-json\/wp\/v2\/comments?post=281270"}],"version-history":[{"count":0,"href":"https:\/\/www.europesays.com\/fr\/wp-json\/wp\/v2\/posts\/281270\/revisions"}],"wp:featuredmedia":[{"embeddable":true,"href":"https:\/\/www.europesays.com\/fr\/wp-json\/wp\/v2\/media\/281271"}],"wp:attachment":[{"href":"https:\/\/www.europesays.com\/fr\/wp-json\/wp\/v2\/media?parent=281270"}],"wp:term":[{"taxonomy":"category","embeddable":true,"href":"https:\/\/www.europesays.com\/fr\/wp-json\/wp\/v2\/categories?post=281270"},{"taxonomy":"post_tag","embeddable":true,"href":"https:\/\/www.europesays.com\/fr\/wp-json\/wp\/v2\/tags?post=281270"}],"curies":[{"name":"wp","href":"https:\/\/api.w.org\/{rel}","templated":true}]}}