{"id":281272,"date":"2025-07-29T06:16:10","date_gmt":"2025-07-29T06:16:10","guid":{"rendered":"https:\/\/www.europesays.com\/fr\/281272\/"},"modified":"2025-07-29T06:16:10","modified_gmt":"2025-07-29T06:16:10","slug":"pour-lutter-contre-les-rodeos-urbains-des-ralentisseurs-vont-etre-installes-place-de-la-carriere-a-nancy","status":"publish","type":"post","link":"https:\/\/www.europesays.com\/fr\/281272\/","title":{"rendered":"Pour lutter contre les rod\u00e9os urbains, des ralentisseurs vont \u00eatre install\u00e9s place de la Carri\u00e8re \u00e0 Nancy"},"content":{"rendered":"<p>            Par<br \/>\n        <strong><br \/>\n            <a href=\"https:\/\/actu.fr\/auteur\/pierre-emile-bouchy-actu-fr\" title=\"Consulter tous les articles de Paul-Emile Bouchy\" target=\"_blank\" rel=\"noopener\">Paul-Emile Bouchy<\/a><br \/>\n        <\/strong><\/p>\n<p>        Publi\u00e9 le<\/p>\n<p>            29 juil. 2025 \u00e0 7h02        <\/p>\n<p>Les <a href=\"https:\/\/actu.fr\/tag\/rodeos-urbains\" target=\"_blank\" rel=\"noopener\">rod\u00e9os urbains<\/a> peuvent aussi avoir lieu en plein centre-ville. \u00c0 <strong>Nancy<\/strong>, <a href=\"https:\/\/actu.fr\/grand-est\/nancy_54395\/nancy-des-habitants-excedes-par-les-rodeos-urbains-place-de-la-carriere-il-va-y-avoir-un-mort_61781375.html\" target=\"_blank\" rel=\"noopener\">des habitants de la place de la Carri\u00e8re sont exc\u00e9d\u00e9s<\/a> par <strong>les voitures qui roulent \u00e0 vive allure<\/strong>. En octobre 2024, une vid\u00e9o o\u00f9 l\u2019on voyait <a href=\"https:\/\/actu.fr\/grand-est\/nancy_54395\/video-un-pieton-s-enerve-contre-un-chauffard-en-audi-rs3-a-nancy-la-scene-fait-le-buzz-sur-x-et-dans-tpmp_61741558.html\" target=\"_blank\" rel=\"noopener\">un pi\u00e9ton s\u2019\u00e9nerver contre un chauffard<\/a> roulant dans une Audi RS3 avait fait le buzz.<\/p>\n<p class=\" wall-content\">\u00c0 la demande de ces Nanc\u00e9iens, la Ville a eu l\u2019autorisation d\u2019<strong>installer des ralentisseurs sur cette place historique<\/strong>, class\u00e9e au patrimoine mondial de l\u2019UNESCO.<\/p>\n<p>Quatre ralentisseurs pour freiner les voitures de sport<\/p>\n<p class=\" wall-content\">Comme annonc\u00e9 en octobre\u00a02024, la Ville a travaill\u00e9 pour <strong>cr\u00e9er des am\u00e9nagements et casser ces lignes droites<\/strong>.<\/p>\n<p class=\" wall-content\">Cela va bient\u00f4t se concr\u00e9tiser, explique Thomas Souverain, adjoint d\u00e9l\u00e9gu\u00e9 au territoire centre \u00e0 la Ville de Nancy\u2009: \u00ab\u2009On a eu l\u2019autorisation du pr\u00e9fet de R\u00e9gion. Les ralentisseurs ont donc \u00e9t\u00e9 command\u00e9s il y a trois semaines. Le temps qu\u2019ils soient livr\u00e9s, <strong>ils seront en place d\u2019ici deux mois et demi<\/strong>.\u2009\u00bb<\/p>\n<p class=\" wall-content\">Autrement dit\u2009: d\u00e9but octobre, <strong>quatre ralentisseurs seront install\u00e9s<\/strong> de part et d\u2019autre de la place de la Carri\u00e8re.<\/p>\n<p>La s\u00e9curit\u00e9 plut\u00f4t que le patrimoine<\/p>\n<p class=\" wall-content\">Si installer quatre ralentisseurs peut para\u00eetre simple, cela l\u2019est beaucoup moins quand on se trouve dans le secteur patrimonial remarquable de Nancy.<\/p>\n<p class=\" wall-content\">\u00ab\u2009On a eu des discussions assez longues avec la DRAC (Direction r\u00e9gionale des affaires culturelles) et l\u2019architecte des b\u00e2timents de France qui \u00e9taient de base contre. Ils consid\u00e9raient <strong>que des dos d\u2019\u00e2nes n\u2019avaient pas leur place sur la place de la Carri\u00e8re<\/strong>, ajoute l\u2019\u00e9lu. On a des consid\u00e9rations s\u00e9curitaires qui nous imposent de les installer. Au regard de celles-ci, le pr\u00e9fet de R\u00e9gion, dont d\u00e9pend la DRAC, les a autoris\u00e9s. <strong>La question de s\u00e9curit\u00e9 l\u2019a emport\u00e9 sur l\u2019aspect patrimonial<\/strong>.\u2009\u00bb<\/p>\n<p class=\" wall-content\">\u00c0 terme, ces ralentisseurs pourraient s\u2019av\u00e9rer inutiles puisque Mathieu Klein, maire de Nancy, a d\u00e9j\u00e0 fait part de sa volont\u00e9 <a href=\"https:\/\/actu.fr\/grand-est\/nancy_54395\/nancy-ces-deux-places-tres-frequentees-bientot-interdites-aux-voitures-la-ville-va-lancer-une-etude_61580519.html\" target=\"_blank\" rel=\"noopener\">d\u2019interdire les voitures place de la Carri\u00e8re et place Saint-Epvre<\/a>. La Ville a d\u2019ailleurs lanc\u00e9 une \u00e9tude et une concertation \u00e0 ce sujet avec les parties prenantes.<\/p>\n<p class=\" wall-content\">Suivez toute l\u2019actualit\u00e9 de vos villes et m\u00e9dias favoris en vous inscrivant \u00e0 <a href=\"https:\/\/moncompte.actu.fr\" title=\"D\u00e9couvez Mon Actu\" rel=\"nofollow noopener\" data-trk=\"{&quot;cta&quot;:{&quot;action&quot;:&quot;https:\\\/\\\/moncompte.actu.fr&quot;,&quot;category&quot;:&quot;mon compte&quot;,&quot;from&quot;:&quot;article footer&quot;,&quot;name&quot;:&quot;Mon actu&quot;,&quot;type&quot;:&quot;cta&quot;}}\" target=\"_blank\">Mon Actu<\/a>.<\/p>\n<ul class=\"ac-article-tag wall-content\">\n<li><a href=\"https:\/\/actu.fr\/tag\/rodeos-urbains\" data-trk=\"{&quot;cta&quot;:{&quot;action&quot;:&quot;Rod\\u00e9os urbains&quot;,&quot;category&quot;:&quot;tag&quot;,&quot;from&quot;:&quot;article footer&quot;,&quot;name&quot;:&quot;Rod\\u00e9os urbains&quot;,&quot;type&quot;:&quot;cta&quot;}}\" target=\"_blank\" rel=\"noopener\">#Rod\u00e9os urbains<\/a><\/li>\n<li><a href=\"https:\/\/actu.fr\/tag\/securite-routiere\" data-trk=\"{&quot;cta&quot;:{&quot;action&quot;:&quot;S\\u00e9curit\\u00e9 routi\\u00e8re&quot;,&quot;category&quot;:&quot;tag&quot;,&quot;from&quot;:&quot;article footer&quot;,&quot;name&quot;:&quot;S\\u00e9curit\\u00e9 routi\\u00e8re&quot;,&quot;type&quot;:&quot;cta&quot;}}\" target=\"_blank\" rel=\"noopener\">#S\u00e9curit\u00e9 routi\u00e8re<\/a><\/li>\n<\/ul>\n","protected":false},"excerpt":{"rendered":"Par Paul-Emile Bouchy Publi\u00e9 le 29 juil. 2025 \u00e0 7h02 Les rod\u00e9os urbains peuvent aussi avoir lieu en&hellip;\n","protected":false},"author":2,"featured_media":281273,"comment_status":"","ping_status":"","sticky":false,"template":"","format":"standard","meta":{"footnotes":""},"categories":[9635],"tags":[1111,11,1777,674,1011,27,775,1702,12,25,5575,5009,104],"class_list":{"0":"post-281272","1":"post","2":"type-post","3":"status-publish","4":"format-standard","5":"has-post-thumbnail","7":"category-nancy","8":"tag-actu","9":"tag-actualites","10":"tag-eu","11":"tag-europe","12":"tag-fr","13":"tag-france","14":"tag-grand-est","15":"tag-nancy","16":"tag-news","17":"tag-republique-francaise","18":"tag-rodeos-urbains","19":"tag-securite-routiere","20":"tag-societe"},"share_on_mastodon":{"url":"https:\/\/pubeurope.com\/@fr\/114935063026078045","error":""},"_links":{"self":[{"href":"https:\/\/www.europesays.com\/fr\/wp-json\/wp\/v2\/posts\/281272","targetHints":{"allow":["GET"]}}],"collection":[{"href":"https:\/\/www.europesays.com\/fr\/wp-json\/wp\/v2\/posts"}],"about":[{"href":"https:\/\/www.europesays.com\/fr\/wp-json\/wp\/v2\/types\/post"}],"author":[{"embeddable":true,"href":"https:\/\/www.europesays.com\/fr\/wp-json\/wp\/v2\/users\/2"}],"replies":[{"embeddable":true,"href":"https:\/\/www.europesays.com\/fr\/wp-json\/wp\/v2\/comments?post=281272"}],"version-history":[{"count":0,"href":"https:\/\/www.europesays.com\/fr\/wp-json\/wp\/v2\/posts\/281272\/revisions"}],"wp:featuredmedia":[{"embeddable":true,"href":"https:\/\/www.europesays.com\/fr\/wp-json\/wp\/v2\/media\/281273"}],"wp:attachment":[{"href":"https:\/\/www.europesays.com\/fr\/wp-json\/wp\/v2\/media?parent=281272"}],"wp:term":[{"taxonomy":"category","embeddable":true,"href":"https:\/\/www.europesays.com\/fr\/wp-json\/wp\/v2\/categories?post=281272"},{"taxonomy":"post_tag","embeddable":true,"href":"https:\/\/www.europesays.com\/fr\/wp-json\/wp\/v2\/tags?post=281272"}],"curies":[{"name":"wp","href":"https:\/\/api.w.org\/{rel}","templated":true}]}}