{"id":281289,"date":"2025-07-29T06:27:33","date_gmt":"2025-07-29T06:27:33","guid":{"rendered":"https:\/\/www.europesays.com\/fr\/281289\/"},"modified":"2025-07-29T06:27:33","modified_gmt":"2025-07-29T06:27:33","slug":"la-liste-ruffin-verts-lfi-annonce-5000-hlm-supplementaires-a-grenoble","status":"publish","type":"post","link":"https:\/\/www.europesays.com\/fr\/281289\/","title":{"rendered":"LA LISTE RUFFIN (Verts\/LFI) ANNONCE 5000 HLM SUPPL\u00c9MENTAIRES \u00e0 GRENOBLE"},"content":{"rendered":"<p>Posted On 29 juillet 2025 <\/p>\n<p>En inaugurant un immeuble 100 % HLM rue Condorcet, dans le quartier Championnet, Margot Belair et Nicolas Beron-Perez, deux \u00e9lus de l&rsquo;actuelle majorit\u00e9 Rouge\/verts Grenobloise, qui figurent dans le <a href=\"https:\/\/grenoble-le-changement.fr\/2025\/06\/22\/les-piollistes-entament-les-combines-dappareil-autour-de-laurence-ruffin\/\" target=\"_blank\" rel=\"noopener\">quatuor de campagne<\/a> derri\u00e8re <a href=\"https:\/\/grenoble-le-changement.fr\/2024\/11\/23\/laurence-ruffin-verts-lfi-petits-mensonges-et-gros-sabots\/\" target=\"_blank\" rel=\"noopener\">Laurence Ruffin, la candidate d\u00e9sign\u00e9e<\/a> par Piolle , rappellent dans le DL (26\/7\/27) leur objectif de 30 % de logements sociaux \u00e0 Grenoble. Ils utilisent en effet leur fonction d&rsquo;\u00e9lus pour faire campagne. Ils trouvent cet \u00e9t\u00e9 une presse complaisante.\u00a0<\/p>\n<p>Comme Grenoble compte 20 500 logements sociaux sur 82 000 logements, cette annonce repr\u00e9sente donc environ 5000 nouveaux HLM suppl\u00e9mentaires dans la ville\u00a0 puisque <a href=\"https:\/\/grenoble-le-changement.fr\/2025\/06\/18\/25-de-logements-sociaux-piolle-jubile-pendant-que-grenoble-senfonce\/\" target=\"_blank\" rel=\"noopener\">nous sommes \u00e0 25 % de HLM actuellement<\/a> . Ce taux d&rsquo;ailleurs ne signifie pas grand chose. Des quartiers sont \u00e0 plus de 80 % de logements sociaux comme le Village Olympique, Villeneuve, Mistral, Teisseire , le secteur du Lys Rouge, l&rsquo;Alma, Hoche, &#8230;\u00a0<\/p>\n<p>Grace \u00e0 ces quartiers hyper densifi\u00e9s en HLM , la ville atteint le pourcentage global de 25 % de logements sociaux.\u00a0<\/p>\n<p><a href=\"https:\/\/grenoble-le-changement.fr\/wp-content\/uploads\/2025\/07\/Ruffin-florence-1.webp\" target=\"_blank\" rel=\"noopener\"><img decoding=\"async\" data-id=\"83567\" src=\"https:\/\/grenoble-le-changement.fr\/wp-content\/uploads\/2025\/07\/Ruffin-florence-1.webp\" alt=\"\" class=\"wp-image-83567 jetpack-lazy-image\" data-lazy-src=\"https:\/\/www.europesays.com\/fr\/wp-content\/uploads\/2025\/07\/Ruffin-florence-1.webp\" \/><\/a><\/p>\n<p><img decoding=\"async\" data-id=\"69513\" src=\"https:\/\/i1.wp.com\/grenoble-le-changement.fr\/wp-content\/uploads\/2023\/11\/Margot-Belair-.png?w=678&amp;ssl=1\" alt=\"\" class=\"wp-image-69513 jetpack-lazy-image\" data-recalc-dims=\"1\" data-lazy-src=\"https:\/\/www.europesays.com\/fr\/wp-content\/uploads\/2025\/07\/Margot-Belair-.png\" \/><\/p>\n<p><img decoding=\"async\" data-id=\"72776\" src=\"https:\/\/i1.wp.com\/grenoble-le-changement.fr\/wp-content\/uploads\/2024\/04\/nicolas-beron-perez-metro.png?w=678&amp;ssl=1\" alt=\"\" class=\"wp-image-72776 jetpack-lazy-image\" data-recalc-dims=\"1\" data-lazy-src=\"https:\/\/www.europesays.com\/fr\/wp-content\/uploads\/2025\/07\/1753770446_496_nicolas-beron-perez-metro.png\" \/><br \/>\nLaurence Ruffin, Margot Belair, Nicolas Beron-Perez annoncent 5000 HLM suppl\u00e9mentaires \u00e0 Grenoble &#8230;..<\/p>\n<p><strong>LE TAUX DE HLM NE D\u00c9TERMINE PAS LE NOMBRE DE FAMILLES MODESTES<\/strong><\/p>\n<p>Ailleurs les pourcentages peuvent \u00eatre assez faibles mais m\u00eame en cas les pourcentages ne sont pas significatifs: Championnet est faible en HLM mais tout \u00e0 c\u00f4t\u00e9 De Bonne et Hoche cumul\u00e9s totalisent un pourcentage qui d\u00e9passe les 50 % de logements sociaux.\u00a0<\/p>\n<p>Idem \u00e0 l&rsquo;Ile Verte \u00e9pargn\u00e9e dans sa partie historique, mais ou le secteur de la rue Blanche Monnier est hyper \u00ab\u00a0Hlmis\u00e9\u00a0\u00bb.\u00a0<\/p>\n<p>Ajoutons que le taux de HLM ne d\u00e9termine pas seulement le nombre de familles modestes qu&rsquo;une ville accueille. Par exemple \u00e0 Grenoble les quartiers\u00a0 St Bruno ou Notre Dame comptent de nombreux grenoblois modestes ou tr\u00e8s modestes qui habitent des logements priv\u00e9s \u00e0 bas prix.<\/p>\n<p><strong>LA TAXE FONCI\u00c9RE REPRESENTE 20 % DU LOYER HLM <\/strong><\/p>\n<p>N&rsquo;oublions pas que le loyer HLM ( dont 20 % est constitu\u00e9 par le poids de la taxe fonci\u00e8re!), peut \u00eatre assez \u00e9lev\u00e9\u00a0 et parfois avec des<a href=\"https:\/\/grenoble-le-changement.fr\/2025\/07\/27\/charges-geg-et-actis-les-locataires-victimes-des-elus-verts-lfi-ps-pc\/\" target=\"_blank\" rel=\"noopener\"> charges insupportables.\u00a0<\/a><\/p>\n<p>D&rsquo;ailleurs, globalement, Grenoble d\u00e9passe aussi largement le pourcentage moyen de familles en dessous du seuil de pauvret\u00e9 des grandes villes.\u00a0<\/p>\n<p><strong>LES ROUGE\/VERTS MAITRISENT L&rsquo;URBANISME DEPUIS 30 ANS<\/strong><\/p>\n<p>Depuis 12 ans la municipalit\u00e9 Piolle a acc\u00e9l\u00e9r\u00e9 ces ph\u00e9nom\u00e8nes avec un plan d&rsquo;urbanisme ( PLUI) toujours plus densificateur et \u00a0\u00bb social\u00a0\u00bb. Depuis le plan de Pierre Kermen , Adjoint au Maire ( Verts) de Destot en 2004 , jusqu&rsquo;\u00e0 aujourd&rsquo;hui ils ont eu la maitrise de ce secteur. Ils ont rendu constructibles tous les jardins existants comme on l&rsquo;a vu cours de la Lib\u00e9ration avec l&rsquo;op\u00e9ration Galtier qui a englob\u00e9 toutes les villas\/jardins attenantes ou actuellement\u00a0 <a href=\"https:\/\/grenoble-le-changement.fr\/2022\/03\/17\/cours-de-la-liberation-les-derniers-espaces-de-respiration-sacrifies\/\" target=\"_blank\" rel=\"noopener\">au 82, 95 et 110 ou de vastes espaces de respiration<\/a> sont sacrifi\u00e9s.<\/p>\n<p><strong>LES ESPACES NATURE \u00c9RADIQU\u00c9S POUR B\u00c9TONNER\u00a0<\/strong><\/p>\n<p>Partout dans la ville les grenoblois ont vu les effets de ce plan. <a href=\"https:\/\/grenoble-le-changement.fr\/2021\/04\/27\/ilots-de-chaleur-menaces-sur-une-maison-jardin-rue-thiers\/\" target=\"_blank\" rel=\"noopener\">Rue Thiers,<\/a> ce plan a m\u00eame permis d&rsquo;abattre un unique c\u00e8dre bleu au milieu d&rsquo;une cour pour permettre de construire.\u00a0<\/p>\n<p>Le plan d&rsquo;urbanisme a aussi fait monter les obligations de logements tr\u00e8s social (LLS) \u00e0 45 % dans nombre de secteurs.\u00a0<\/p>\n<p><a href=\"https:\/\/i1.wp.com\/grenoble-le-changement.fr\/wp-content\/uploads\/2025\/07\/Capture-de\u0301cran-2025-07-27-a\u0300-17.08.47.png?ssl=1\" rel=\"lightbox[83565] noopener\" target=\"_blank\"><img decoding=\"async\" data-id=\"83571\" src=\"https:\/\/i1.wp.com\/grenoble-le-changement.fr\/wp-content\/uploads\/2025\/07\/Capture-de\u0301cran-2025-07-27-a\u0300-17.08.47.png?resize=678%2C902&amp;ssl=1\" alt=\"\" class=\"wp-image-83571 jetpack-lazy-image\" data-recalc-dims=\"1\" data-lazy-src=\"https:\/\/i1.wp.com\/grenoble-le-changement.fr\/wp-content\/uploads\/2025\/07\/Capture-de\u0301cran-2025-07-27-a\u0300-17.08.47.png?resize=678%2C902&amp;is-pending-load=1#038;ssl=1\" \/><\/a><\/p>\n<p><a href=\"https:\/\/i2.wp.com\/grenoble-le-changement.fr\/wp-content\/uploads\/2025\/07\/Capture-de\u0301cran-2025-07-27-a\u0300-16.59.34.png?ssl=1\" rel=\"lightbox[83565] noopener\" target=\"_blank\"><img decoding=\"async\" data-id=\"83569\" src=\"https:\/\/i2.wp.com\/grenoble-le-changement.fr\/wp-content\/uploads\/2025\/07\/Capture-de\u0301cran-2025-07-27-a\u0300-16.59.34.png?w=678&amp;ssl=1\" alt=\"\" class=\"wp-image-83569 jetpack-lazy-image\" data-recalc-dims=\"1\" data-lazy-src=\"https:\/\/i2.wp.com\/grenoble-le-changement.fr\/wp-content\/uploads\/2025\/07\/Capture-de\u0301cran-2025-07-27-a\u0300-16.59.34.png?w=678&amp;is-pending-load=1#038;ssl=1\" \/><\/a><\/p>\n<p><a href=\"https:\/\/i1.wp.com\/grenoble-le-changement.fr\/wp-content\/uploads\/2025\/07\/Capture-de\u0301cran-2025-07-27-a\u0300-17.07.09.png?ssl=1\" rel=\"lightbox[83565] noopener\" target=\"_blank\"><img decoding=\"async\" data-id=\"83568\" src=\"https:\/\/i1.wp.com\/grenoble-le-changement.fr\/wp-content\/uploads\/2025\/07\/Capture-de\u0301cran-2025-07-27-a\u0300-17.07.09.png?w=678&amp;ssl=1\" alt=\"\" class=\"wp-image-83568 jetpack-lazy-image\" data-recalc-dims=\"1\" data-lazy-src=\"https:\/\/i1.wp.com\/grenoble-le-changement.fr\/wp-content\/uploads\/2025\/07\/Capture-de\u0301cran-2025-07-27-a\u0300-17.07.09.png?w=678&amp;is-pending-load=1#038;ssl=1\" \/><\/a><br \/>\nAu 22 rue Thiers, le modeste ilot de verdure qui perdurait dans un quartier hyper dense, avec un c\u00e8dre bleu remarquable a \u00e9t\u00e9 d\u00e9truit ( \u00e0 gauche) pour construire comme le PLUI le permet&#8230;.( juillet 2025) <\/p>\n<p><strong>40 % DES LOCATAIRES HLM VEULENT QUITTER LEUR LOGEMENT !<\/strong><\/p>\n<p>Pour justifier ces folies, les <a href=\"https:\/\/grenoble-le-changement.fr\/2025\/07\/12\/requisitions-de-logements-encore-une-fausse-annonce-de-piolle\/\" target=\"_blank\" rel=\"noopener\">annonces de \u00a0\u00bb r\u00e9quisitions\u00a0\u00bb<\/a>, de <a href=\"https:\/\/grenoble-le-changement.fr\/2025\/01\/24\/location-vente-les-usines-a-gaz-locales-paralysent-le-logement\/\" target=\"_blank\" rel=\"noopener\">blocage des loyers,<\/a> des <a href=\"https:\/\/grenoble-le-changement.fr\/2024\/02\/08\/permis-de-louer-le-logement-verrouille-a-grenoble\/\" target=\"_blank\" rel=\"noopener\">permis de louer<\/a> (!) ,\u00a0 ils s&rsquo;appuient sur \u00ab\u00a0les 20 000 demandeurs de logements sociaux\u00a0\u00bb qui ont donc augment\u00e9 depuis qu&rsquo;ils acc\u00e9l\u00e8rent la construction de HLM.\u00a0 \u00a0Oubliant de pr\u00e9ciser que 40 % veulent quitter leur HLM actuel ! Mais , selon les statistiques , aucun parce qu&rsquo;ils sont insatisfaits du quartier ou ils vivent ! De la tartufferie g\u00e9n\u00e9ralis\u00e9e.<\/p>\n<p><strong>RAISONNER \u00e0 L&rsquo;\u00c9CHELLE D&rsquo;UN TERRITOIRE PLUS LARGE<\/strong><\/p>\n<p>Personne ne nie la demande de logement social, mais, comme l&rsquo;a encore expliqu\u00e9 Alain Carignon lors du dernier Conseil M\u00e9tropolitain, cette question doit \u00eatre vue \u00e0 l&rsquo;\u00e9chelle du grand SCOT, c&rsquo;est \u00e0 dire dans une g\u00e9ographie bien plus \u00e9tendue car la cuvette grenobloise ne peut pas et ne doit pas \u00eatre densifi\u00e9e \u00e0 outrance compte tenu de sa situation particuli\u00e8re avec le r\u00e9chauffement climatique.\u00a0<\/p>\n<p><strong>DE 1500 \u00e0 2000 LOGEMENTS HLM DISPONIBLES\u00a0<\/strong><\/p>\n<p><a href=\"https:\/\/grenoble-le-changement.fr\/2025\/03\/08\/familles-a-la-rue-a-grenoble-lirresponsabilite-municipale\/\" target=\"_blank\" rel=\"noopener\">Et quel logement social?<\/a> Actis reconnaissait lors de son dernier Conseil d&rsquo;administration pr\u00e9sid\u00e9 par un \u00e9lu Piolliste, Pierre Bejjaji \u00a0\u00bb \u00a0758 logements vides au 31\/12\/24&Prime; . <a href=\"https:\/\/grenoble-le-changement.fr\/2020\/12\/06\/hlm-bientot-un-logement-sur-deux-refuse\/\" target=\"_blank\" rel=\"noopener\">Combien chez Grenoble Habitat<\/a> pr\u00e9sid\u00e9 par un <a href=\"https:\/\/grenoble-le-changement.fr\/2024\/07\/04\/klauss-habfast-adjoint-au-maire-condamne-pour-favoritisme\/\" target=\"_blank\" rel=\"noopener\">autre adjoint au Maire condamn\u00e9 , Klauss Habfast<\/a> ? Au bas mot entre 1500 et 2000 logements sociaux sont disponibles&#8230;. Sans compter les immeubles ( rue Jay) ou villas ( cours Berriat) vides depuis des ann\u00e9es, appartenant \u00e0 la ville.<\/p>\n<p><strong>GRENOBLE EST DEVENUE LA PREMI\u00c9RE POUR LES ILOTS DE CHALEUR<\/strong><\/p>\n<p>En faisant de Grenoble la premi\u00e8re <a href=\"https:\/\/grenoble-le-changement.fr\/2025\/03\/27\/grenoble-1ere-pour-les-ilots-de-chaleur-cest-pas-ma-faute-piolle\/\" target=\"_blank\" rel=\"noopener\">grande ville de France pour les ilots de chaleur,<\/a> la municipalit\u00e9 n&rsquo;a rien r\u00e9solu de <a href=\"https:\/\/grenoble-le-changement.fr\/2024\/11\/22\/logements-vacants-les-chiffres-qui-confirment-labsurdite-de-la-betonisation\/\" target=\"_blank\" rel=\"noopener\">la probl\u00e9matique du logement<\/a>. On se souvient que la seule a avoir f\u00e9licit\u00e9 Piolle est&#8230; C\u00e9cile Duflot au nom de l&rsquo;ONG Oxfam France dont elle est directrice g\u00e9n\u00e9rale ( DL du 17\/6\/25). Dans un entre soi repr\u00e9sentatif des pires confusions d&rsquo;int\u00e9r\u00eats, l&rsquo;ex dirigeante des Verts, ex-Ministre du logement \u00e9videmment reconvertie \u00e0 la t\u00eate d&rsquo;une ONG &#8211; comme tous- a donc servi la soupe.\u00a0<\/p>\n<p><img decoding=\"async\" data-id=\"58463\" src=\"https:\/\/i0.wp.com\/grenoble-le-changement.fr\/wp-content\/uploads\/2023\/02\/Beton-jardin-crs-LIberation-107-.png?w=678&amp;ssl=1\" alt=\"\" class=\"wp-image-58463 jetpack-lazy-image\" data-recalc-dims=\"1\" data-lazy-src=\"https:\/\/www.europesays.com\/fr\/wp-content\/uploads\/2025\/07\/Beton-jardin-crs-LIberation-107-.png\" \/><\/p>\n<p><a href=\"https:\/\/i0.wp.com\/grenoble-le-changement.fr\/wp-content\/uploads\/2025\/07\/Capture-de\u0301cran-2025-07-27-a\u0300-17.51.37.png?ssl=1\" rel=\"lightbox[83565] noopener\" target=\"_blank\"><img decoding=\"async\" data-id=\"83576\" src=\"https:\/\/i0.wp.com\/grenoble-le-changement.fr\/wp-content\/uploads\/2025\/07\/Capture-de\u0301cran-2025-07-27-a\u0300-17.51.37.png?resize=678%2C898&amp;ssl=1\" alt=\"\" class=\"wp-image-83576 jetpack-lazy-image\" data-recalc-dims=\"1\" data-lazy-src=\"https:\/\/i0.wp.com\/grenoble-le-changement.fr\/wp-content\/uploads\/2025\/07\/Capture-de\u0301cran-2025-07-27-a\u0300-17.51.37.png?resize=678%2C898&amp;is-pending-load=1#038;ssl=1\" \/><\/a><br \/>\nComme partout dans la ville, 95\/117 cours de la Lib\u00e9ration, avant , apr\u00e8s un vaste espace de respiration d\u00e9truit gr\u00e2ce au plan d&rsquo;urbanisme ( PLUI) voulu par les \u00e9lus Rouge\/Verts<\/p>\n<p><strong>L.RUFFIN ( Verts\/LFI) D\u00c9SIGN\u00c9E POUR CONTINUER CETTE POLITIQUE<\/strong><\/p>\n<p>En d\u00e9cidant de s&rsquo;inscrire <a href=\"https:\/\/grenoble-le-changement.fr\/2025\/07\/19\/la-liste-piolle-ruffin-cest-comme-si-on-avait-deja-gagne-%ef%bf%bc\/\" target=\"_blank\" rel=\"noopener\">dans cette continuit\u00e9<\/a> &#8211; elle n&rsquo;a d&rsquo;ailleurs pas le choix-<a href=\"https:\/\/grenoble-le-changement.fr\/2025\/07\/22\/on-sest-inflige-la-lecture-du-blog-de-laurence-ruffin-pour-que-vous-nayez-pas-a-le-faire\/\" target=\"_blank\" rel=\"noopener\"> Laurence Ruffin<\/a> annonce aux Grenoblois que cette politique aux effets d\u00e9sastreux sera implacablement poursuivie. Abimant autant le pass\u00e9 que l&rsquo;avenir. Le dernier Conseil d&rsquo;Administration d&rsquo;Actis ne s&rsquo;inqui\u00e9tait il pas de la <a href=\"https:\/\/grenoble-le-changement.fr\/2025\/07\/15\/hoche-un-acte-antisemite-grave-a-grenoble\/\" target=\"_blank\" rel=\"noopener\">vacance de logements de Hoche<\/a>, autre fois pl\u00e9biscit\u00e9e par les demandeurs de logements, au temps de la municipalit\u00e9 Carignon.<\/p>\n<p><strong>LE FONCIER POUR CONSTRUIRE 5000 HLM N&rsquo;EXISTE PAS<\/strong><\/p>\n<p>Les \u00ab\u00a0\u00e9coquartiers \u00a0\u00bb qui sortent de terre, de la Presqu&rsquo;ile \u00e0 Flaubert avec des taux de HLM qui d\u00e9passent de fait les 50 % ne donnent satisfaction ni aux locataires, ni aux propri\u00e9taires qui voient la valeur de leurs Biens d\u00e9gringoler. Evidemment le foncier pour construire 5000 HLM n&rsquo;existe pas. Le dernier vaste espace en construction est Flaubert, avec 1000 HLM , un nouveau Vigny-Musset pour les acqu\u00e9reurs.\u00a0<\/p>\n<p><strong>LES PROPRI\u00c9TAIRES GRENOBLOIS SONT SPOLI\u00c9S<\/strong><\/p>\n<p>Si on en croit leur propre discours sur les demandeurs de logements sociaux leur politique a donc \u00e9chou\u00e9. <a href=\"https:\/\/grenoble-le-changement.fr\/2025\/04\/10\/logement-la-pauperisation-de-la-ville-saccelere\/\" target=\"_blank\" rel=\"noopener\">Elle a aussi ruin\u00e9 les propri\u00e9taires<\/a> dont la valeur des biens et devenue en moyenne ( 2600\u20ac le m2)\u00a0 la plus faible des grandes villes comparables. Avec le taux de taxe fonci\u00e8re le plus \u00e9lev\u00e9.\u00a0<\/p>\n<p><strong>LE GROUPE d&rsquo;Alain CARIGNON PROPOSE DE SORTIR DE CETTE SPIRALE N\u00c9GATIVE<\/strong><\/p>\n<p>Mars 2026 sera important pour ce secteur essentiel de la promotion sociale. D\u00e9ghetto\u00efser les quartiers, organiser l&rsquo;accession sociale \u00e0 la propri\u00e9t\u00e9 des HLM r\u00e9nov\u00e9s, maitriser la taxe fonci\u00e8re, tirer la ville vers le haut pour que les propri\u00e9taires de la classe moyenne retrouvent leur investissement :le groupe d&rsquo;opposition avec Alain Carignon aligne des mesures permettant de sortir de cette spirale n\u00e9gative dans laquelle les candidats de la majorit\u00e9 Piolle voudraient maintenir le logement et les grenoblois.<\/p>\n","protected":false},"excerpt":{"rendered":"Posted On 29 juillet 2025 En inaugurant un immeuble 100 % HLM rue Condorcet, dans le quartier Championnet,&hellip;\n","protected":false},"author":2,"featured_media":281290,"comment_status":"","ping_status":"","sticky":false,"template":"","format":"standard","meta":{"footnotes":""},"categories":[9566],"tags":[31377,1111,11,9601,2430,32316,9607,1777,674,1011,27,2731,42086,10135,10136,10613,12,24294,32541,28267,25],"class_list":{"0":"post-281289","1":"post","2":"type-post","3":"status-publish","4":"format-standard","5":"has-post-thumbnail","7":"category-grenoble","8":"tag-actis","9":"tag-actu","10":"tag-actualites","11":"tag-alain-carignon","12":"tag-auvergne-rhone-alpes","13":"tag-cecile-duflot","14":"tag-eric-piolle","15":"tag-eu","16":"tag-europe","17":"tag-fr","18":"tag-france","19":"tag-grenoble","20":"tag-grenoble-habitat","21":"tag-klauss-habfsat","22":"tag-laurence-ruffin","23":"tag-margot-belair","24":"tag-news","25":"tag-nicolas-beron-perez","26":"tag-oxfam","27":"tag-pierre-kermen","28":"tag-republique-francaise"},"share_on_mastodon":{"url":"https:\/\/pubeurope.com\/@fr\/114935106609809302","error":""},"_links":{"self":[{"href":"https:\/\/www.europesays.com\/fr\/wp-json\/wp\/v2\/posts\/281289","targetHints":{"allow":["GET"]}}],"collection":[{"href":"https:\/\/www.europesays.com\/fr\/wp-json\/wp\/v2\/posts"}],"about":[{"href":"https:\/\/www.europesays.com\/fr\/wp-json\/wp\/v2\/types\/post"}],"author":[{"embeddable":true,"href":"https:\/\/www.europesays.com\/fr\/wp-json\/wp\/v2\/users\/2"}],"replies":[{"embeddable":true,"href":"https:\/\/www.europesays.com\/fr\/wp-json\/wp\/v2\/comments?post=281289"}],"version-history":[{"count":0,"href":"https:\/\/www.europesays.com\/fr\/wp-json\/wp\/v2\/posts\/281289\/revisions"}],"wp:featuredmedia":[{"embeddable":true,"href":"https:\/\/www.europesays.com\/fr\/wp-json\/wp\/v2\/media\/281290"}],"wp:attachment":[{"href":"https:\/\/www.europesays.com\/fr\/wp-json\/wp\/v2\/media?parent=281289"}],"wp:term":[{"taxonomy":"category","embeddable":true,"href":"https:\/\/www.europesays.com\/fr\/wp-json\/wp\/v2\/categories?post=281289"},{"taxonomy":"post_tag","embeddable":true,"href":"https:\/\/www.europesays.com\/fr\/wp-json\/wp\/v2\/tags?post=281289"}],"curies":[{"name":"wp","href":"https:\/\/api.w.org\/{rel}","templated":true}]}}