{"id":281293,"date":"2025-07-29T06:30:22","date_gmt":"2025-07-29T06:30:22","guid":{"rendered":"https:\/\/www.europesays.com\/fr\/281293\/"},"modified":"2025-07-29T06:30:22","modified_gmt":"2025-07-29T06:30:22","slug":"a-rennes-un-incendie-se-declare-dans-un-immeuble-10-habitants-evacues","status":"publish","type":"post","link":"https:\/\/www.europesays.com\/fr\/281293\/","title":{"rendered":"\u00e0 Rennes, un incendie se d\u00e9clare dans un immeuble, 10 habitants \u00e9vacu\u00e9s"},"content":{"rendered":"<p>            Par<br \/>\n        <strong><br \/>\n            <a href=\"https:\/\/actu.fr\/auteur\/brian-legoff\" title=\"Consulter tous les articles de Brian Le Goff\" rel=\"nofollow noopener\" target=\"_blank\">Brian Le Goff<\/a><br \/>\n        <\/strong><\/p>\n<p>        Publi\u00e9 le<\/p>\n<p>            28 juil. 2025 \u00e0 16h11        <\/p>\n<p>Le feu s\u2019est d\u00e9clar\u00e9 en d\u00e9but d\u2019apr\u00e8s-midi,<strong> lundi 28\u00a0juillet. Vers 13h30,<\/strong> les <a href=\"https:\/\/actu.fr\/tag\/pompiers\" rel=\"nofollow noopener\" target=\"_blank\">pompiers<\/a> ont \u00e9t\u00e9 alert\u00e9s qu\u2019un <a href=\"https:\/\/actu.fr\/tag\/incendie\" rel=\"nofollow noopener\" target=\"_blank\">incendie<\/a> \u00e9tait en cours dans un b\u00e2timent situ\u00e9 au<strong> 12, square du 8\u00a0mai 1945, <\/strong>dans le quartier des Gayeulles, au nord de la capitale bretonne, indique \u00e0 <a href=\"https:\/\/actu.fr\/rennes\/\" rel=\"nofollow noopener\" target=\"_blank\">actu Rennes<\/a>, le Codis (centre op\u00e9rationnel d\u00e9partemental d\u2019incendie et de secours), confirmant <a href=\"https:\/\/www.ouest-france.fr\/bretagne\/rennes-35000\/la-toiture-dun-immeuble-ravagee-par-les-flammes-dans-ce-quartier-de-rennes-26d23b42-6bae-11f0-b16b-d94f68dc0538\" rel=\"nofollow noopener\" target=\"_blank\">Ouest-France<\/a>.<\/p>\n<p>10\u00a0personnes \u00e9vacu\u00e9es, trois autres prises en charge<\/p>\n<p class=\" wall-content\">Il s\u2019agit d\u2019un <strong>immeuble de deux \u00e9tages avec des combles non am\u00e9nag\u00e9s,<\/strong> d\u2019o\u00f9 est parti l\u2019incendie, qui a notamment touch\u00e9 un appartement. Vingt-huit soldats du feu ont \u00e9t\u00e9 mobilis\u00e9s au plus fort de l\u2019incendie.<\/p>\n<p class=\" wall-content\">Dix personnes ont \u00e9t\u00e9 \u00e9vacu\u00e9es.<strong> La r\u00e9sidente <\/strong>de l\u2019appartement le plus touch\u00e9, ainsi que<strong> ses deux enfants <\/strong>\u2013 qui n\u2019\u00e9taient pas sur place au d\u00e9but de l\u2019intervention \u2013 ont \u00e9t\u00e9 pris en charge par les secours, <strong>\u00ab\u2009un peu choqu\u00e9s<\/strong> de voir l\u2019incendie chez eux\u2009\u00bb, pr\u00e9cise le Codis.<\/p>\n<blockquote class=\"ac-article-quote wall-content\">\n<p>C&rsquo;est une intervention complexe, car il s&rsquo;agit d&rsquo;un toit en zinc sous lequel le feu peut continuer de couver.<\/p>\n<p>    <strong>Codis<\/strong>\n            <\/p><\/blockquote>\n<p class=\" wall-content\">Les pompiers doivent donc<strong> retirer toutes les plaques de zinc<\/strong> afin d\u2019\u00e9viter que tout nouveau d\u00e9part de feu ait lieu.<\/p>\n<p class=\" wall-content\">Suivez toute l\u2019actualit\u00e9 de vos villes et m\u00e9dias favoris en vous inscrivant \u00e0 <a href=\"https:\/\/moncompte.actu.fr\" title=\"D\u00e9couvez Mon Actu\" rel=\"nofollow noopener\" data-trk=\"{&quot;cta&quot;:{&quot;action&quot;:&quot;https:\\\/\\\/moncompte.actu.fr&quot;,&quot;category&quot;:&quot;mon compte&quot;,&quot;from&quot;:&quot;article footer&quot;,&quot;name&quot;:&quot;Mon actu&quot;,&quot;type&quot;:&quot;cta&quot;}}\" target=\"_blank\">Mon Actu<\/a>.<\/p>\n","protected":false},"excerpt":{"rendered":"Par Brian Le Goff Publi\u00e9 le 28 juil. 2025 \u00e0 16h11 Le feu s\u2019est d\u00e9clar\u00e9 en d\u00e9but d\u2019apr\u00e8s-midi,&hellip;\n","protected":false},"author":2,"featured_media":281294,"comment_status":"","ping_status":"","sticky":false,"template":"","format":"standard","meta":{"footnotes":""},"categories":[2821],"tags":[1111,11,829,1777,674,118,1011,27,1310,12,1311,584,25],"class_list":{"0":"post-281293","1":"post","2":"type-post","3":"status-publish","4":"format-standard","5":"has-post-thumbnail","7":"category-rennes","8":"tag-actu","9":"tag-actualites","10":"tag-bretagne","11":"tag-eu","12":"tag-europe","13":"tag-faits-divers","14":"tag-fr","15":"tag-france","16":"tag-incendie","17":"tag-news","18":"tag-pompiers","19":"tag-rennes","20":"tag-republique-francaise"},"share_on_mastodon":{"url":"https:\/\/pubeurope.com\/@fr\/114935118297413750","error":""},"_links":{"self":[{"href":"https:\/\/www.europesays.com\/fr\/wp-json\/wp\/v2\/posts\/281293","targetHints":{"allow":["GET"]}}],"collection":[{"href":"https:\/\/www.europesays.com\/fr\/wp-json\/wp\/v2\/posts"}],"about":[{"href":"https:\/\/www.europesays.com\/fr\/wp-json\/wp\/v2\/types\/post"}],"author":[{"embeddable":true,"href":"https:\/\/www.europesays.com\/fr\/wp-json\/wp\/v2\/users\/2"}],"replies":[{"embeddable":true,"href":"https:\/\/www.europesays.com\/fr\/wp-json\/wp\/v2\/comments?post=281293"}],"version-history":[{"count":0,"href":"https:\/\/www.europesays.com\/fr\/wp-json\/wp\/v2\/posts\/281293\/revisions"}],"wp:featuredmedia":[{"embeddable":true,"href":"https:\/\/www.europesays.com\/fr\/wp-json\/wp\/v2\/media\/281294"}],"wp:attachment":[{"href":"https:\/\/www.europesays.com\/fr\/wp-json\/wp\/v2\/media?parent=281293"}],"wp:term":[{"taxonomy":"category","embeddable":true,"href":"https:\/\/www.europesays.com\/fr\/wp-json\/wp\/v2\/categories?post=281293"},{"taxonomy":"post_tag","embeddable":true,"href":"https:\/\/www.europesays.com\/fr\/wp-json\/wp\/v2\/tags?post=281293"}],"curies":[{"name":"wp","href":"https:\/\/api.w.org\/{rel}","templated":true}]}}