{"id":281299,"date":"2025-07-29T06:33:10","date_gmt":"2025-07-29T06:33:10","guid":{"rendered":"https:\/\/www.europesays.com\/fr\/281299\/"},"modified":"2025-07-29T06:33:10","modified_gmt":"2025-07-29T06:33:10","slug":"stop-a-la-multiplication-des-antennes-le-maire-de-la-gaude-prend-un-arrete-pour-endiguer-le-phenomene","status":"publish","type":"post","link":"https:\/\/www.europesays.com\/fr\/281299\/","title":{"rendered":"\u00ab\u00a0Stop \u00e0 la multiplication des antennes\u00a0\u00bb: le maire de La Gaude prend un arr\u00eat\u00e9 pour endiguer le ph\u00e9nom\u00e8ne"},"content":{"rendered":"<p>\u00ab\u00a0Je ne veux plus subir le diktat des op\u00e9rateurs, l\u00e2che le maire de La Gaude, Bruno Bettati. On ne part pas en guerre contre eux, mais on exige qu\u2019ils mutualisent leurs infrastructures. Stop \u00e0 la multiplication des antennes.\u00a0\u00bb<\/p>\n<p>Le 7 juillet en conseil municipal le maire a pris une d\u00e9lib\u00e9ration sur l\u2019implantation des antennes-relais: \u00ab\u00a0Nous assistons depuis quelques ann\u00e9es, un peu partout sur le territoire national, \u00e0 la prolif\u00e9ration d&rsquo;antennes-relais, sites et pyl\u00f4nes. (\u2026) L\u2019absence de cadre juridique contraignant pour les op\u00e9rateurs et la libert\u00e9 contractuelle permettant aux propri\u00e9taires priv\u00e9s d\u2019accueillir une antenne-relais sur leur terrain constituent des freins pour les maires. (\u2026) <\/p>\n<p>\u00ab\u00a0Dans l\u2019hypoth\u00e8se o\u00f9 l\u2019impossibilit\u00e9 de mutualisation ne serait pas d\u00e9montr\u00e9e par l\u2019op\u00e9rateur, le maire s\u2019opposera syst\u00e9matiquement \u00e0 toute autorisation d\u2019urbanisme d\u2019implantation d\u2019antennes-relais, poursuit-il. Il intentera les actions en justice n\u00e9cessaires \u00e0 l\u2019encontre des propri\u00e9taires priv\u00e9s ayant autoris\u00e9 cette installation, en raison des troubles \u00e0 l\u2019ordre public que cette derni\u00e8re pourrait g\u00e9n\u00e9rer.\u00a0\u00bb<\/p>\n<p><strong>\u00ab\u00a0Contre r\u00e9mun\u00e9ration, des propri\u00e9taires peu scrupuleux mettent leur jardin \u00e0 disposition\u00a0\u00bb<\/strong><\/p>\n<p>La Gaude compte 16 pyl\u00f4nes pour la t\u00e9l\u00e9phonie, mais seulement un est mutualis\u00e9 par les quatre op\u00e9rateurs de t\u00e9l\u00e9phonie mobile (Orange, SFR, Bouygues Telecom et Free).<\/p>\n<p>Les pyl\u00f4nes appartiennent \u00e0 des Towercos (1) \u2013 des entreprises qui poss\u00e8dent des tours de t\u00e9l\u00e9communication et qui les louent \u00e0 des clients comme les op\u00e9rateurs de t\u00e9l\u00e9phonie.<\/p>\n<p>Quatre autres pyl\u00f4nes pourraient bient\u00f4t sortir de terre. Parmi eux, un pyl\u00f4ne (2) devrait \u00eatre construit prochainement, deux projets (3) font l\u2019objet d\u2019un recours gracieux et un dossier (4) est actuellement attaqu\u00e9 au tribunal administratif.<\/p>\n<p>\u00ab\u00a0Contre r\u00e9mun\u00e9ration, des propri\u00e9taires peu scrupuleux mettent leur jardin \u00e0 disposition des op\u00e9rateurs pour une dizaine d\u2019ann\u00e9es afin d\u2019installer des pyl\u00f4nes porteurs d\u2019antennes. Ils peuvent atteindre plusieurs dizaines de m\u00e8tres de haut, au m\u00e9pris total du voisinage\u00a0\u00bb. (\u2026) Ces structures ont un impact sanitaire et environnemental. Mais \u00e9galement un impact \u00e9conomique, car les biens peuvent perdre de 10 \u00e0 30% de leur valeur\u00a0\u00bb, s\u2019indigne Linda Vestri qui milite contre l\u2019installation d\u2019une antenne Bouygues Telecom \u00e0 proximit\u00e9 de sa maison.<\/p>\n<p>\u00ab\u00a0On ira devant les tribunaux chaque fois que ce sera n\u00e9cessaire, pr\u00e9vient Bruno Bettati qui compte bien appliquer sa d\u00e9lib\u00e9ration. Si on gagne, \u00e7a fera r\u00e9fl\u00e9chir tout le monde. Et si on perd, on enverra la facture aux d\u00e9put\u00e9s. Car le S\u00e9nat est favorable pour r\u00e9former tout \u00e7a, c\u2019est \u00e0 l\u2019Assembl\u00e9e nationale que \u00e7a bloque.\u00a0\u00bb<\/p>\n<p>1. En France, il existe cinq Towercos regroup\u00e9es dans l\u2019OFITEM, association fran\u00e7aise des op\u00e9rateurs d\u2019infrastructures de t\u00e9l\u00e9phonie mobile: Totem, filiale d\u2019Orange; Towerco TDF, filiale de TDF; Cellnex, groupe espagnol; Ph\u0153nix France Infrastructure, joint-venture entre Ph\u0153nix Tower International et Bouygues Telecom; ATC France, filiale d\u2019American Tower Corporation. Il y a un nouvel entrant sur le march\u00e9 des Towercos: Valoc\u00eeme, groupe fran\u00e7ais. Deux Towercos ont \u00e9t\u00e9 rachet\u00e9es par un autre op\u00e9rateur: On Tower France, filiale d\u2019Iliad (Free) revendue \u00e0 Cellnex; Hivory, filiale d\u2019Altice (SFR) revendue \u00e0 Cellnex.<\/p>\n<p>2. Antenne Free au 404 chemin du Mont-Gros.<\/p>\n<p>3. Antenne Free au 1.357 chemin Hugues-Berenguier; antenne Bouygues au 270 chemin des Sabli\u00e8res.<\/p>\n<p>4. Antenne Free au Vieux chemin de Cagnes.<\/p>\n","protected":false},"excerpt":{"rendered":"\u00ab\u00a0Je ne veux plus subir le diktat des op\u00e9rateurs, l\u00e2che le maire de La Gaude, Bruno Bettati. On&hellip;\n","protected":false},"author":2,"featured_media":281300,"comment_status":"","ping_status":"","sticky":false,"template":"","format":"standard","meta":{"footnotes":""},"categories":[2819],"tags":[1111,11,1777,674,1011,27,12,2401,882,25,717,1352],"class_list":{"0":"post-281299","1":"post","2":"type-post","3":"status-publish","4":"format-standard","5":"has-post-thumbnail","7":"category-nice","8":"tag-actu","9":"tag-actualites","10":"tag-eu","11":"tag-europe","12":"tag-fr","13":"tag-france","14":"tag-news","15":"tag-nice","16":"tag-provence-alpes-cote-dazur","17":"tag-republique-francaise","18":"tag-technologie","19":"tag-urbanisme"},"share_on_mastodon":{"url":"https:\/\/pubeurope.com\/@fr\/114935129923748299","error":""},"_links":{"self":[{"href":"https:\/\/www.europesays.com\/fr\/wp-json\/wp\/v2\/posts\/281299","targetHints":{"allow":["GET"]}}],"collection":[{"href":"https:\/\/www.europesays.com\/fr\/wp-json\/wp\/v2\/posts"}],"about":[{"href":"https:\/\/www.europesays.com\/fr\/wp-json\/wp\/v2\/types\/post"}],"author":[{"embeddable":true,"href":"https:\/\/www.europesays.com\/fr\/wp-json\/wp\/v2\/users\/2"}],"replies":[{"embeddable":true,"href":"https:\/\/www.europesays.com\/fr\/wp-json\/wp\/v2\/comments?post=281299"}],"version-history":[{"count":0,"href":"https:\/\/www.europesays.com\/fr\/wp-json\/wp\/v2\/posts\/281299\/revisions"}],"wp:featuredmedia":[{"embeddable":true,"href":"https:\/\/www.europesays.com\/fr\/wp-json\/wp\/v2\/media\/281300"}],"wp:attachment":[{"href":"https:\/\/www.europesays.com\/fr\/wp-json\/wp\/v2\/media?parent=281299"}],"wp:term":[{"taxonomy":"category","embeddable":true,"href":"https:\/\/www.europesays.com\/fr\/wp-json\/wp\/v2\/categories?post=281299"},{"taxonomy":"post_tag","embeddable":true,"href":"https:\/\/www.europesays.com\/fr\/wp-json\/wp\/v2\/tags?post=281299"}],"curies":[{"name":"wp","href":"https:\/\/api.w.org\/{rel}","templated":true}]}}