{"id":281315,"date":"2025-07-29T06:41:09","date_gmt":"2025-07-29T06:41:09","guid":{"rendered":"https:\/\/www.europesays.com\/fr\/281315\/"},"modified":"2025-07-29T06:41:09","modified_gmt":"2025-07-29T06:41:09","slug":"promenades-en-caleche-spectacles-la-fete-du-cheval-cest-ce-dimanche-a-villeneuve-dascq","status":"publish","type":"post","link":"https:\/\/www.europesays.com\/fr\/281315\/","title":{"rendered":"Promenades en cal\u00e8che, spectacles&#8230; La f\u00eate du cheval, c&rsquo;est ce dimanche \u00e0 Villeneuve-d&rsquo;Ascq"},"content":{"rendered":"<p>            Par<br \/>\n        <strong><br \/>\n            <a href=\"https:\/\/actu.fr\/auteur\/hervine-mahaud\" title=\"Consulter tous les articles de Hervine Mahaud\" rel=\"nofollow noopener\" target=\"_blank\">Hervine Mahaud<\/a><br \/>\n        <\/strong><\/p>\n<p>        Publi\u00e9 le<\/p>\n<p>            29 juil. 2025 \u00e0 8h00        <\/p>\n<p>Avis aux cavaliers en herbe\u2009! <b>Le dimanche 3\u00a0ao\u00fbt 2025<\/b>, le <b>mus\u00e9e de Plein Air de Villeneuve d\u2019Ascq<\/b> vous invite \u00e0 vivre une journ\u00e9e\u2026 au triple galop\u2009! Entre <b>promenades en cal\u00e8che<\/b>, <b>d\u00e9monstrations spectaculaires<\/b>, <b>ateliers pour petits et grands<\/b> et ambiance d\u2019antan, cette <b>f\u00eate du cheval<\/b> s\u2019annonce riche en \u00e9motions et en d\u00e9couvertes pour toute la famille.<\/p>\n<p>Une belle programmation autour du cheval<\/p>\n<p class=\" wall-content\">D\u00e8s 10h, le ton est donn\u00e9\u2009: <b>deux cal\u00e8ches attendront les visiteurs pour une balade bucolique et comment\u00e9e par un villageois du XIXe\u00a0si\u00e8cle<\/b>, pr\u00eat \u00e0 vous plonger dans l\u2019univers rural de nos campagnes. Vous pr\u00e9f\u00e9rez les sensations ludiques\u2009? Direction les <b>courses de chevaux b\u00e2tons<\/b> ou le <b>concours de lancer de fer \u00e0 cheval<\/b>, organis\u00e9s entre 11h et 12h puis de 14h \u00e0 18h.<\/p>\n<p class=\" wall-content\">Les passionn\u00e9s d\u2019artisanat auront les yeux grands ouverts lors des <b>d\u00e9monstrations de mar\u00e9chalerie<\/b> et de <b>bourrellerie<\/b> propos\u00e9es par Gabriel Tassart, bourrelier du mus\u00e9e. Le clou du spectacle\u2009? Des <b>shows \u00e9questres de chevaux boulonnais<\/b>, majestueux et puissants, qui d\u00e9fileront pour le plaisir des petits et des grands.<\/p>\n<p class=\" wall-content\">L\u2019apr\u00e8s-midi promet \u00e9galement son lot d\u2019activit\u00e9s manuelles avec des <b>ateliers familiaux de sculpture sur le th\u00e8me du cheval<\/b>, entre 15h et 18h. De quoi repartir avec une cr\u00e9ation maison\u2009!<\/p>\n<p class=\" wall-content\">Le mus\u00e9e vivra \u00e0 l\u2019heure de la ruralit\u00e9, avec \u00e0 15h une <b>visite guid\u00e9e men\u00e9e par un villageois en costume d\u2019\u00e9poque<\/b>, et des <b>rencontres avec les animaux de la ferme<\/b> \u00e0 11h et 18h. Autre temps fort\u2009: <b>l\u2019\u00e9cole d\u2019antan<\/b>, \u00e0 14h et 16h pour les plus de 8\u00a0ans, et \u00e0 14h30 et 16h30 pour les plus jeunes, dans une reconstitution fid\u00e8le d\u2019une salle de classe du XIXe\u00a0si\u00e8cle. \u00c0 vos plumes et encriers\u2009!<\/p>\n<p>Infos pratiques : F\u00eate du cheval, dimanche 3 ao\u00fbt 2025, de 10h \u00e0 19h. Au Mus\u00e9e de Plein Air, 143 rue Colbert \u00e0 Villeneuve-d\u2019Ascq, <b>Tarifs<\/b> : 5\u20ac plein \/ 3\u20ac r\u00e9duit \/ 15\u20ac pour une famille. Plus d\u2019infos <a href=\"https:\/\/enm.lillemetropole.fr\/evenements\/la-fete-du-cheval-3634527\" rel=\"nofollow noopener\" target=\"_blank\">en cliquant ici<\/a>.<\/p>\n<p class=\" wall-content\">Suivez toute l\u2019actualit\u00e9 de vos villes et m\u00e9dias favoris en vous inscrivant \u00e0 <a href=\"https:\/\/moncompte.actu.fr\" title=\"D\u00e9couvez Mon Actu\" rel=\"nofollow noopener\" data-trk=\"{&quot;cta&quot;:{&quot;action&quot;:&quot;https:\\\/\\\/moncompte.actu.fr&quot;,&quot;category&quot;:&quot;mon compte&quot;,&quot;from&quot;:&quot;article footer&quot;,&quot;name&quot;:&quot;Mon actu&quot;,&quot;type&quot;:&quot;cta&quot;}}\" target=\"_blank\">Mon Actu<\/a>.<\/p>\n","protected":false},"excerpt":{"rendered":"Par Hervine Mahaud Publi\u00e9 le 29 juil. 2025 \u00e0 8h00 Avis aux cavaliers en herbe\u2009! Le dimanche 3\u00a0ao\u00fbt&hellip;\n","protected":false},"author":2,"featured_media":281316,"comment_status":"","ping_status":"","sticky":false,"template":"","format":"standard","meta":{"footnotes":""},"categories":[2815],"tags":[1111,11,1063,1777,674,652,1011,27,811,1307,1652,12,25],"class_list":{"0":"post-281315","1":"post","2":"type-post","3":"status-publish","4":"format-standard","5":"has-post-thumbnail","7":"category-lille","8":"tag-actu","9":"tag-actualites","10":"tag-animations","11":"tag-eu","12":"tag-europe","13":"tag-famille","14":"tag-fr","15":"tag-france","16":"tag-hauts-de-france","17":"tag-lille","18":"tag-loisirs-culture","19":"tag-news","20":"tag-republique-francaise"},"share_on_mastodon":{"url":"https:\/\/pubeurope.com\/@fr\/114935161399872363","error":""},"_links":{"self":[{"href":"https:\/\/www.europesays.com\/fr\/wp-json\/wp\/v2\/posts\/281315","targetHints":{"allow":["GET"]}}],"collection":[{"href":"https:\/\/www.europesays.com\/fr\/wp-json\/wp\/v2\/posts"}],"about":[{"href":"https:\/\/www.europesays.com\/fr\/wp-json\/wp\/v2\/types\/post"}],"author":[{"embeddable":true,"href":"https:\/\/www.europesays.com\/fr\/wp-json\/wp\/v2\/users\/2"}],"replies":[{"embeddable":true,"href":"https:\/\/www.europesays.com\/fr\/wp-json\/wp\/v2\/comments?post=281315"}],"version-history":[{"count":0,"href":"https:\/\/www.europesays.com\/fr\/wp-json\/wp\/v2\/posts\/281315\/revisions"}],"wp:featuredmedia":[{"embeddable":true,"href":"https:\/\/www.europesays.com\/fr\/wp-json\/wp\/v2\/media\/281316"}],"wp:attachment":[{"href":"https:\/\/www.europesays.com\/fr\/wp-json\/wp\/v2\/media?parent=281315"}],"wp:term":[{"taxonomy":"category","embeddable":true,"href":"https:\/\/www.europesays.com\/fr\/wp-json\/wp\/v2\/categories?post=281315"},{"taxonomy":"post_tag","embeddable":true,"href":"https:\/\/www.europesays.com\/fr\/wp-json\/wp\/v2\/tags?post=281315"}],"curies":[{"name":"wp","href":"https:\/\/api.w.org\/{rel}","templated":true}]}}