{"id":281319,"date":"2025-07-29T06:43:09","date_gmt":"2025-07-29T06:43:09","guid":{"rendered":"https:\/\/www.europesays.com\/fr\/281319\/"},"modified":"2025-07-29T06:43:09","modified_gmt":"2025-07-29T06:43:09","slug":"karim-bensouna-lautre-crime-mysterieux-des-quartiers-sud-de-marseille","status":"publish","type":"post","link":"https:\/\/www.europesays.com\/fr\/281319\/","title":{"rendered":"Karim Bensouna, l&rsquo;autre crime myst\u00e9rieux des quartiers Sud de Marseille"},"content":{"rendered":"<p>Cinq ans d\u2019enqu\u00eate, quatre juges d\u2019instruction et au bout, rien\u00a0: le non-lieu. \u00ab\u00a0Toutes les pistes ont \u00e9t\u00e9 ouvertes, puis ferm\u00e9es.\u00a0\u00bb En\u00a02009, la justice classait le <a href=\"https:\/\/www.laprovence.com\/article\/region\/1798005754778616\/marseille-karim-bensouna-le-meurtre-oublie-du-quartier-du-cabot\" target=\"_blank\" rel=\"noopener\">meurtre de Karim Bensouna<\/a>, tu\u00e9 le 28\u00a0f\u00e9vrier\u00a02004 de 28\u00a0coups de couteau &#8211; dont certains avaient transperc\u00e9 sa bo\u00eete cr\u00e2nienne\u00a0&#8211; sur le chemin du Val des Bois (9e), \u00e0 <a href=\"https:\/\/www.laprovence.com\/bouches-du-rhone\/marseille-13055\" target=\"_blank\" rel=\"noopener\">Marseille<\/a>.<\/p>\n<p><a href=\"https:\/\/www.laprovence.com\/article\/faits-divers-justice\/1182565960357415\/vingt-ans-apres-le-meurtre-de-karim-bensouna-la-justice-reprend-l-enquete\" target=\"_blank\" rel=\"noopener\">Ce soir-l\u00e0, le jeune homme de 24\u00a0ans, d\u00e9ficient l\u00e9ger<\/a>, grand sportif sans histoire, faisait le trajet entre le domicile de sa m\u00e8re et celui de son p\u00e8re, s\u00e9par\u00e9s depuis peu. La violence de l\u2019attaque fait alors dire aux enqu\u00eateurs qu\u2019il ne \u00ab\u00a0s\u2019agit pas d\u2019un crime opportuniste, l\u2019auteur connaissait la victime\u00a0\u00bb. Son nom, pourtant, demeure \u00e0 ce jour inconnu.<\/p>\n<p>\u00ab\u00a0Le temps ne tue pas la m\u00e9moire. \u00c0 celui qui a tu\u00e9 mon gar\u00e7on, \u00e0 celui qui sait, je voulais dire ainsi que quelqu\u2019un, un p\u00e8re, cherchait encore.\u00a0\u00bb Ces mots, Omar Bensouna, ancien cadre de sant\u00e9 \u00e0 l\u2019AP-HM, les avait publi\u00e9s un jour dans les petites annonces de La Provence, entre les avis de d\u00e9c\u00e8s et les messes du souvenir. Aussi douloureux que t\u00eatus, il les avait \u00e9crits pour braver le temps, affirmer que lui, au moins, n\u2019oublierait pas son fils.<\/p>\n","protected":false},"excerpt":{"rendered":"Cinq ans d\u2019enqu\u00eate, quatre juges d\u2019instruction et au bout, rien\u00a0: le non-lieu. \u00ab\u00a0Toutes les pistes ont \u00e9t\u00e9 ouvertes,&hellip;\n","protected":false},"author":2,"featured_media":281320,"comment_status":"","ping_status":"","sticky":false,"template":"","format":"standard","meta":{"footnotes":""},"categories":[2814],"tags":[17,1111,11,42087,271,154,1777,674,274,1011,27,32431,6014,884,18201,12,882,5116,25],"class_list":{"0":"post-281319","1":"post","2":"type-post","3":"status-publish","4":"format-standard","5":"has-post-thumbnail","7":"category-marseille","8":"tag-17","9":"tag-actu","10":"tag-actualites","11":"tag-bensouna","12":"tag-crime","13":"tag-des","14":"tag-eu","15":"tag-europe","16":"tag-faits-divers-justice","17":"tag-fr","18":"tag-france","19":"tag-karim","20":"tag-lautre","21":"tag-marseille","22":"tag-mysterieux","23":"tag-news","24":"tag-provence-alpes-cote-dazur","25":"tag-quartiers","26":"tag-republique-francaise"},"share_on_mastodon":{"url":"https:\/\/pubeurope.com\/@fr\/114935169273869143","error":""},"_links":{"self":[{"href":"https:\/\/www.europesays.com\/fr\/wp-json\/wp\/v2\/posts\/281319","targetHints":{"allow":["GET"]}}],"collection":[{"href":"https:\/\/www.europesays.com\/fr\/wp-json\/wp\/v2\/posts"}],"about":[{"href":"https:\/\/www.europesays.com\/fr\/wp-json\/wp\/v2\/types\/post"}],"author":[{"embeddable":true,"href":"https:\/\/www.europesays.com\/fr\/wp-json\/wp\/v2\/users\/2"}],"replies":[{"embeddable":true,"href":"https:\/\/www.europesays.com\/fr\/wp-json\/wp\/v2\/comments?post=281319"}],"version-history":[{"count":0,"href":"https:\/\/www.europesays.com\/fr\/wp-json\/wp\/v2\/posts\/281319\/revisions"}],"wp:featuredmedia":[{"embeddable":true,"href":"https:\/\/www.europesays.com\/fr\/wp-json\/wp\/v2\/media\/281320"}],"wp:attachment":[{"href":"https:\/\/www.europesays.com\/fr\/wp-json\/wp\/v2\/media?parent=281319"}],"wp:term":[{"taxonomy":"category","embeddable":true,"href":"https:\/\/www.europesays.com\/fr\/wp-json\/wp\/v2\/categories?post=281319"},{"taxonomy":"post_tag","embeddable":true,"href":"https:\/\/www.europesays.com\/fr\/wp-json\/wp\/v2\/tags?post=281319"}],"curies":[{"name":"wp","href":"https:\/\/api.w.org\/{rel}","templated":true}]}}