{"id":28132,"date":"2025-04-16T02:00:24","date_gmt":"2025-04-16T02:00:24","guid":{"rendered":"https:\/\/www.europesays.com\/fr\/28132\/"},"modified":"2025-04-16T02:00:24","modified_gmt":"2025-04-16T02:00:24","slug":"caroline-margeridon-tres-etonnee-de-retrouver-un-ami-pas-du-tout-dans-le-milieu-comme-candidat-daffaire-conclue","status":"publish","type":"post","link":"https:\/\/www.europesays.com\/fr\/28132\/","title":{"rendered":"Caroline Margeridon tr\u00e8s \u00e9tonn\u00e9e de retrouver un ami \u00ab\u00a0pas du tout\u00a0\u00bb dans le milieu comme candidat d&rsquo;Affaire conclue"},"content":{"rendered":"<p>Ce mardi 15 avril, Caroline Margeridon \u00e9tait tr\u00e8s \u00e9tonn\u00e9e de retrouver un de ses amis, pas du tout dans le milieu, comme candidat dans l&rsquo;\u00e9mission Affaire Conclue.<\/p>\n<p>Des retrouvailles inattendues. Ce mardi 15 avril, deux num\u00e9ros in\u00e9dits d&rsquo;Affaire conclue \u00e9taient propos\u00e9s aux fans du programme t\u00e9l\u00e9-chat <a href=\"https:\/\/www.programme-tv.net\/\/news\/tv\/375531-on-s-en-fiche-non-julia-vignali-reprend-une-commissaire-priseur-dans-affaire-conclue-apres-avoir-decele-un-defaut-sur-un-objet\/\" target=\"_blank\" rel=\"noopener\">vintage<\/a> de France 2. En fin de seconde \u00e9mission, Julia Vignali et la commissaire priseur Violette ont accueilli \u00c9ric afin d&rsquo;expertiser le bien qu&rsquo;il souhaitait vendre : un petit bonheur du jour qui appartenait \u00e0 son arri\u00e8re-grand-m\u00e8re puis \u00e0 sa maman, d\u00e9c\u00e9d\u00e9e en juillet dernier, comme il l&rsquo;a expliqu\u00e9 en salle des ventes face \u00e0&#8230; l&rsquo;une de ses proches !<\/p>\n<p>Affaire conclue : Caroline Margeridon surprise de voir l&rsquo;un de ses plus anciens amis dans l&rsquo;\u00e9mission<\/p>\n<p>L&rsquo;objet au style napol\u00e9onien \u00e9tant estim\u00e9 \u00e0 100 euros, \u00c9ric a donc obtenu son ticket pour l&rsquo;\u00e9tape sup\u00e9rieure, \u00e0 savoir la vente aux ench\u00e8res de son meuble d&rsquo;\u00e9poque. Mais en arrivant dans la salle o\u00f9 l&rsquo;attendaient les acheteurs, Caroline Margeridon s&rsquo;est charg\u00e9e de faire les pr\u00e9sentations \u00e0 la place du vendeur&#8230; Et pour cause ! \u00ab\u00a0<b>Mes amis acheteurs, je vous pr\u00e9sente \u00c9ric que je connais depuis plus de trente ans ! <\/b>Tu ne m&rsquo;as pas dit que tu venais l\u00e0. Bon, on va quand m\u00eame se vouvoyer parce que c&rsquo;est comme \u00e7a dans cette \u00e9mission\u00a0\u00bb, a d\u00e9clar\u00e9 avec entrain <a href=\"https:\/\/www.programme-tv.net\/\/news\/tv\/335449-caroline-margeridon-cet-objet-achete-dans-affaire-conclue-qui-scelle-son-amitie-avec-sophie-davant\/\" target=\"_blank\" rel=\"noopener\">l&rsquo;antiquaire embl\u00e9matique<\/a>. Originaire du Val-d&rsquo;Oise, \u00c9ric vit \u00e0 Enghien-les-Bains et n&rsquo;est pas marchand, contrairement \u00e0 <a href=\"https:\/\/www.programme-tv.net\/\/news\/tv\/361006-caroline-margeridon-console-une-vendeuse-en-larmes-dans-affaire-conclue-video\/\" target=\"_blank\" rel=\"noopener\">la brocanteuse de 58 ans<\/a>. \u00ab\u00a0Pas du tout ! \u00c9ric travaille dans un grand h\u00f4tel depuis tr\u00e8s, tr\u00e8s longtemps. Par contre, <b>c&rsquo;est un amateur d&rsquo;art avec son mari, Walter\u00a0\u00bb<\/b>, d\u00e9voile-t-elle avant de s&rsquo;interroger sur sa pr\u00e9sence ce jour-l\u00e0. \u00ab\u00a0<b>Qu&rsquo;est-ce qu&rsquo;il se passe, vous d\u00e9m\u00e9nagez, les gar\u00e7ons ?<\/b>\u00ab\u00a0, se demande l&rsquo;amie du couple.<\/p>\n<p>                        L&rsquo;ami de Caroline Margeridon repart avec un tr\u00e8s beau ch\u00e8que gr\u00e2ce \u00e0 Affaire conclue<\/p>\n<p>\u00c9ric ne comptait pas quitter son cocon situ\u00e9 non loin de Paris ! Il a en effet expliqu\u00e9 : \u00ab\u00a0<b>Je pr\u00e9sente ce meuble car c&rsquo;est une \u00e9mission que [ma m\u00e8re] adorait, et c&rsquo;est une fa\u00e7on de lui rendre hommage.<\/b> Je voulais en m\u00eame temps rendre hommage \u00e0 tous ces m\u00e9tiers d&rsquo;art, d\u2019\u00e9b\u00e9nisterie, car on en parle tr\u00e8s peu \u00e0 mon grand regret\u00a0\u00bb. Chanceux, <b>le quinquag\u00e9naire est parvenu \u00e0 se s\u00e9parer de son vieux bureau contre un ch\u00e8que de 480 euros<\/b>, soit pr\u00e8s de cinq fois plus cher que le prix estim\u00e9. Jean-Baptiste Bouvier, pourtant sp\u00e9cialiste des arts d\u00e9coratifs du XXe si\u00e8cle, a \u00e9t\u00e9 s\u00e9duit par cette pi\u00e8ce qu&rsquo;il veut, \u00e0 son tour, offrir \u00e0 sa m\u00e8re.<\/p>\n","protected":false},"excerpt":{"rendered":"Ce mardi 15 avril, Caroline Margeridon \u00e9tait tr\u00e8s \u00e9tonn\u00e9e de retrouver un de ses amis, pas du tout&hellip;\n","protected":false},"author":2,"featured_media":28133,"comment_status":"","ping_status":"","sticky":false,"template":"","format":"standard","meta":{"footnotes":""},"categories":[1356],"tags":[9885,9884,244,58,59,1011,27,594,252,9886,1364,1630],"class_list":{"0":"post-28132","1":"post","2":"type-post","3":"status-publish","4":"format-standard","5":"has-post-thumbnail","7":"category-television","8":"tag-affaire-conclue","9":"tag-caroline-margeridon","10":"tag-commentaire","11":"tag-divertissement","12":"tag-entertainment","13":"tag-fr","14":"tag-france","15":"tag-france-2","16":"tag-television","17":"tag-tout-le-monde-a-quelque-chose-u00e0-vendre","18":"tag-tv","19":"tag-zapping"},"share_on_mastodon":{"url":"https:\/\/pubeurope.com\/@fr\/114345176155064077","error":""},"_links":{"self":[{"href":"https:\/\/www.europesays.com\/fr\/wp-json\/wp\/v2\/posts\/28132","targetHints":{"allow":["GET"]}}],"collection":[{"href":"https:\/\/www.europesays.com\/fr\/wp-json\/wp\/v2\/posts"}],"about":[{"href":"https:\/\/www.europesays.com\/fr\/wp-json\/wp\/v2\/types\/post"}],"author":[{"embeddable":true,"href":"https:\/\/www.europesays.com\/fr\/wp-json\/wp\/v2\/users\/2"}],"replies":[{"embeddable":true,"href":"https:\/\/www.europesays.com\/fr\/wp-json\/wp\/v2\/comments?post=28132"}],"version-history":[{"count":0,"href":"https:\/\/www.europesays.com\/fr\/wp-json\/wp\/v2\/posts\/28132\/revisions"}],"wp:featuredmedia":[{"embeddable":true,"href":"https:\/\/www.europesays.com\/fr\/wp-json\/wp\/v2\/media\/28133"}],"wp:attachment":[{"href":"https:\/\/www.europesays.com\/fr\/wp-json\/wp\/v2\/media?parent=28132"}],"wp:term":[{"taxonomy":"category","embeddable":true,"href":"https:\/\/www.europesays.com\/fr\/wp-json\/wp\/v2\/categories?post=28132"},{"taxonomy":"post_tag","embeddable":true,"href":"https:\/\/www.europesays.com\/fr\/wp-json\/wp\/v2\/tags?post=28132"}],"curies":[{"name":"wp","href":"https:\/\/api.w.org\/{rel}","templated":true}]}}