{"id":281321,"date":"2025-07-29T06:44:14","date_gmt":"2025-07-29T06:44:14","guid":{"rendered":"https:\/\/www.europesays.com\/fr\/281321\/"},"modified":"2025-07-29T06:44:14","modified_gmt":"2025-07-29T06:44:14","slug":"marseille-veut-soffrir-saimon-bouabre","status":"publish","type":"post","link":"https:\/\/www.europesays.com\/fr\/281321\/","title":{"rendered":"Marseille veut s&rsquo;offrir Sa\u00efmon Bouabr\u00e9"},"content":{"rendered":"<p style=\"text-align: justify;\"><strong>TRANSFERTS \u2013 Selon <a href=\"https:\/\/rmcsport.bfmtv.com\/football\/transferts\/info-rmc-sport-mercato-l-om-a-contacte-monaco-pour-bouabre_AV-202507280416.html\" target=\"_blank\" rel=\"noopener\">RMC Sport<\/a>, l\u2019Olympique de Marseille a contact\u00e9 l\u2019AS Monaco pour recruter le jeune Sa\u00efmon Bouabr\u00e9.\u00a0<\/strong><\/p>\n<p style=\"text-align: justify;\">Apr\u00e8s de longues semaines de n\u00e9gociations et de tension, l\u2019<strong>Olympique de Marseille<\/strong> a enfin obtenu l\u2019accord de <strong>Feyenoord<\/strong> pour recruter <strong>Igor<\/strong> <strong>Paixao<\/strong>. L\u2019ailier br\u00e9silien est attendu dans les heures \u00e0 venir pour passer sa visite m\u00e9dicale et parapher un contrat de cinq ans. <strong>Pierre-Emerick Aubameyang<\/strong> devrait aussi arriver cette semaine.<\/p>\n<p>Sa\u00efmon Bouabr\u00e9 entre Neom et l\u2019OM<\/p>\n<p style=\"text-align: justify;\">En plus du recrutement de joueurs confirm\u00e9s, <strong>Medhi<\/strong> <strong>Benatia<\/strong> mise aussi sur des jeunes \u00e9l\u00e9ments pour pr\u00e9parer les ann\u00e9es \u00e0 venir. Dans cette optique, les Olympiens ont pris contact avec l\u2019AS Monaco pour recruter le jeune <strong>Sa\u00efmon<\/strong> <strong>Bouabr\u00e9<\/strong>. Le milieu offensif de 19 ans est en fin de contrat dans un an, et dispose d\u2019un bon de sortie de son club pour cet \u00e9t\u00e9<\/p>\n<p style=\"text-align: justify;\">Monaco voudrait en r\u00e9cup\u00e9rer 10 millions d\u2019euros. <strong>Roberto De Zerbi<\/strong> aime son profil et a donc demand\u00e9 \u00e0 sa direction de se positionner, mais la concurrence sera rude sur ce dossier. <strong>Neom<\/strong>, promu en premi\u00e8re division saoudienne, est sur les rangs et aurait formul\u00e9 une offre XXL \u00e0 <strong>Sa\u00efmon<\/strong> <strong>Bouabr\u00e9<\/strong>. L\u2019OM reste donc \u00e0 l\u2019affut sur ce dossier et pourrait tenter de le convaincre avec un projet en Europe.<\/p>\n<p>\u00c0 ce sujet<br \/>\n<a href=\"https:\/\/dicodusport.fr\/blog\/mercato-om-2025-2026-le-tableau-complet-des-transferts-arrivees-et-departs\/\" class=\"vlp-link\" title=\"Mercato OM 2025-2026 : Le tableau complet des transferts, arriv\u00e9es et d\u00e9parts\" target=\"_blank\" rel=\"noopener\"><img loading=\"lazy\" decoding=\"async\" style=\"max-width: 792px;\" width=\"792\" height=\"445\" class=\"attachment-800x445 size-800x445 perfmatters-lazy\" alt=\"Mercato OM 2025-2026 Le tableau complet des transferts, arriv\u00e9es et d\u00e9parts\" src=\"https:\/\/www.europesays.com\/fr\/wp-content\/uploads\/2025\/06\/Mercato-OM-2025-2026-Le-tableau-complet-des-transferts-arrivees-et-departs.png\"  data-\/><\/p>\n<p>Mercato OM 2025-2026 : Le tableau complet des transferts, arriv\u00e9es et d\u00e9parts<\/p>\n<p>TRANSFERTS OM &#8211; Retrouvez tous les mouvements de l&rsquo;Olympique de Marseille pour l&rsquo;intersaison 2025 en Ligue 1. Arriv\u00e9es, d\u00e9part, pr\u00eats, transferts d\u00e9finitifs, ne ratez rien du mercato estival.\u00a0<\/p>\n<p>Lire l&rsquo;article<\/p>\n<p>dicodusport.fr<\/p>\n","protected":false},"excerpt":{"rendered":"TRANSFERTS \u2013 Selon RMC Sport, l\u2019Olympique de Marseille a contact\u00e9 l\u2019AS Monaco pour recruter le jeune Sa\u00efmon Bouabr\u00e9.\u00a0&hellip;\n","protected":false},"author":2,"featured_media":281322,"comment_status":"","ping_status":"","sticky":false,"template":"","format":"standard","meta":{"footnotes":""},"categories":[2814],"tags":[1111,11,2113,1777,674,1011,27,884,23100,12,149,882,25],"class_list":{"0":"post-281321","1":"post","2":"type-post","3":"status-publish","4":"format-standard","5":"has-post-thumbnail","7":"category-marseille","8":"tag-actu","9":"tag-actualites","10":"tag-breve","11":"tag-eu","12":"tag-europe","13":"tag-fr","14":"tag-france","15":"tag-marseille","16":"tag-mercato-football","17":"tag-news","18":"tag-om","19":"tag-provence-alpes-cote-dazur","20":"tag-republique-francaise"},"share_on_mastodon":{"url":"https:\/\/pubeurope.com\/@fr\/114935173344180495","error":""},"_links":{"self":[{"href":"https:\/\/www.europesays.com\/fr\/wp-json\/wp\/v2\/posts\/281321","targetHints":{"allow":["GET"]}}],"collection":[{"href":"https:\/\/www.europesays.com\/fr\/wp-json\/wp\/v2\/posts"}],"about":[{"href":"https:\/\/www.europesays.com\/fr\/wp-json\/wp\/v2\/types\/post"}],"author":[{"embeddable":true,"href":"https:\/\/www.europesays.com\/fr\/wp-json\/wp\/v2\/users\/2"}],"replies":[{"embeddable":true,"href":"https:\/\/www.europesays.com\/fr\/wp-json\/wp\/v2\/comments?post=281321"}],"version-history":[{"count":0,"href":"https:\/\/www.europesays.com\/fr\/wp-json\/wp\/v2\/posts\/281321\/revisions"}],"wp:featuredmedia":[{"embeddable":true,"href":"https:\/\/www.europesays.com\/fr\/wp-json\/wp\/v2\/media\/281322"}],"wp:attachment":[{"href":"https:\/\/www.europesays.com\/fr\/wp-json\/wp\/v2\/media?parent=281321"}],"wp:term":[{"taxonomy":"category","embeddable":true,"href":"https:\/\/www.europesays.com\/fr\/wp-json\/wp\/v2\/categories?post=281321"},{"taxonomy":"post_tag","embeddable":true,"href":"https:\/\/www.europesays.com\/fr\/wp-json\/wp\/v2\/tags?post=281321"}],"curies":[{"name":"wp","href":"https:\/\/api.w.org\/{rel}","templated":true}]}}