{"id":281323,"date":"2025-07-29T06:45:09","date_gmt":"2025-07-29T06:45:09","guid":{"rendered":"https:\/\/www.europesays.com\/fr\/281323\/"},"modified":"2025-07-29T06:45:09","modified_gmt":"2025-07-29T06:45:09","slug":"en-situation-irreguliere-il-volait-des-velos-sur-le-parking-de-lhopital","status":"publish","type":"post","link":"https:\/\/www.europesays.com\/fr\/281323\/","title":{"rendered":"en situation irr\u00e9guli\u00e8re; il volait des v\u00e9los sur le parking de l&rsquo;h\u00f4pital"},"content":{"rendered":"<p itemprop=\"description\"><strong>Cela faisait des mois qu&rsquo;il s\u00e9vissait sur le parking de l&rsquo;h\u00f4pital Lyon Sud \u00e0 Oullins-Pierre-B\u00e9nite.<\/strong><\/p>\n<p>Ce ressortissant alg\u00e9rien en situation irr\u00e9guli\u00e8re en France et au casier judiciaire d\u00e9j\u00e0 bien rempli a \u00e9t\u00e9 interpell\u00e9 mardi dernier.<\/p>\n<p>Surpris en flagrant d\u00e9lit alors qu&rsquo;il tentait de voler le casque d&rsquo;une moto en coupant l&rsquo;antivol, il avait \u00e9t\u00e9 difficilement ma\u00eetris\u00e9 par deux agents de s\u00e9curit\u00e9 de l&rsquo;h\u00f4pital.<\/p>\n<p>A son actif, plusieurs vols commis sur le parking : des v\u00e9los, des casques&#8230; La plupart du temps, ces faits \u00e9taient film\u00e9s par la vid\u00e9osurveillance.<\/p>\n<p>Jug\u00e9 en comparution imm\u00e9diate \u00e0 Lyon, l&rsquo;individu d\u00e9j\u00e0 condamn\u00e9 pour des vols mais aussi des violences conjugales a \u00e9chapp\u00e9 \u00e0 de lourdes r\u00e9quisitions. Car si le procureur r\u00e9clamait 2 ans de prison, la peine prononc\u00e9e par les juges s&rsquo;est mu\u00e9e en 8 mois ferme.<\/p>\n","protected":false},"excerpt":{"rendered":"Cela faisait des mois qu&rsquo;il s\u00e9vissait sur le parking de l&rsquo;h\u00f4pital Lyon Sud \u00e0 Oullins-Pierre-B\u00e9nite. Ce ressortissant alg\u00e9rien&hellip;\n","protected":false},"author":2,"featured_media":281324,"comment_status":"","ping_status":"","sticky":false,"template":"","format":"standard","meta":{"footnotes":""},"categories":[1889],"tags":[1111,11,2813,2190,2430,1109,251,1112,2811,1777,674,118,1011,27,1922,1110,1114,2428,2810,12,241,316,25,2812,517,800],"class_list":{"0":"post-281323","1":"post","2":"type-post","3":"status-publish","4":"format-standard","5":"has-post-thumbnail","7":"category-lyon","8":"tag-actu","9":"tag-actualites","10":"tag-article","11":"tag-asvel","12":"tag-auvergne-rhone-alpes","13":"tag-breves","14":"tag-culture","15":"tag-depeches","16":"tag-economique","17":"tag-eu","18":"tag-europe","19":"tag-faits-divers","20":"tag-fr","21":"tag-france","22":"tag-info","23":"tag-informations","24":"tag-infos","25":"tag-lyon","26":"tag-lyonmag","27":"tag-news","28":"tag-ol","29":"tag-politique","30":"tag-republique-francaise","31":"tag-sociale","32":"tag-sport","33":"tag-transports"},"share_on_mastodon":{"url":"https:\/\/pubeurope.com\/@fr\/114935177117556238","error":""},"_links":{"self":[{"href":"https:\/\/www.europesays.com\/fr\/wp-json\/wp\/v2\/posts\/281323","targetHints":{"allow":["GET"]}}],"collection":[{"href":"https:\/\/www.europesays.com\/fr\/wp-json\/wp\/v2\/posts"}],"about":[{"href":"https:\/\/www.europesays.com\/fr\/wp-json\/wp\/v2\/types\/post"}],"author":[{"embeddable":true,"href":"https:\/\/www.europesays.com\/fr\/wp-json\/wp\/v2\/users\/2"}],"replies":[{"embeddable":true,"href":"https:\/\/www.europesays.com\/fr\/wp-json\/wp\/v2\/comments?post=281323"}],"version-history":[{"count":0,"href":"https:\/\/www.europesays.com\/fr\/wp-json\/wp\/v2\/posts\/281323\/revisions"}],"wp:featuredmedia":[{"embeddable":true,"href":"https:\/\/www.europesays.com\/fr\/wp-json\/wp\/v2\/media\/281324"}],"wp:attachment":[{"href":"https:\/\/www.europesays.com\/fr\/wp-json\/wp\/v2\/media?parent=281323"}],"wp:term":[{"taxonomy":"category","embeddable":true,"href":"https:\/\/www.europesays.com\/fr\/wp-json\/wp\/v2\/categories?post=281323"},{"taxonomy":"post_tag","embeddable":true,"href":"https:\/\/www.europesays.com\/fr\/wp-json\/wp\/v2\/tags?post=281323"}],"curies":[{"name":"wp","href":"https:\/\/api.w.org\/{rel}","templated":true}]}}