{"id":281325,"date":"2025-07-29T06:46:12","date_gmt":"2025-07-29T06:46:12","guid":{"rendered":"https:\/\/www.europesays.com\/fr\/281325\/"},"modified":"2025-07-29T06:46:12","modified_gmt":"2025-07-29T06:46:12","slug":"lyon-veut-signer-dominik-greif","status":"publish","type":"post","link":"https:\/\/www.europesays.com\/fr\/281325\/","title":{"rendered":"Lyon veut signer Dominik Greif"},"content":{"rendered":"<p style=\"text-align: justify;\"><strong>TRANSFERTS \u2013 Selon <a href=\"https:\/\/rmcsport.bfmtv.com\/football\/transferts\/info-rmc-sport-mercato-l-ol-piste-le-gardien-dominik-greif-pour-remplacer-lucas-perri_AV-202507280494.html\" target=\"_blank\" rel=\"noopener\">RMC Sport<\/a>, l\u2019Olympique Lyonnais a coch\u00e9 le nom de Dominik Greif pour remplacer Lucas Perri parti \u00e0 Leeds.\u00a0<\/strong><\/p>\n<p style=\"text-align: justify;\">Il y a quelques jours, <strong>Lucas<\/strong> <strong>Perri<\/strong> a fait ses adieux \u00e0 l\u2019<strong>Olympique<\/strong> <strong>Lyonnais<\/strong> pour rejoindre l\u2019Angleterre. Il va rapporter 15 millions d\u2019euros au club lyonnais qui a donc act\u00e9 une troisi\u00e8me vente d\u2019un joueur majeur, apr\u00e8s le d\u00e9part de <strong>Rayan<\/strong> <strong>Cherki<\/strong> \u00e0 <strong>Manchester<\/strong> <strong>City<\/strong> et celui de <strong>Thiago<\/strong> <strong>Almada<\/strong> \u00e0 l\u2019<strong>Atl\u00e9tico Madrid<\/strong>.<\/p>\n<p>Dominik Greif pour remplacer Lucas Perri ?<\/p>\n<p style=\"text-align: justify;\">Au poste de gardien de but, l\u2019<strong>OL<\/strong> est dans une situation compliqu\u00e9e, car <strong>John<\/strong> <strong>Textor<\/strong> avait act\u00e9 le recrutement de <strong>Matt<\/strong> <strong>Turner<\/strong> contre 8 millions d\u2019euros avant de quitter le club. Un montant jug\u00e9 bien trop excessif pour un gardien de ce niveau par la nouvelle direction qui essaye de faire annuler cet engagement. Un avocat sp\u00e9cialis\u00e9 a \u00e9t\u00e9 embauch\u00e9.<\/p>\n<p style=\"text-align: justify;\">Pour le poste de num\u00e9ro 1, les <strong>Lyonnais<\/strong> ont coch\u00e9 le nom de <strong>Dominik Greif<\/strong>, portier slovaque de Majorque. Alors qu\u2019il sort d\u2019une bonne saison en Espagne, il pourrait changer d\u2019air \u00e0 un an de la fin de son contrat. L\u2019<strong>OL<\/strong> pourrait profiter de sa situation contractuelle pour le recruter \u00e0 bas prix. Les Rhodaniens auront l\u2019occasion de le voir \u00e0 l\u2019\u0153uvre \u00e0 l\u2019occasion du match amical pr\u00e9vu ce mercredi.<\/p>\n<p>\u00c0 ce sujet<br \/>\n<a href=\"https:\/\/dicodusport.fr\/blog\/mercato-ol-2025-2026-le-tableau-complet-des-transferts-arrivees-et-departs\/\" class=\"vlp-link\" title=\"Mercato OL 2025-2026 : Le tableau complet des transferts, arriv\u00e9es et d\u00e9parts\" target=\"_blank\" rel=\"noopener\"><img loading=\"lazy\" decoding=\"async\" style=\"max-width: 792px;\" width=\"792\" height=\"445\" class=\"attachment-800x445 size-800x445 perfmatters-lazy\" alt=\"Mercato OL 2025-2026 Le tableau complet des transferts, arriv\u00e9es et d\u00e9parts\" src=\"https:\/\/www.europesays.com\/fr\/wp-content\/uploads\/2025\/07\/Mercato-OL-2025-2026-Le-tableau-complet-des-transferts-arrivees-et-departs.png\"  data-\/><\/p>\n<p>Mercato OL 2025-2026 : Le tableau complet des transferts, arriv\u00e9es et d\u00e9parts<\/p>\n<p>TRANSFERTS OL &#8211; Retrouvez tous les mouvements de l&rsquo;Olympique Lyonnais pour l&rsquo;intersaison 2025 en Ligue 1. Arriv\u00e9es, d\u00e9part, pr\u00eats, transferts d\u00e9finitifs, ne ratez rien du mercato estival.\u00a0<\/p>\n<p>Lire l&rsquo;article<\/p>\n<p>dicodusport.fr<\/p>\n","protected":false},"excerpt":{"rendered":"TRANSFERTS \u2013 Selon RMC Sport, l\u2019Olympique Lyonnais a coch\u00e9 le nom de Dominik Greif pour remplacer Lucas Perri&hellip;\n","protected":false},"author":2,"featured_media":281326,"comment_status":"","ping_status":"","sticky":false,"template":"","format":"standard","meta":{"footnotes":""},"categories":[1889],"tags":[1111,11,2430,2113,1777,674,1011,27,2428,23100,12,241,25],"class_list":{"0":"post-281325","1":"post","2":"type-post","3":"status-publish","4":"format-standard","5":"has-post-thumbnail","7":"category-lyon","8":"tag-actu","9":"tag-actualites","10":"tag-auvergne-rhone-alpes","11":"tag-breve","12":"tag-eu","13":"tag-europe","14":"tag-fr","15":"tag-france","16":"tag-lyon","17":"tag-mercato-football","18":"tag-news","19":"tag-ol","20":"tag-republique-francaise"},"share_on_mastodon":{"url":"https:\/\/pubeurope.com\/@fr\/114935181090831467","error":""},"_links":{"self":[{"href":"https:\/\/www.europesays.com\/fr\/wp-json\/wp\/v2\/posts\/281325","targetHints":{"allow":["GET"]}}],"collection":[{"href":"https:\/\/www.europesays.com\/fr\/wp-json\/wp\/v2\/posts"}],"about":[{"href":"https:\/\/www.europesays.com\/fr\/wp-json\/wp\/v2\/types\/post"}],"author":[{"embeddable":true,"href":"https:\/\/www.europesays.com\/fr\/wp-json\/wp\/v2\/users\/2"}],"replies":[{"embeddable":true,"href":"https:\/\/www.europesays.com\/fr\/wp-json\/wp\/v2\/comments?post=281325"}],"version-history":[{"count":0,"href":"https:\/\/www.europesays.com\/fr\/wp-json\/wp\/v2\/posts\/281325\/revisions"}],"wp:featuredmedia":[{"embeddable":true,"href":"https:\/\/www.europesays.com\/fr\/wp-json\/wp\/v2\/media\/281326"}],"wp:attachment":[{"href":"https:\/\/www.europesays.com\/fr\/wp-json\/wp\/v2\/media?parent=281325"}],"wp:term":[{"taxonomy":"category","embeddable":true,"href":"https:\/\/www.europesays.com\/fr\/wp-json\/wp\/v2\/categories?post=281325"},{"taxonomy":"post_tag","embeddable":true,"href":"https:\/\/www.europesays.com\/fr\/wp-json\/wp\/v2\/tags?post=281325"}],"curies":[{"name":"wp","href":"https:\/\/api.w.org\/{rel}","templated":true}]}}