{"id":281335,"date":"2025-07-29T06:53:21","date_gmt":"2025-07-29T06:53:21","guid":{"rendered":"https:\/\/www.europesays.com\/fr\/281335\/"},"modified":"2025-07-29T06:53:21","modified_gmt":"2025-07-29T06:53:21","slug":"au-moins-20-morts-dans-des-frappes-russes-nocturnes-dans-lest-du-pays","status":"publish","type":"post","link":"https:\/\/www.europesays.com\/fr\/281335\/","title":{"rendered":"au moins 20 morts dans des frappes russes nocturnes dans l\u2019est du pays"},"content":{"rendered":"<p>Au moins 20 personnes ont \u00e9t\u00e9 tu\u00e9es et 43 bless\u00e9es dans des frappes russes sur les r\u00e9gions de <a target=\"_self\" href=\"https:\/\/www.lanouvellerepublique.fr\/a-la-une\/ukraine-un-mort-et-dix-blesses-dans-des-frappes-russes-a-zaporijjia-et-kharkiv-selon-les-autorites-1743578112\" rel=\"nofollow noopener\">Zaporijjia<\/a> et Dnipropetrovsk, dans l\u2019est de l&rsquo;Ukraine, dans la nuit du lundi 28 au mardi 29\u00a0juillet 2025, selon les autorit\u00e9s.<\/p>\n<p>Dans la r\u00e9gion de Zaporijjia, une s\u00e9rie de bombardements contre une colonie p\u00e9nitentiaire a fait 16 morts et 35 bless\u00e9s, a \u00e9crit sur Telegram le chef de l\u2019administration pr\u00e9sidentielle ukrainienne, Andri\u00ef Iermak, qui a d\u00e9nonc\u00e9 \u00ab\u00a0un autre crime de guerre par les Russes\u00a0\u00bb. Trois autres attaques dans la r\u00e9gion de Dnipropetrovsk ont fait au moins quatre morts et huit bless\u00e9s, a annonc\u00e9 pour sa part le chef de l\u2019administration r\u00e9gionale Sergi\u00ef Lysak, \u00e9galement sur Telegram.<\/p>\n<p>En Russie, une personne a \u00e9t\u00e9 tu\u00e9e dans la nuit de lundi \u00e0 mardi \u00e0 Salsk, dans la r\u00e9gion de Rostov par une attaque de drones ukrainiens, a annonc\u00e9 le gouverneur r\u00e9gional Iouri Sliousar. Des d\u00e9bris de drones sont par ailleurs tomb\u00e9s sur la gare de Salsk, endommageant un train de passagers et un autre de marchandises, sans faire de bless\u00e9s, ont indiqu\u00e9 les chemins de fer russes.<\/p>\n<p>\u00ab\u00a0Dix \u00e0 douze jours\u00a0\u00bb pour arr\u00eater la guerre, dit Trump<\/p>\n<p>Lundi, <a target=\"_self\" href=\"https:\/\/www.lanouvellerepublique.fr\/a-la-une\/guerre-en-ukraine-donald-trump-donne-cinquante-jours-a-la-russie-pour-mettre-fin-au-conflit-1752511762\" rel=\"nofollow noopener\">le pr\u00e9sident am\u00e9ricain Donald Trump<\/a> a \u00e0 nouveau hauss\u00e9 le ton contre son homologue russe, Vladimir Poutine. \u00ab\u00a0Nous ne voyons aucun progr\u00e8s\u00a0\u00bb, a-t-il d\u00e9plor\u00e9 depuis l\u2019\u00c9cosse, o\u00f9 il rencontrait le premier ministre britannique Keir Starmer. Il a dit donner \u00e0 la Russie \u00ab\u00a0dix \u00e0 douze jours\u00a0\u00bb pour mettre fin \u00e0 la guerre en Ukraine, sous peine de sanctions.<\/p>\n","protected":false},"excerpt":{"rendered":"Au moins 20 personnes ont \u00e9t\u00e9 tu\u00e9es et 43 bless\u00e9es dans des frappes russes sur les r\u00e9gions de&hellip;\n","protected":false},"author":2,"featured_media":281336,"comment_status":"","ping_status":"","sticky":false,"template":"","format":"standard","meta":{"footnotes":""},"categories":[1591],"tags":[328,11,1887,329,74,12,1885,1886,132,220],"class_list":{"0":"post-281335","1":"post","2":"type-post","3":"status-publish","4":"format-standard","5":"has-post-thumbnail","7":"category-russie","8":"tag-a-la-une","9":"tag-actualites","10":"tag-federation-de-russie","11":"tag-france-monde","12":"tag-monde","13":"tag-news","14":"tag-russia","15":"tag-russian-federation","16":"tag-russie","17":"tag-ukraine"},"share_on_mastodon":{"url":"https:\/\/pubeurope.com\/@fr\/114935208605969924","error":""},"_links":{"self":[{"href":"https:\/\/www.europesays.com\/fr\/wp-json\/wp\/v2\/posts\/281335","targetHints":{"allow":["GET"]}}],"collection":[{"href":"https:\/\/www.europesays.com\/fr\/wp-json\/wp\/v2\/posts"}],"about":[{"href":"https:\/\/www.europesays.com\/fr\/wp-json\/wp\/v2\/types\/post"}],"author":[{"embeddable":true,"href":"https:\/\/www.europesays.com\/fr\/wp-json\/wp\/v2\/users\/2"}],"replies":[{"embeddable":true,"href":"https:\/\/www.europesays.com\/fr\/wp-json\/wp\/v2\/comments?post=281335"}],"version-history":[{"count":0,"href":"https:\/\/www.europesays.com\/fr\/wp-json\/wp\/v2\/posts\/281335\/revisions"}],"wp:featuredmedia":[{"embeddable":true,"href":"https:\/\/www.europesays.com\/fr\/wp-json\/wp\/v2\/media\/281336"}],"wp:attachment":[{"href":"https:\/\/www.europesays.com\/fr\/wp-json\/wp\/v2\/media?parent=281335"}],"wp:term":[{"taxonomy":"category","embeddable":true,"href":"https:\/\/www.europesays.com\/fr\/wp-json\/wp\/v2\/categories?post=281335"},{"taxonomy":"post_tag","embeddable":true,"href":"https:\/\/www.europesays.com\/fr\/wp-json\/wp\/v2\/tags?post=281335"}],"curies":[{"name":"wp","href":"https:\/\/api.w.org\/{rel}","templated":true}]}}