{"id":281337,"date":"2025-07-29T06:54:12","date_gmt":"2025-07-29T06:54:12","guid":{"rendered":"https:\/\/www.europesays.com\/fr\/281337\/"},"modified":"2025-07-29T06:54:12","modified_gmt":"2025-07-29T06:54:12","slug":"tuerie-a-manhattan-frappes-russes-en-ukraine-cessez-le-feu-entre-la-thailande-et-le-cambodge-lactu-de-ce-mardi-29-juillet-au-matin-liberation","status":"publish","type":"post","link":"https:\/\/www.europesays.com\/fr\/281337\/","title":{"rendered":"Tuerie \u00e0 Manhattan, frappes russes en Ukraine, cessez-le-feu entre la Tha\u00eflande et le Cambodge\u2026 L\u2019actu de ce mardi 29\u00a0juillet au matin \u2013 Lib\u00e9ration"},"content":{"rendered":"<p class=\"sc-ksZaOG ehjQrN text-element\">Chaque matin, la r\u00e9daction de Lib\u00e9 s\u00e9lectionne les actualit\u00e9s incontournables en France, dans le reste du monde et celles \u00e0 suivre au cours de la journ\u00e9e.<\/p>\n<p class=\"sc-ksZaOG ehjQrN text-element\"><a href=\"https:\/\/www.liberation.fr\/international\/amerique\/tuerie-a-manhattan-cinq-morts-dans-la-fusillade-a-new-york-la-plus-meurtriere-depuis-2000-20250729_M3J2SFD4NVHCZORUNMX6CQCPWE\/\" target=\"_blank\" rel=\"nofollow noopener\" title=\"https:\/\/www.liberation.fr\/international\/amerique\/tuerie-a-manhattan-cinq-morts-dans-la-fusillade-a-new-york-la-plus-meurtriere-depuis-2000-20250729_M3J2SFD4NVHCZORUNMX6CQCPWE\/\">Quatre personnes ont \u00e9t\u00e9 tu\u00e9es lundi<\/a> en plein New York, et une cinqui\u00e8me se trouve hospitalis\u00e9e dans un \u00e9tat critique apr\u00e8s la fusillade la plus meurtri\u00e8re connue en ce si\u00e8cle par la ville la plus peupl\u00e9e des Etats-Unis. L\u2019unique suspect a \u00e9t\u00e9 retrouv\u00e9 mort, apr\u00e8s s\u2019\u00eatre manifestement suicid\u00e9 d\u2019une balle dans la poitrine, sans que l\u2019opacit\u00e9 de ses motivations ait encore \u00e9t\u00e9 dissip\u00e9e. Parmi les victimes figure un agent de la police de New York, employ\u00e9 en uniforme \u00e0 la s\u00e9curit\u00e9 de l\u2019immeuble du c\u0153ur de Manhattan o\u00f9 le tireur a fait feu. La plus grande ville am\u00e9ricaine n\u2019avait pas connu pareil carnage en vingt-cinq ans.<\/p>\n<p class=\"sc-ksZaOG ehjQrN text-element\">Un violent feu a perturb\u00e9 la circulation lundi durant plusieurs heures dans le nord de Marseille, provoquant la fermeture dans les deux sens des autoroutes A7 et A51 et perturbant au passage le trafic a\u00e9rien de la deuxi\u00e8me ville de France. L\u2019incendie, qui a totalement d\u00e9truit les b\u00e2timents d\u2019une soci\u00e9t\u00e9 de caravaning, a g\u00e9n\u00e9r\u00e9 un \u00e9norme nuage de fum\u00e9e noire. C\u2019est d\u00e9j\u00e0 aux Pennes-Mirabeau qu\u2019\u00e9tait parti <a href=\"https:\/\/www.liberation.fr\/societe\/en-direct-incendies-laeroport-de-marseille-ferme-les-pompiers-sattendent-a-une-apres-midi-difficile-a-narbonne-20250708_42VXUC63NFD3PNA5HTHTBSPSLQ\/\" target=\"_blank\" rel=\"nofollow noopener\" title=\"https:\/\/www.liberation.fr\/societe\/en-direct-incendies-laeroport-de-marseille-ferme-les-pompiers-sattendent-a-une-apres-midi-difficile-a-narbonne-20250708_42VXUC63NFD3PNA5HTHTBSPSLQ\/\">un important sinistre le 8 juillet<\/a>. Le feu avait parcouru 750 hectares de broussailles et de pin\u00e8des et atteint Marseille.<\/p>\n<p class=\"sc-ksZaOG ehjQrN text-element\">Vingt personnes tu\u00e9es et 43 bless\u00e9es : c\u2019est le bilan des frappes russes sur les r\u00e9gions de Zaporijjia et Dnipropetrovsk, en Ukraine, dans la nuit de lundi \u00e0 mardi, selon les autorit\u00e9s. En Russie, une personne a \u00e9t\u00e9 tu\u00e9e dans la r\u00e9gion de Rostov par une attaque de drones ukrainiens, a annonc\u00e9 le gouverneur r\u00e9gional Iouri Sliousar. Lundi, Donald Trump avait hauss\u00e9 le ton contre Vladimir Poutine, <a href=\"https:\/\/www.liberation.fr\/international\/europe\/ukraine-donald-trump-donne-10-a-12-jours-a-poutine-pour-mettre-fin-a-la-guerre-20250728_FVT7QUJEAZBITBLRG2FETZDV2M\/\" target=\"_blank\" rel=\"nofollow noopener\" title=\"https:\/\/www.liberation.fr\/international\/europe\/ukraine-donald-trump-donne-10-a-12-jours-a-poutine-pour-mettre-fin-a-la-guerre-20250728_FVT7QUJEAZBITBLRG2FETZDV2M\/\">donnant \u00abdix ou douze jours\u00bb au pr\u00e9sident russe<\/a> pour mettre fin au conflit en Ukraine, sous peine de s\u00e9v\u00e8res sanctions.<\/p>\n<p class=\"sc-ksZaOG ehjQrN text-element\"><b>D\u00e9luge et inondations en Chine<\/b><\/p>\n<p class=\"sc-ksZaOG ehjQrN text-element\">Les pluies diluviennes qui frappent cette semaine le nord de la Chine ont fait 30 morts et entra\u00een\u00e9 plus de 80 000 \u00e9vacuations \u00e0 P\u00e9kin, ont annonc\u00e9 mardi les m\u00e9dias d\u2019Etat. L\u2019agence m\u00e9t\u00e9orologique chinoise a \u00e9mis mardi son deuxi\u00e8me plus haut niveau d\u2019alerte aux pr\u00e9cipitations pour la capitale chinoise, sur une \u00e9chelle en comptant quatre, a rapport\u00e9 l\u2019agence de presse officielle Chine nouvelle.<\/p>\n<p class=\"sc-ksZaOG ehjQrN text-element\"><b>La Tha\u00eflande accuse le Cambodge de violer le cessez-le-feu<\/b><\/p>\n<p class=\"sc-ksZaOG ehjQrN text-element\">Le cessez-le-feu conclu entre la Tha\u00eflande et le Cambodge est entr\u00e9 en vigueur \u00e0 minuit dans la nuit de lundi \u00e0 mardi, <a href=\"https:\/\/www.liberation.fr\/international\/asie-pacifique\/en-thailande-pres-de-la-frontiere-cambodgienne-ce-conflit-na-aucun-sens-20250729_QXYUU455LBEVDB4PFZAWA67YHE\/\" target=\"_blank\" rel=\"nofollow noopener\" title=\"https:\/\/www.liberation.fr\/international\/asie-pacifique\/en-thailande-pres-de-la-frontiere-cambodgienne-ce-conflit-na-aucun-sens-20250729_QXYUU455LBEVDB4PFZAWA67YHE\/\">apr\u00e8s cinq jours d\u2019affrontements meurtriers \u00e0 leur fronti\u00e8re<\/a>, mais la Tha\u00eflande a accus\u00e9 quelques heures plus tard le Cambodge d\u2019avoir viol\u00e9 cet accord. Le Premier ministre malaisien, Anwar Ibrahim, avait annonc\u00e9 lundi que Bangkok et Phnom Penh \u00e9taient parvenus \u00e0 \u00abun accord commun pr\u00e9voyant un cessez-le-feu imm\u00e9diat et inconditionnel\u00bb.<\/p>\n","protected":false},"excerpt":{"rendered":"Chaque matin, la r\u00e9daction de Lib\u00e9 s\u00e9lectionne les actualit\u00e9s incontournables en France, dans le reste du monde et&hellip;\n","protected":false},"author":2,"featured_media":281338,"comment_status":"","ping_status":"","sticky":false,"template":"","format":"standard","meta":{"footnotes":""},"categories":[1590],"tags":[11,1777,674,12,4702,220],"class_list":{"0":"post-281337","1":"post","2":"type-post","3":"status-publish","4":"format-standard","5":"has-post-thumbnail","7":"category-ukraine","8":"tag-actualites","9":"tag-eu","10":"tag-europe","11":"tag-news","12":"tag-recap-actu","13":"tag-ukraine"},"share_on_mastodon":{"url":"https:\/\/pubeurope.com\/@fr\/114935212563029700","error":""},"_links":{"self":[{"href":"https:\/\/www.europesays.com\/fr\/wp-json\/wp\/v2\/posts\/281337","targetHints":{"allow":["GET"]}}],"collection":[{"href":"https:\/\/www.europesays.com\/fr\/wp-json\/wp\/v2\/posts"}],"about":[{"href":"https:\/\/www.europesays.com\/fr\/wp-json\/wp\/v2\/types\/post"}],"author":[{"embeddable":true,"href":"https:\/\/www.europesays.com\/fr\/wp-json\/wp\/v2\/users\/2"}],"replies":[{"embeddable":true,"href":"https:\/\/www.europesays.com\/fr\/wp-json\/wp\/v2\/comments?post=281337"}],"version-history":[{"count":0,"href":"https:\/\/www.europesays.com\/fr\/wp-json\/wp\/v2\/posts\/281337\/revisions"}],"wp:featuredmedia":[{"embeddable":true,"href":"https:\/\/www.europesays.com\/fr\/wp-json\/wp\/v2\/media\/281338"}],"wp:attachment":[{"href":"https:\/\/www.europesays.com\/fr\/wp-json\/wp\/v2\/media?parent=281337"}],"wp:term":[{"taxonomy":"category","embeddable":true,"href":"https:\/\/www.europesays.com\/fr\/wp-json\/wp\/v2\/categories?post=281337"},{"taxonomy":"post_tag","embeddable":true,"href":"https:\/\/www.europesays.com\/fr\/wp-json\/wp\/v2\/tags?post=281337"}],"curies":[{"name":"wp","href":"https:\/\/api.w.org\/{rel}","templated":true}]}}