{"id":281339,"date":"2025-07-29T06:55:12","date_gmt":"2025-07-29T06:55:12","guid":{"rendered":"https:\/\/www.europesays.com\/fr\/281339\/"},"modified":"2025-07-29T06:55:12","modified_gmt":"2025-07-29T06:55:12","slug":"accord-ue-usa-la-catastrophe-evitee","status":"publish","type":"post","link":"https:\/\/www.europesays.com\/fr\/281339\/","title":{"rendered":"Accord UE\/USA : La catastrophe \u00e9vit\u00e9e\u00a0?"},"content":{"rendered":"<p><strong>Le secteur fran\u00e7ais des vins et spiritueux estime lundi soir que l&rsquo;accord commercial conclu entre les Etats-Unis et l&rsquo;Union europ\u00e9enne permet \u00ab\u00a0d&rsquo;\u00e9viter la catastrophe\u00a0\u00bb pour le secteur, et exhorte \u00e0 sceller une exemption de droits de douane pour les spiritueux comme pour le vin.<\/strong><\/p>\n<p><a href=\"https:\/\/abonnement.terredevins.com\/promoete25\/1ermoisoffert\" target=\"_blank\" rel=\" noreferrer noopener nofollow\"><img decoding=\"async\" src=\"https:\/\/www.europesays.com\/fr\/wp-content\/uploads\/2025\/07\/bandeau_abo_mois_article-2-1024x320.jpg\" alt=\"\" class=\"wp-image-168182\"\/><\/a><\/p>\n<p>\u00ab\u00a0La catastrophe est \u00e9vit\u00e9e mais les prochains jours seront d\u00e9terminants pour le secteur fran\u00e7ais des vins et spiritueux\u00a0\u00bb, d\u00e9clare un communiqu\u00e9 la F\u00e9d\u00e9ration des Exportateurs de Vins et Spiritueux (FEVS), \u00e0 laquelle se joint l&rsquo;ensemble des interprofessions fran\u00e7aises (CNIV) et de la fili\u00e8re. \u00ab\u00a0L&rsquo;accord trouv\u00e9 constitue une \u00e9tape : il \u00e9vite l&rsquo;application de droits de 30% \u00e0 compter du 1er ao\u00fbt qui aurait \u00e9t\u00e9 une vraie catastrophe pour le secteur\u00a0\u00bb, se f\u00e9licite Gabriel Picard, le pr\u00e9sident de la FEVS. Avant d\u2019ajouter : \u00ab\u00a0Il devrait confirmer le r\u00e9tablissement d&rsquo;un commerce bilat\u00e9ral libre de droits pour les spiritueux, ce que nous avons h\u00e2te de voir act\u00e9 dans les documents officiels attendus\u00a0\u00bb.<\/p>\n<p><strong>Pour les vins et les spiritueux, les discussions se poursuivent<\/strong><\/p>\n<p>\u00c0 ce jour, les choses n&rsquo;apparaissent pas aussi claires. Le pr\u00e9sident am\u00e9ricain Donald Trump et la pr\u00e9sidente de la Commission europ\u00e9enne Ursula von der Leyen ont annonc\u00e9 dimanche un accord douanier pr\u00e9voyant que les produits europ\u00e9ens export\u00e9s aux Etats-Unis soient tax\u00e9s \u00e0 15%.<\/p>\n<p>Seules exemptions confirm\u00e9es pour l\u2019heure : un \u00ab\u00a0z\u00e9ro tarif douanier\u00a0\u00bb b\u00e9n\u00e9ficierait \u00e0 l&rsquo;a\u00e9ronautique europ\u00e9enne et \u00e0 certains dispositifs m\u00e9dicaux export\u00e9s outre-Atlantique. Mais pour les vins et spiritueux, rien n&rsquo;est encore arr\u00eat\u00e9 et les discussions se poursuivent. \u00a0\u00ab\u00a0S&rsquo;agissant des vins, tout n&rsquo;est pas encore \u00e9crit \u00e0 ce jour\u00a0\u00bb, reconnait M. Picard. \u00ab\u00a0C&rsquo;est pourquoi nous encourageons la Commission europ\u00e9enne et la France \u00e0 s&rsquo;engager pleinement dans cette derni\u00e8re ligne droite, pour obtenir la r\u00e9duction des droits de douane sur les vins, proposition soutenue par les acteurs am\u00e9ricains comme europ\u00e9ens\u00a0\u00bb.<\/p>\n<p>Une hausse de 15% des droits de douane sur les vins entra\u00eenerait la destruction de 17.000 emplois et une perte d&rsquo;activit\u00e9 de plus de 2,5 milliards de dollars aux Etats-Unis, indique le communiqu\u00e9, citant une \u00e9tude de de la Wine &amp; Spirits Wholesalers Association. \u00a0\u00ab\u00a0Mais, du fait de l&rsquo;\u00e9volution des taux de change, la hausse r\u00e9elle est de 30% : l&rsquo;impact serait alors de 34.000 emplois d\u00e9truits et une perte d&rsquo;activit\u00e9 de plus de 5 milliards\u00a0\u00bb de dollars, ajoute la FEVS.<\/p>\n<p>Si aucune exemption n&rsquo;\u00e9tait ent\u00e9rin\u00e9e, \u00ab\u00a0ce serait un choc extr\u00eamement violent qui va frapper \u00e0 la fois les exportateurs fran\u00e7ais et europ\u00e9ens mais aussi nos partenaires importateurs et distributeurs aux Etats-Unis. Et ce sont finalement les consommateurs am\u00e9ricains qui supporteraient le co\u00fbt de ces mesures\u00a0\u00bb, estime M. Picard. Avec \u00ab\u00a0des cons\u00e9quences douloureuses sur l&rsquo;ensemble de la fili\u00e8re\u00a0\u00bb en France comme en Europe, \u00ab\u00a0y compris (pour) ceux qui ne sont pas directement pr\u00e9sents sur le march\u00e9 am\u00e9ricain\u00a0\u00bb, dit-il.<\/p>\n<p><a href=\"https:\/\/abonnement.terredevins.com\/\" target=\"_blank\" rel=\" noreferrer noopener nofollow\"><img decoding=\"async\" src=\"https:\/\/www.europesays.com\/fr\/wp-content\/uploads\/2025\/07\/banniere_magazine_109-1024x341.jpg\" alt=\"\" class=\"wp-image-168036\"\/><\/a><\/p>\n","protected":false},"excerpt":{"rendered":"Le secteur fran\u00e7ais des vins et spiritueux estime lundi soir que l&rsquo;accord commercial conclu entre les Etats-Unis et&hellip;\n","protected":false},"author":2,"featured_media":281340,"comment_status":"","ping_status":"","sticky":false,"template":"","format":"standard","meta":{"footnotes":""},"categories":[1589],"tags":[11,73,1866,12,1864,1865,1863,308],"class_list":{"0":"post-281339","1":"post","2":"type-post","3":"status-publish","4":"format-standard","5":"has-post-thumbnail","7":"category-etats-unis","8":"tag-actualites","9":"tag-etats-unis","10":"tag-etats-unis-damerique","11":"tag-news","12":"tag-united-states","13":"tag-united-states-of-america","14":"tag-us","15":"tag-usa"},"share_on_mastodon":{"url":"https:\/\/pubeurope.com\/@fr\/114935216467098468","error":""},"_links":{"self":[{"href":"https:\/\/www.europesays.com\/fr\/wp-json\/wp\/v2\/posts\/281339","targetHints":{"allow":["GET"]}}],"collection":[{"href":"https:\/\/www.europesays.com\/fr\/wp-json\/wp\/v2\/posts"}],"about":[{"href":"https:\/\/www.europesays.com\/fr\/wp-json\/wp\/v2\/types\/post"}],"author":[{"embeddable":true,"href":"https:\/\/www.europesays.com\/fr\/wp-json\/wp\/v2\/users\/2"}],"replies":[{"embeddable":true,"href":"https:\/\/www.europesays.com\/fr\/wp-json\/wp\/v2\/comments?post=281339"}],"version-history":[{"count":0,"href":"https:\/\/www.europesays.com\/fr\/wp-json\/wp\/v2\/posts\/281339\/revisions"}],"wp:featuredmedia":[{"embeddable":true,"href":"https:\/\/www.europesays.com\/fr\/wp-json\/wp\/v2\/media\/281340"}],"wp:attachment":[{"href":"https:\/\/www.europesays.com\/fr\/wp-json\/wp\/v2\/media?parent=281339"}],"wp:term":[{"taxonomy":"category","embeddable":true,"href":"https:\/\/www.europesays.com\/fr\/wp-json\/wp\/v2\/categories?post=281339"},{"taxonomy":"post_tag","embeddable":true,"href":"https:\/\/www.europesays.com\/fr\/wp-json\/wp\/v2\/tags?post=281339"}],"curies":[{"name":"wp","href":"https:\/\/api.w.org\/{rel}","templated":true}]}}