{"id":281343,"date":"2025-07-29T06:57:13","date_gmt":"2025-07-29T06:57:13","guid":{"rendered":"https:\/\/www.europesays.com\/fr\/281343\/"},"modified":"2025-07-29T06:57:13","modified_gmt":"2025-07-29T06:57:13","slug":"evonik-accelere-des-projets-de-valorisation-du-co2-et-de-recyclage-des-plastiques-en-allemagne","status":"publish","type":"post","link":"https:\/\/www.europesays.com\/fr\/281343\/","title":{"rendered":"Evonik acc\u00e9l\u00e8re des projets de valorisation du CO2 et de recyclage des plastiques en Allemagne"},"content":{"rendered":"<p>&#13;<br \/>\n\tL&rsquo;un des projets porte sur l&rsquo;utilisation du CO2 comme mati\u00e8re premi\u00e8re, et l\u2019autre sur un proc\u00e9d\u00e9 de recyclage des plastiques, plus \u00e9conome en ressources. Dans le cadre de l\u2019appel \u00e0 projets \u00ab Produktives.NRW \u00bb port\u00e9 par <a href=\"https:\/\/www.usinenouvelle.com\/article\/hydrogene-vert-evonik-met-en-service-un-pipeline-de-50-km-de-long.N2233461\" rel=\"nofollow noopener\" target=\"_blank\">le Land de Rh\u00e9nanie-du-Nord-Westphalie<\/a>, les experts du gouvernement f\u00e9d\u00e9ral ont recommand\u00e9, en juillet, le financement de ces deux projets du chimiste Evonik. <\/p>\n<p>&#13;<br \/>\n\t\u00ab Nous d\u00e9montrons le fonctionnement pratique de l&rsquo;\u00e9conomie circulaire \u00bb<\/p>\n<p>&#13;<br \/>\n\tLa technologie de valorisation du CO2 du chimiste de sp\u00e9cialit\u00e9, le projet Rheticus, associe le CO2 \u2013 en remplacement d\u2019hydrocarbures \u2013 \u00e0 de l\u2019hydrog\u00e8ne vert et de l\u2019\u00e9lectricit\u00e9 renouvelable pour alimenter un bior\u00e9acteur. Dans une petite unit\u00e9 pilote, les chercheurs sont d\u00e9j\u00e0 parvenus \u00e0 produire de l&rsquo;acide hexano\u00efque. L\u2019autre projet baptis\u00e9 Phoenix concerne le recyclage des matelas. Pour \u00e9viter que les matelas continuent \u00e0 finir leurs vies dans des d\u00e9charges ou des incin\u00e9rateurs, Evonik propose un proc\u00e9d\u00e9 de recyclage chimique pour d\u00e9composer les mousses polyur\u00e9thane, les polyols pouvant notamment \u00eatre directement r\u00e9utilis\u00e9s dans la production de nouveaux produits, et ainsi participer \u00e0 la cr\u00e9ation d\u2019une fili\u00e8re de recyclage en boucle ferm\u00e9e.<\/p>\n<p>&#13;<br \/>\n\t\u00ab Avec les projets Phoenix et Rheticus, nous d\u00e9montrons le fonctionnement pratique de l&rsquo;\u00e9conomie circulaire : les vieux matelas sont recycl\u00e9s et le CO2 est r\u00e9utilis\u00e9 comme mati\u00e8re premi\u00e8re. Les d\u00e9chets deviennent ainsi une ressource pr\u00e9cieuse. C&rsquo;est b\u00e9n\u00e9fique pour le climat, cela renforce notre industrie \u00bb, souligne Mona Neubaur, ministre f\u00e9d\u00e9rale de l&rsquo;\u00c9conomie et de la Protection du climat de Rh\u00e9nanie-du-Nord-Westphalie. <\/p>\n<p>&#13;<br \/>\n\tIl s&rsquo;agit du troisi\u00e8me appel \u00e0 propositions \u00ab Produktives.NRW \u00bb \u2013 dont l\u2019objectif est de soutenir l\u2019\u00e9mergence de technologies critiques dans le Land \u2013, pour lequel environ 70 millions d&rsquo;euros de financement europ\u00e9en provenant du \u00ab Fonds pour une transition juste \u00bb (FTJ) sont \u00e0 disposition des laur\u00e9ats.<\/p>\n<p class=\"editoTitleType1 editoTitleType1--lagoon is-uppercase\">S\u00e9lectionn\u00e9 <b>pour vous<\/b><\/p>\n<p>                                                                            <a class=\"editoCardType21__link editoCardType21__containerImage\" href=\"https:\/\/www.usinenouvelle.com\/article\/pfas-microplastiques-treewater-detruit-les-polluants-a-la-source.N2235611\" data-xiti-name=\"2235611\" rel=\"nofollow noopener\" target=\"_blank\"><\/p>\n<p>                                                                                                                                                    <img decoding=\"async\" src=\"data:image\/gif;base64,R0lGODdhAQABAPAAAMPDwwAAACwAAAAAAQABAAACAkQBADs=\" data-original=\"\/mediatheque\/0\/2\/8\/001529820_256x170_c.jpg\" alt=\"PFAS, microplastiques\u2026 TreeWater d\u00e9truit les polluants \u00e0 la source\"\/><\/p>\n<p>                            <\/a><\/p>\n","protected":false},"excerpt":{"rendered":"&#13; L&rsquo;un des projets porte sur l&rsquo;utilisation du CO2 comme mati\u00e8re premi\u00e8re, et l\u2019autre sur un proc\u00e9d\u00e9 de&hellip;\n","protected":false},"author":2,"featured_media":281344,"comment_status":"","ping_status":"","sticky":false,"template":"","format":"standard","meta":{"footnotes":""},"categories":[1587],"tags":[11,672,1804,10531,18564,21947,1805,1803,1777,674,42089,1801,6848,12,1802],"class_list":{"0":"post-281343","1":"post","2":"type-post","3":"status-publish","4":"format-standard","5":"has-post-thumbnail","7":"category-allemagne","8":"tag-actualites","9":"tag-allemagne","10":"tag-bundesrepublik-deutschland","11":"tag-chimie","12":"tag-chimie-de-specialites","13":"tag-co2","14":"tag-de","15":"tag-deutschland","16":"tag-eu","17":"tag-europe","18":"tag-evonik","19":"tag-germany","20":"tag-matieres-premieres","21":"tag-news","22":"tag-republique-federale-dallemagne"},"share_on_mastodon":{"url":"https:\/\/pubeurope.com\/@fr\/114935224480498504","error":""},"_links":{"self":[{"href":"https:\/\/www.europesays.com\/fr\/wp-json\/wp\/v2\/posts\/281343","targetHints":{"allow":["GET"]}}],"collection":[{"href":"https:\/\/www.europesays.com\/fr\/wp-json\/wp\/v2\/posts"}],"about":[{"href":"https:\/\/www.europesays.com\/fr\/wp-json\/wp\/v2\/types\/post"}],"author":[{"embeddable":true,"href":"https:\/\/www.europesays.com\/fr\/wp-json\/wp\/v2\/users\/2"}],"replies":[{"embeddable":true,"href":"https:\/\/www.europesays.com\/fr\/wp-json\/wp\/v2\/comments?post=281343"}],"version-history":[{"count":0,"href":"https:\/\/www.europesays.com\/fr\/wp-json\/wp\/v2\/posts\/281343\/revisions"}],"wp:featuredmedia":[{"embeddable":true,"href":"https:\/\/www.europesays.com\/fr\/wp-json\/wp\/v2\/media\/281344"}],"wp:attachment":[{"href":"https:\/\/www.europesays.com\/fr\/wp-json\/wp\/v2\/media?parent=281343"}],"wp:term":[{"taxonomy":"category","embeddable":true,"href":"https:\/\/www.europesays.com\/fr\/wp-json\/wp\/v2\/categories?post=281343"},{"taxonomy":"post_tag","embeddable":true,"href":"https:\/\/www.europesays.com\/fr\/wp-json\/wp\/v2\/tags?post=281343"}],"curies":[{"name":"wp","href":"https:\/\/api.w.org\/{rel}","templated":true}]}}