{"id":281345,"date":"2025-07-29T06:58:19","date_gmt":"2025-07-29T06:58:19","guid":{"rendered":"https:\/\/www.europesays.com\/fr\/281345\/"},"modified":"2025-07-29T06:58:19","modified_gmt":"2025-07-29T06:58:19","slug":"interview-laccord-commercial-ue-etats-unis-revele-la-faiblesse-de-leurope-juge-le-president-de-france-industrie-2","status":"publish","type":"post","link":"https:\/\/www.europesays.com\/fr\/281345\/","title":{"rendered":"Interview. L&rsquo;accord commercial UE-\u00c9tats-Unis \u00ab\u00a0r\u00e9v\u00e8le la faiblesse de l\u2019Europe\u00a0\u00bb, juge le pr\u00e9sident de France Industrie"},"content":{"rendered":"<p>  &#13;<br \/>\n      <a href=\"https:\/\/cdn-s-www.ledauphine.com\/images\/899d2344-8b0f-4439-91fe-c8c4b3e82c3e\/NW_raw\/alexandre-saubot-est-egalement-president-de-haulotte-group-dans-la-loire-photo-sipa-christophe-saidi-1753726932.jpg\" title=\"Alexandre Saubot est \u00e9galement pr\u00e9sident de Haulotte Group, dans la Loire. Photo Sipa\/Christophe Saidi\" class=\"chocolat-image GA-tracking\" data-ga_type=\"click\" data-ga_category=\"D\u00e9tail\" data-ga_action=\"zoomer\" data-ga_label=\"agrandir image\" target=\"_blank\" rel=\"noopener\">&#13;<br \/>\n          <img loading=\"lazy\" decoding=\"async\" src=\"https:\/\/www.europesays.com\/fr\/wp-content\/uploads\/2025\/07\/1753772299_644_alexandre-saubot-est-egalement-president-de-haulotte-group-dans-la-loire-photo-sipa-christophe-saidi.jpeg\" data-mobile=\"NW_listC_M|1753726932\" data-base=\"NW_listC|1753726932\" alt=\"Alexandre Saubot est \u00e9galement pr\u00e9sident de Haulotte Group, dans la Loire. Photo Sipa\/Christophe Saidi\"\/>&#13;<br \/>\n      <\/a>&#13;<br \/>\n              Alexandre Saubot est \u00e9galement pr\u00e9sident de Haulotte Group, dans la Loire. Photo Sipa\/Christophe Saidi&#13;<\/p>\n<blockquote class=\"question\"><p>Pour l\u2019industrie fran\u00e7aise et europ\u00e9enne, l&rsquo;accord sur les droits de douane trouv\u00e9 dimanche entre l&rsquo;Union europ\u00e9enne et les \u00c9tats-Unis est-il bon ou mauvais ?<\/p><\/blockquote>\n<p>\u00ab\u00a0Il y a du bon et du mauvais, selon les secteurs. Un grand secteur comme l\u2019a\u00e9ronautique appara\u00eet largement exon\u00e9r\u00e9, tandis que l\u2019acier et la m\u00e9canique devraient souffrir. Cet accord a pour principal m\u00e9rite de fixer un cadre. Mais c\u2019est un <a href=\"https:\/\/www.ledauphine.com\/economie\/2025\/07\/27\/trump-annonce-un-accord-avec-l-union-europeenne-sur-les-droits-de-douane\" target=\"_blank\" rel=\"noopener\">accord d\u00e9s\u00e9quilibr\u00e9 qui r\u00e9v\u00e8le la tr\u00e8s grande faiblesse de l\u2019Europe<\/a>. Il reste des choses \u00e0 pr\u00e9ciser et nous esp\u00e9rons que l\u2019Europe saura se battre pour son industrie.<\/p>\n<blockquote class=\"question\"><p>C\u2019est donc un accord largement dict\u00e9 par <a href=\"https:\/\/www.ledauphine.com\/p\/donald-trump\" target=\"_blank\" rel=\"noopener\">Donald Trump<\/a>\u2026<\/p><\/blockquote>\n<p>\u00ab\u00a0Je n\u2019\u00e9tais pas dans la n\u00e9gociation, mais quand je vois le r\u00e9sultat, le fait est que Donald Trump a <a href=\"https:\/\/www.ledauphine.com\/economie\/2025\/07\/28\/un-jour-sombre-une-defaite-la-france-reservee-sur-l-accord-commercial-ue-usa\" target=\"_blank\" rel=\"noopener\">su faire avancer sa cause<\/a>.\u00a0\u00bb<\/p>\n<p>\u00ab L\u2019Europe doit \u00eatre capable de faire valoir ses int\u00e9r\u00eats\u00a0\u00bb<\/p>\n<blockquote class=\"question\"><p>Ce d\u00e9s\u00e9quilibre peut-il amener des industriels fran\u00e7ais, europ\u00e9ens, \u00e0 investir davantage aux \u00c9tats-Unis, et moins en Europe\u00a0?<\/p><\/blockquote>\n<p>\u00ab\u00a0C\u2019est tout le probl\u00e8me de ce d\u00e9s\u00e9quilibre. Quand vous mettez des droits de douane des deux c\u00f4t\u00e9s, vous \u00eates cens\u00e9s r\u00e9cup\u00e9rer chez vous ce que vous perdez chez l\u2019autre. Mais l\u00e0, en l\u2019absence de droits de douane r\u00e9ciproques, le march\u00e9 europ\u00e9en n\u2019obtient aucune protection contre les produits am\u00e9ricains en \u00e9change de ce que l\u2019Europe risque de perdre sur le march\u00e9 am\u00e9ricain. Car un march\u00e9 am\u00e9ricain rendu moins accessible risque d\u2019amener certains industriels \u00e0 produire davantage aux \u00c9tats-Unis, pour mieux vendre sur place, sans garantie que le march\u00e9 europ\u00e9en puisse absorber ce qu\u2019ils produisaient en Europe \u00e0 destination des \u00c9tats-Unis. Avec le risque, donc, d\u2019une baisse de la production en Europe\u2026 Apr\u00e8s, tout d\u00e9pend aussi de l\u2019agenda de simplification et de comp\u00e9titivit\u00e9 dont l\u2019Europe saura ou non se doter dans les prochaines semaines. C\u2019est d\u2019autant plus urgent que la baisse de la valeur du dollar p\u00e9nalise les produits europ\u00e9ens.\u00a0\u00bb<\/p>\n<blockquote class=\"question\"><p>Diriez-vous avec certains analystes que le principal danger commercial pour l\u2019Europe est la Chine, avant les \u00c9tats-Unis\u00a0?<\/p><\/blockquote>\n<p>\u00ab\u00a0Le vrai sujet est de savoir si l\u2019Europe se veut industrielle et souveraine, et si c\u2019est le cas, elle doit \u00eatre capable de se prot\u00e9ger contre toutes les actions commercialement agressives. Avec les \u00c9tats-Unis, nous avons ce probl\u00e8me d\u2019accord d\u00e9s\u00e9quilibr\u00e9. Avec la Chine, c\u2019est un probl\u00e8me d\u2019agressivit\u00e9 commerciale dans certains secteurs, qui appelle des mesures de sauvegarde, des droits de douane cibl\u00e9s, que l\u2019Europe devrait davantage utiliser.\u00a0\u00bb<\/p>\n<blockquote class=\"question\"><p>Mais le sommet UE-Chine de la semaine derni\u00e8re n\u2019a pas vraiment \u00e9t\u00e9 un succ\u00e8s\u2026<\/p><\/blockquote>\n<p>\u00ab\u00a0C\u2019est une nouvelle illustration de la transformation rapide qui s\u2019impose \u00e0 l\u2019Europe dans le monde tel qu\u2019il se dessine : un monde beaucoup plus conflictuel dans lequel l\u2019Europe doit \u00eatre capable de faire valoir ses int\u00e9r\u00eats, industriels en particulier. \u00a0\u00bb<\/p>\n","protected":false},"excerpt":{"rendered":"&#13; &#13; &#13; &#13; Alexandre Saubot est \u00e9galement pr\u00e9sident de Haulotte Group, dans la Loire. Photo Sipa\/Christophe Saidi&#13;&hellip;\n","protected":false},"author":2,"featured_media":281227,"comment_status":"","ping_status":"","sticky":false,"template":"","format":"standard","meta":{"footnotes":""},"categories":[1586],"tags":[11,4406,2388,33,1777,674,107,1011,27,329,693,12,25],"class_list":{"0":"post-281345","1":"post","2":"type-post","3":"status-publish","4":"format-standard","5":"has-post-thumbnail","7":"category-europe","8":"tag-actualites","9":"tag-commerce-et-services","10":"tag-droits-de-douane","11":"tag-economie","12":"tag-eu","13":"tag-europe","14":"tag-fil-info","15":"tag-fr","16":"tag-france","17":"tag-france-monde","18":"tag-industrie","19":"tag-news","20":"tag-republique-francaise"},"share_on_mastodon":{"url":"https:\/\/pubeurope.com\/@fr\/114935228280172584","error":""},"_links":{"self":[{"href":"https:\/\/www.europesays.com\/fr\/wp-json\/wp\/v2\/posts\/281345","targetHints":{"allow":["GET"]}}],"collection":[{"href":"https:\/\/www.europesays.com\/fr\/wp-json\/wp\/v2\/posts"}],"about":[{"href":"https:\/\/www.europesays.com\/fr\/wp-json\/wp\/v2\/types\/post"}],"author":[{"embeddable":true,"href":"https:\/\/www.europesays.com\/fr\/wp-json\/wp\/v2\/users\/2"}],"replies":[{"embeddable":true,"href":"https:\/\/www.europesays.com\/fr\/wp-json\/wp\/v2\/comments?post=281345"}],"version-history":[{"count":0,"href":"https:\/\/www.europesays.com\/fr\/wp-json\/wp\/v2\/posts\/281345\/revisions"}],"wp:featuredmedia":[{"embeddable":true,"href":"https:\/\/www.europesays.com\/fr\/wp-json\/wp\/v2\/media\/281227"}],"wp:attachment":[{"href":"https:\/\/www.europesays.com\/fr\/wp-json\/wp\/v2\/media?parent=281345"}],"wp:term":[{"taxonomy":"category","embeddable":true,"href":"https:\/\/www.europesays.com\/fr\/wp-json\/wp\/v2\/categories?post=281345"},{"taxonomy":"post_tag","embeddable":true,"href":"https:\/\/www.europesays.com\/fr\/wp-json\/wp\/v2\/tags?post=281345"}],"curies":[{"name":"wp","href":"https:\/\/api.w.org\/{rel}","templated":true}]}}