{"id":281346,"date":"2025-07-29T06:59:11","date_gmt":"2025-07-29T06:59:11","guid":{"rendered":"https:\/\/www.europesays.com\/fr\/281346\/"},"modified":"2025-07-29T06:59:11","modified_gmt":"2025-07-29T06:59:11","slug":"les-consommateurs-de-temu-risquent-dacheter-des-produits-dangereux","status":"publish","type":"post","link":"https:\/\/www.europesays.com\/fr\/281346\/","title":{"rendered":"les consommateurs de Temu risquent d&rsquo;acheter des produits dangereux"},"content":{"rendered":"<p>Selon la Commission, les consommateurs qui ach\u00e8tent sur Temu sont susceptibles de trouver des produits non conformes et donc dangereux, tels que des jouets pour b\u00e9b\u00e9s et de petits appareils \u00e9lectroniques. Cela peut conduire \u00e0 des amendes allant jusqu&rsquo;\u00e0 6 % du chiffre d&rsquo;affaires annuel mondial total de l&rsquo;entreprise.<\/p>\n<p>La Commission europ\u00e9enne <strong>a estim\u00e9<\/strong> , \u00e0 titre pr\u00e9liminaire, que <strong>Temu n&rsquo;avait pas respect\u00e9 l&rsquo;obligation qui lui est faite par la loi sur les services num\u00e9riques d&rsquo;\u00e9valuer correctement les risques de prolif\u00e9ration de produits ill\u00e9gaux sur son march\u00e9.<\/strong><\/p>\n<p><strong>Les \u00e9l\u00e9ments de preuve ont montr\u00e9 qu&rsquo;il existe \u00e9galement un risque \u00e9lev\u00e9 pour les consommateurs de l&rsquo;UE de rencontrer des produits ill\u00e9gaux sur la plateforme.<\/strong><\/p>\n<p>En particulier, l&rsquo;analyse d&rsquo;un exercice de client myst\u00e8re men\u00e9 par la Commission a r\u00e9v\u00e9l\u00e9 que les consommateurs qui font des achats sur Temu sont tr\u00e8s susceptibles de trouver des produits non conformes parmi l&rsquo;offre, tels que des jouets pour b\u00e9b\u00e9s et des petits appareils \u00e9lectroniques.<\/p>\n<p>Selon l&rsquo;analyse de la Commission, l&rsquo;\u00e9valuation des risques effectu\u00e9e par Temu en octobre 2024 \u00e9tait inexacte et fond\u00e9e sur des informations g\u00e9n\u00e9rales concernant le secteur plut\u00f4t que sur des d\u00e9tails sp\u00e9cifiques concernant son propre march\u00e9. Il est donc possible que cela ait conduit \u00e0 des mesures d&rsquo;att\u00e9nuation inad\u00e9quates contre la prolif\u00e9ration des produits ill\u00e9gaux.<\/p>\n<p>La Commission poursuivra son enqu\u00eate sur d&rsquo;autres violations pr\u00e9sum\u00e9es qui ont d\u00e9but\u00e9 en octobre 2024, notamment l&rsquo;efficacit\u00e9 de ses mesures d&rsquo;att\u00e9nuation, l&rsquo;utilisation de caract\u00e9ristiques de conception addictives, la transparence de ses syst\u00e8mes de recommandation et l&rsquo;acc\u00e8s aux donn\u00e9es pour les enqu\u00eateurs.<\/p>\n<p><b class=\"c-widget-related__title__text\">Related<\/b><\/p>\n<p><strong>Prochaines \u00e9tapes<\/strong><\/p>\n<p>Les conclusions pr\u00e9liminaires envoy\u00e9es par la Commission n&rsquo;affectent pas le r\u00e9sultat final de l&rsquo;enqu\u00eate, car <strong>Temu a maintenant la possibilit\u00e9 d&rsquo;exercer ses droits de d\u00e9fense en examinant le dossier d&rsquo;enqu\u00eate de la Commission et en r\u00e9pondant par \u00e9crit aux conclusions pr\u00e9liminaires de la Commission. Parall\u00e8lement, le Conseil europ\u00e9en des services num\u00e9riques sera consult\u00e9.<\/strong><\/p>\n<p>Si les conclusions pr\u00e9liminaires de la Commission sont finalement confirm\u00e9es, la Commission publiera une d\u00e9cision de non-conformit\u00e9 d\u00e9clarant <strong>Temu en violation de l&rsquo;article 34 de la loi sur les services num\u00e9riques.<\/strong><\/p>\n<p>Cette d\u00e9cision pourrait imposer des <strong>amendes allant jusqu&rsquo;\u00e0 6 % du chiffre d&rsquo;affaires annuel mondial total du fournisseur et ordonner \u00e0 ce dernier de prendre des mesures pour rem\u00e9dier \u00e0 l&rsquo;infraction.<\/strong> Une d\u00e9cision de non-conformit\u00e9 peut \u00e9galement d\u00e9clencher une p\u00e9riode de surveillance renforc\u00e9e afin d&rsquo;assurer le respect des mesures que le fournisseur a l&rsquo;intention de prendre pour rem\u00e9dier \u00e0 la violation.<\/p>\n","protected":false},"excerpt":{"rendered":"Selon la Commission, les consommateurs qui ach\u00e8tent sur Temu sont susceptibles de trouver des produits non conformes et&hellip;\n","protected":false},"author":2,"featured_media":281347,"comment_status":"","ping_status":"","sticky":false,"template":"","format":"standard","meta":{"footnotes":""},"categories":[1586],"tags":[11,42090,10349,2196,6409,1777,674,1779,1011,27,12,25,1105,1778,364],"class_list":{"0":"post-281346","1":"post","2":"type-post","3":"status-publish","4":"format-standard","5":"has-post-thumbnail","7":"category-europe","8":"tag-actualites","9":"tag-appareils-electroniques","10":"tag-commission","11":"tag-commission-europeenne","12":"tag-consommateurs","13":"tag-eu","14":"tag-europe","15":"tag-european-union","16":"tag-fr","17":"tag-france","18":"tag-news","19":"tag-republique-francaise","20":"tag-temu","21":"tag-ue","22":"tag-union-europeenne"},"share_on_mastodon":{"url":"https:\/\/pubeurope.com\/@fr\/114935232187889110","error":""},"_links":{"self":[{"href":"https:\/\/www.europesays.com\/fr\/wp-json\/wp\/v2\/posts\/281346","targetHints":{"allow":["GET"]}}],"collection":[{"href":"https:\/\/www.europesays.com\/fr\/wp-json\/wp\/v2\/posts"}],"about":[{"href":"https:\/\/www.europesays.com\/fr\/wp-json\/wp\/v2\/types\/post"}],"author":[{"embeddable":true,"href":"https:\/\/www.europesays.com\/fr\/wp-json\/wp\/v2\/users\/2"}],"replies":[{"embeddable":true,"href":"https:\/\/www.europesays.com\/fr\/wp-json\/wp\/v2\/comments?post=281346"}],"version-history":[{"count":0,"href":"https:\/\/www.europesays.com\/fr\/wp-json\/wp\/v2\/posts\/281346\/revisions"}],"wp:featuredmedia":[{"embeddable":true,"href":"https:\/\/www.europesays.com\/fr\/wp-json\/wp\/v2\/media\/281347"}],"wp:attachment":[{"href":"https:\/\/www.europesays.com\/fr\/wp-json\/wp\/v2\/media?parent=281346"}],"wp:term":[{"taxonomy":"category","embeddable":true,"href":"https:\/\/www.europesays.com\/fr\/wp-json\/wp\/v2\/categories?post=281346"},{"taxonomy":"post_tag","embeddable":true,"href":"https:\/\/www.europesays.com\/fr\/wp-json\/wp\/v2\/tags?post=281346"}],"curies":[{"name":"wp","href":"https:\/\/api.w.org\/{rel}","templated":true}]}}