{"id":281353,"date":"2025-07-29T07:03:14","date_gmt":"2025-07-29T07:03:14","guid":{"rendered":"https:\/\/www.europesays.com\/fr\/281353\/"},"modified":"2025-07-29T07:03:14","modified_gmt":"2025-07-29T07:03:14","slug":"scottie-scheffler-repond-avec-elegance-a-la-prediction-de-phil-mickelson","status":"publish","type":"post","link":"https:\/\/www.europesays.com\/fr\/281353\/","title":{"rendered":"Scottie Scheffler r\u00e9pond avec \u00e9l\u00e9gance \u00e0 la pr\u00e9diction de Phil Mickelson"},"content":{"rendered":"<p>\t\t\t\t\t\t<img width=\"770\" height=\"545\" src=\"https:\/\/www.europesays.com\/fr\/wp-content\/uploads\/2025\/07\/the-153rd-open-day-four_largeimage_m370726-770x545.jpg\" class=\"img-responsive wp-post-image\" alt=\"Oisin Keniry\/R&amp;A\/R&amp;A via Getty Images\" decoding=\"async\" fetchpriority=\"high\"  \/>\t\t\t\t\t<\/p>\n<p>\t\t\t\t\t\t Partager cet article <\/p>\n<p class=\"screen-reader-text juiz_sps_maybe_hidden_text\">Partager la publication \u00ab\u00a0Scottie Scheffler r\u00e9pond avec \u00e9l\u00e9gance \u00e0 la pr\u00e9diction de Phil Mickelson\u00a0\u00bb<\/p>\n<p><strong>Scottie Scheffler a r\u00e9agi avec humour et classe \u00e0 la pr\u00e9diction virale de Phil Mickelson, qui l\u2019imaginait sans victoire avant la Ryder Cup 2025.<\/strong><\/p>\n<p>\t\t\t\t\t<a id=\"178042\" href=\"https:\/\/leclub-golf.com\/fr\/actualites\/team-sud-ouest-vs-team-sud-est-le-duel-de-lete?utm_source=golf+planete&amp;utm_medium=referral&amp;utm_campaign=team+sud&amp;utm_id=team+sud_golf+planete_referral_banner\" target=\"_blank\" rel=\"sponsorised nofollow noopener\"><img decoding=\"async\" src=\"data:image\/svg+xml,%3Csvg%20xmlns=\" http:=\"\" class=\"img-responsive\" alt=\"\" data-lazy-src=\"https:\/\/www.europesays.com\/fr\/wp-content\/uploads\/2025\/07\/leclubgolf-e08-duel-teams-1170x275-1.png\"\/><\/a><\/p>\n<p>L\u2019histoire a fait le tour du web\u202f: en mars, <strong>Phil Mickelson<\/strong> avait lanc\u00e9 sur X (ex-Twitter)\u202f: \u00ab Scottie va-t-il gagner en 2025 avant la Ryder Cup ? Je ne pense pas. \u00bb Il avait aussi affirm\u00e9 que le meilleur joueur du monde \u00e9tait son camarade du <strong>LIV Golf<\/strong>, <strong>Joaqu\u00edn Niemann<\/strong>.<\/p>\n<p>Face \u00e0 cette provocation, <strong>Scottie Scheffler<\/strong> n\u2019avait pas c\u00e9d\u00e9 \u00e0 la pol\u00e9mique et il a pris son temps avant de r\u00e9pliquer \u2014 d\u2019abord par ses performances sur le fairway. Si bien que le gaucher de 55 ans a \u00e9t\u00e9 amen\u00e9 \u00e0 f\u00e9liciter le num\u00e9ro un mondial dans un tweet \u2013 \u00e9logieux celui-l\u00e0 \u2013 apr\u00e8s qu\u2019il ait remport\u00e9 son 2e Majeur de la saison au <strong>British Open<\/strong>.<\/p>\n<blockquote><p>\nC\u2019\u00e9tait un super tweet.\n<\/p><\/blockquote>\n<p>Interrog\u00e9 dans <a href=\"https:\/\/www.youtube.com\/watch?v=JeLc2AcoGsk\" target=\"_blank\" rel=\"noopener nofollow\">le podcast Pardon My Take<\/a> au sujet du premier tweet, Scottie Scheffler a enfin bris\u00e9 le silence avec un sourire\u202f: \u00ab\u202fJ\u2019avais vu le tweet de Phil\u2026 c\u2019\u00e9tait un super tweet.\u202f\u00bb<\/p>\n<p>Lorsque l\u2019animateur <strong>Dan Katz<\/strong> a poursuivi en disant qu\u2019il pensait que Phil Mickelson avait mentionn\u00e9 la <strong>Ryder Cup<\/strong> uniquement parce qu\u2019il ne pouvait pas aller \u00e0 l\u2019encontre les \u00c9tats-Unis et que \u00ab Lefty \u00bb pensait vraiment qu\u2019il ne gagnerait aucun tournoi en 2025, Scottie Scheffler a acquiesc\u00e9.<\/p>\n<blockquote><p>\nPhil n\u2019est pas stupide, il est tr\u00e8s intelligent.\n<\/p><\/blockquote>\n<p>\u00ab\u00a0Je suis d\u2019accord avec cela, je pense que c\u2019est ce qu\u2019il essayait de dire. Mais on ne peut pas dire que l\u2019Am\u00e9rique va perdre la Ryder Cup quand on est Am\u00e9ricain, a-t-il r\u00e9pondu. Phil n\u2019est pas stupide, il est tr\u00e8s intelligent.\u00a0\u00bb <\/p>\n<p>\u00ab\u00a0Il n\u2019a pas tr\u00e8s bien vieilli, ce dont je suis tr\u00e8s satisfait\u00a0\u00bb, a-t-il ajout\u00e9 au sujet du fameux tweet.<\/p>\n<p>\t\t\t\t\t<a id=\"181043\" href=\"https:\/\/www.garmin.com\/fr-FR\/c\/sports-fitness\/golf-gps-devices-smartwatches\/\" target=\"_blank\" rel=\"sponsorised nofollow noopener\"><img decoding=\"async\" src=\"data:image\/svg+xml,%3Csvg%20xmlns=\" http:=\"\" class=\"img-responsive\" alt=\"\" data-lazy-src=\"https:\/\/www.europesays.com\/fr\/wp-content\/uploads\/2025\/06\/garmin-e01-serie-approach-1170x275-1.jpeg\"\/><\/a><\/p>\n<p>Photo : Oisin Keniry\/R&amp;A\/R&amp;A via Getty Images<\/p>\n","protected":false},"excerpt":{"rendered":"Partager cet article Partager la publication \u00ab\u00a0Scottie Scheffler r\u00e9pond avec \u00e9l\u00e9gance \u00e0 la pr\u00e9diction de Phil Mickelson\u00a0\u00bb Scottie&hellip;\n","protected":false},"author":2,"featured_media":281354,"comment_status":"","ping_status":"","sticky":false,"template":"","format":"standard","meta":{"footnotes":""},"categories":[1418],"tags":[1011,27,1472,60],"class_list":{"0":"post-281353","1":"post","2":"type-post","3":"status-publish","4":"format-standard","5":"has-post-thumbnail","7":"category-golf","8":"tag-fr","9":"tag-france","10":"tag-golf","11":"tag-sports"},"share_on_mastodon":{"url":"https:\/\/pubeurope.com\/@fr\/114935247840557827","error":""},"_links":{"self":[{"href":"https:\/\/www.europesays.com\/fr\/wp-json\/wp\/v2\/posts\/281353","targetHints":{"allow":["GET"]}}],"collection":[{"href":"https:\/\/www.europesays.com\/fr\/wp-json\/wp\/v2\/posts"}],"about":[{"href":"https:\/\/www.europesays.com\/fr\/wp-json\/wp\/v2\/types\/post"}],"author":[{"embeddable":true,"href":"https:\/\/www.europesays.com\/fr\/wp-json\/wp\/v2\/users\/2"}],"replies":[{"embeddable":true,"href":"https:\/\/www.europesays.com\/fr\/wp-json\/wp\/v2\/comments?post=281353"}],"version-history":[{"count":0,"href":"https:\/\/www.europesays.com\/fr\/wp-json\/wp\/v2\/posts\/281353\/revisions"}],"wp:featuredmedia":[{"embeddable":true,"href":"https:\/\/www.europesays.com\/fr\/wp-json\/wp\/v2\/media\/281354"}],"wp:attachment":[{"href":"https:\/\/www.europesays.com\/fr\/wp-json\/wp\/v2\/media?parent=281353"}],"wp:term":[{"taxonomy":"category","embeddable":true,"href":"https:\/\/www.europesays.com\/fr\/wp-json\/wp\/v2\/categories?post=281353"},{"taxonomy":"post_tag","embeddable":true,"href":"https:\/\/www.europesays.com\/fr\/wp-json\/wp\/v2\/tags?post=281353"}],"curies":[{"name":"wp","href":"https:\/\/api.w.org\/{rel}","templated":true}]}}