{"id":281355,"date":"2025-07-29T07:05:14","date_gmt":"2025-07-29T07:05:14","guid":{"rendered":"https:\/\/www.europesays.com\/fr\/281355\/"},"modified":"2025-07-29T07:05:14","modified_gmt":"2025-07-29T07:05:14","slug":"des-recrues-a-integrer-des-jeunes-pepites-tapent-a-la-portequelle-equipe-type-pour-la-saison","status":"publish","type":"post","link":"https:\/\/www.europesays.com\/fr\/281355\/","title":{"rendered":"des recrues \u00e0 int\u00e9grer, des jeunes p\u00e9pites tapent \u00e0 la porte\u2026quelle \u00e9quipe-type pour la saison ?"},"content":{"rendered":"<p>Le Stade Toulousain se lance dans une nouvelle mission pour marquer l\u2019histoire. Apr\u00e8s avoir d\u00e9fendu leur Bouclier de Brennus en dominant l\u2019Union Bordeaux-B\u00e8gles en finale, les Rouge et Noir veulent imiter la g\u00e9n\u00e9ration Lacroix, Ntamack ou Cazalbou en devenant la deuxi\u00e8me \u00e9quipe \u00e0 conserver son titre en Top 14 quatre saisons de rang dans l\u2019\u00e8re moderne (Le Stade Bordelais l\u2019a r\u00e9alis\u00e9 au d\u00e9but du 20\u00e8me si\u00e8cle).<\/p>\n<p>Comme souvent, l\u2019intersaison a \u00e9t\u00e9 plut\u00f4t calme du c\u00f4t\u00e9 des transferts. Le Stade Toulousain s\u2019est surtout attel\u00e9 \u00e0 prolonger ses cadres (Barassi, Costes, Roumat\u2026). Seuls Teddy Thomas et Georges-Henri Colombe vont venir garnir les rangs rouge et noir, sans compter le jeune espoir argentin Tomas Rapetti et le retour de pr\u00eat tr\u00e8s attendu de Paul Mallez, devenu international fran\u00e7ais lors de la tourn\u00e9e en Nouvelle-Z\u00e9lande.<\/p>\n<p>L\u2019\u00e9quipe-type devrait donc grandement se rapprocher de celle aper\u00e7u cette ann\u00e9e. Il faudra attendre le mois de d\u00e9cembre ou de janvier pour la voir au complet, avec notamment les retours d\u2019Antoine Dupont et de Peato Mauvaka de leurs graves blessures au genou.<\/p>\n<p>En premi\u00e8re-ligne, la bataille devrait faire rage \u00e0 gauche entre Baille et Neti. Si le deuxi\u00e8me avait pris l\u2019ascendant sur le premier lors des phases finales, une pr\u00e9paration compl\u00e8te pourrait permettre \u00e0 Baille de retrouver une place de titulaire. Au talon, Marchand va assurer en l\u2019absence de son habituel comp\u00e8re, avec un duel entre Cramont et Lacombre pour une place sur le banc. Le premier est toujours aussi fiable comme il l\u2019a montr\u00e9 en finale, tandis que le second a impressionn\u00e9 l\u2019an pass\u00e9 en Top 14.<\/p>\n<p>Des incertitudes pour les piliers<\/p>\n<p>A droite, le chantier est ouvert. Si Aldegheri reste le mieux plac\u00e9, il sera d\u00e9sormais face \u00e0 la concurrence de Colombe, qui doit relancer sa carri\u00e8re. Paul Mallez pourrait s\u2019inviter dans le d\u00e9bat, \u00e0 moins que le staff ne pr\u00e9f\u00e8re l\u2019utiliser \u00e0 gauche, tandis que Joel Merkler est en constante progression.<\/p>\n<p><img loading=\"lazy\" decoding=\"async\" class=\"size-thumbnail wp-image-13437\" src=\"https:\/\/www.europesays.com\/fr\/wp-content\/uploads\/2025\/07\/ICONSPORT_251696_0088-500x267.jpg\" alt=\"\" width=\"500\" height=\"267\"\/> Georges-Henri Colombe<\/p>\n<p>En deuxi\u00e8me-ligne, le Stade Toulousain regorge de talent. Thibaud Flament fait figure d\u2019incontournable et la question demeure sur l\u2019identit\u00e9 de son comp\u00e8re. Longtemps devant, Emmanuel Meafou a pay\u00e9 son infection pulmonaire contract\u00e9e lors du Six Nations et a connu une deuxi\u00e8me-partie de saison d\u00e9licate. Pendant ce temps-l\u00e0, Joshua Brennan en a profit\u00e9 pour briller s\u2019installer dans le quinze de d\u00e9part. Le colosse n\u00e9 en Australie pourrait cependant r\u00e9cup\u00e9rer sa place, tandis que Cl\u00e9ment Verg\u00e9 voudra continuer de cr\u00e9er le doute dans l\u2019esprit du staff.<\/p>\n<p>Une troisi\u00e8me-ligne XXL<\/p>\n<p>En troisi\u00e8me-ligne, les places sont ch\u00e8res avec les ind\u00e9boulonnables Jelonch, Willis et Cros, sans oublier un Roumat toujours pr\u00e9cieux. Derri\u00e8re, Castro-Ferreira, Th\u00e9o Ntamack et Banos se battront pour les places restantes.<\/p>\n<p>A la charni\u00e8re, Antoine Dupont et Romain Ntamack encha\u00eeneront d\u00e8s qu\u2019ils seront \u00e0 100% avec Paul Graou ou Mallia et Ramos pour les suppl\u00e9er. Aux ailes, Ange Capuozzo a brill\u00e9 la saison pass\u00e9e et semble partir avec une longueur d\u2019avance lorsqu\u2019il sera r\u00e9tabli. Blair Kinghorn est en balance avec Mallia pour l\u2019autre place, tandis que Ramos devrait endosser le 15. Enfin, la paire de centre Chocobares-Barassi semble avoir les faveurs du staff, avec Ahki, Costes Delibes ou la recrue Thomas pour les faire souffler.<\/p>\n<p>Le XV type<\/p>\n<ol>\n<li>Baille 2. Marchand 3. Aldegheri ou Colombe 4. Flament 5. Meafou 6. Willis 8. Jelonch 7. Cros 9. Dupont 10. Ntamack 11. Mallia 12. Chocobares 13. Barassi 14. Kinghorn 15. Ramos<\/li>\n<\/ol>\n<p>Banc : 16. Cramont ou Lacombre 17. Neti ou Mallez 18. Brennan 19. Roumat 20. Castro-Ferreira 21. Graou 22. Mallia 23. Aldegheri ou Colombe<\/p>\n<p>Partagez cette info avec vos amis et vos proches en cliquant ici<br \/>Pour r\u00e9sumer<\/p>\n<p>Le Stade Toulousain pourra compter comme souvent sur un effectif pl\u00e9thorique au moment de d\u00e9fendre son titre en Top 14. Entre recrues prometteuses, jeunes talents en devenir et cadres revanchards, retrouvez les forces en pr\u00e9sence et l\u2019\u00e9quipe-type pour la saison \u00e0 venir.<\/p>\n<p> <img decoding=\"async\" width=\"76\" height=\"76\" loading=\"lazy\" src=\"https:\/\/www.europesays.com\/fr\/wp-content\/uploads\/2025\/04\/avatar-quinze.png\" alt=\"Arnaud D\u00e9chelotte\"\/><\/p>\n","protected":false},"excerpt":{"rendered":"Le Stade Toulousain se lance dans une nouvelle mission pour marquer l\u2019histoire. Apr\u00e8s avoir d\u00e9fendu leur Bouclier de&hellip;\n","protected":false},"author":2,"featured_media":281356,"comment_status":"","ping_status":"","sticky":false,"template":"","format":"standard","meta":{"footnotes":""},"categories":[1416],"tags":[1011,27,479,1468,60],"class_list":{"0":"post-281355","1":"post","2":"type-post","3":"status-publish","4":"format-standard","5":"has-post-thumbnail","7":"category-rugby","8":"tag-fr","9":"tag-france","10":"tag-rugby","11":"tag-rugby-football","12":"tag-sports"},"share_on_mastodon":{"url":"https:\/\/pubeurope.com\/@fr\/114935255760571110","error":""},"_links":{"self":[{"href":"https:\/\/www.europesays.com\/fr\/wp-json\/wp\/v2\/posts\/281355","targetHints":{"allow":["GET"]}}],"collection":[{"href":"https:\/\/www.europesays.com\/fr\/wp-json\/wp\/v2\/posts"}],"about":[{"href":"https:\/\/www.europesays.com\/fr\/wp-json\/wp\/v2\/types\/post"}],"author":[{"embeddable":true,"href":"https:\/\/www.europesays.com\/fr\/wp-json\/wp\/v2\/users\/2"}],"replies":[{"embeddable":true,"href":"https:\/\/www.europesays.com\/fr\/wp-json\/wp\/v2\/comments?post=281355"}],"version-history":[{"count":0,"href":"https:\/\/www.europesays.com\/fr\/wp-json\/wp\/v2\/posts\/281355\/revisions"}],"wp:featuredmedia":[{"embeddable":true,"href":"https:\/\/www.europesays.com\/fr\/wp-json\/wp\/v2\/media\/281356"}],"wp:attachment":[{"href":"https:\/\/www.europesays.com\/fr\/wp-json\/wp\/v2\/media?parent=281355"}],"wp:term":[{"taxonomy":"category","embeddable":true,"href":"https:\/\/www.europesays.com\/fr\/wp-json\/wp\/v2\/categories?post=281355"},{"taxonomy":"post_tag","embeddable":true,"href":"https:\/\/www.europesays.com\/fr\/wp-json\/wp\/v2\/tags?post=281355"}],"curies":[{"name":"wp","href":"https:\/\/api.w.org\/{rel}","templated":true}]}}