{"id":281357,"date":"2025-07-29T07:06:14","date_gmt":"2025-07-29T07:06:14","guid":{"rendered":"https:\/\/www.europesays.com\/fr\/281357\/"},"modified":"2025-07-29T07:06:14","modified_gmt":"2025-07-29T07:06:14","slug":"osaka-bientot-accompagnee-par-wiktorowski-passe-le-premier-tour-a-montreal","status":"publish","type":"post","link":"https:\/\/www.europesays.com\/fr\/281357\/","title":{"rendered":"Osaka, bient\u00f4t accompagn\u00e9e par Wiktorowski, passe le premier tour \u00e0 Montr\u00e9al"},"content":{"rendered":"<p>                <img decoding=\"async\" src=\"https:\/\/www.europesays.com\/fr\/wp-content\/uploads\/2025\/07\/N2hP.jpg\" alt=\"Osaka, bient\u00f4t accompagn\u00e9e par Wiktorowski, passe le premier tour \u00e0 Montr\u00e9al\"\/><\/p>\n<p><strong>Naomi Osaka faisait partie des t\u00eates d\u2019affiche de la programmation du jour \u00e0 Montr\u00e9al.<\/strong><\/p>\n<p>Oppos\u00e9e \u00e0 Ariana Arseneault, qualifi\u00e9e et 515e mondiale, la Japonaise n&rsquo;a pas \u00e9t\u00e9 inqui\u00e9t\u00e9e et s&rsquo;est impos\u00e9e 6-4, 6-2 en 1h15. Un succ\u00e8s rapide qui permet \u00e0 l\u2019ancienne n\u00b01 mondiale de rejoindre Liudmila Samsonova au deuxi\u00e8me tour.<\/p>\n<p>\u00c0 noter que Tomasz Wiktorowski, ancien coach d\u2019Iga Swiatek, accompagnera Osaka durant ce tournoi dans le cadre d\u2019une p\u00e9riode d\u2019essai. L\u2019information avait \u00e9t\u00e9 publi\u00e9e un peu plus t\u00f4t dans la journ\u00e9e par le m\u00e9dia Polski Tenis.<\/p>\n","protected":false},"excerpt":{"rendered":"Naomi Osaka faisait partie des t\u00eates d\u2019affiche de la programmation du jour \u00e0 Montr\u00e9al. Oppos\u00e9e \u00e0 Ariana Arseneault,&hellip;\n","protected":false},"author":2,"featured_media":281358,"comment_status":"","ping_status":"","sticky":false,"template":"","format":"standard","meta":{"footnotes":""},"categories":[1415],"tags":[1011,27,60,1467],"class_list":{"0":"post-281357","1":"post","2":"type-post","3":"status-publish","4":"format-standard","5":"has-post-thumbnail","7":"category-tennis","8":"tag-fr","9":"tag-france","10":"tag-sports","11":"tag-tennis"},"share_on_mastodon":{"url":"https:\/\/pubeurope.com\/@fr\/114935259654458143","error":""},"_links":{"self":[{"href":"https:\/\/www.europesays.com\/fr\/wp-json\/wp\/v2\/posts\/281357","targetHints":{"allow":["GET"]}}],"collection":[{"href":"https:\/\/www.europesays.com\/fr\/wp-json\/wp\/v2\/posts"}],"about":[{"href":"https:\/\/www.europesays.com\/fr\/wp-json\/wp\/v2\/types\/post"}],"author":[{"embeddable":true,"href":"https:\/\/www.europesays.com\/fr\/wp-json\/wp\/v2\/users\/2"}],"replies":[{"embeddable":true,"href":"https:\/\/www.europesays.com\/fr\/wp-json\/wp\/v2\/comments?post=281357"}],"version-history":[{"count":0,"href":"https:\/\/www.europesays.com\/fr\/wp-json\/wp\/v2\/posts\/281357\/revisions"}],"wp:featuredmedia":[{"embeddable":true,"href":"https:\/\/www.europesays.com\/fr\/wp-json\/wp\/v2\/media\/281358"}],"wp:attachment":[{"href":"https:\/\/www.europesays.com\/fr\/wp-json\/wp\/v2\/media?parent=281357"}],"wp:term":[{"taxonomy":"category","embeddable":true,"href":"https:\/\/www.europesays.com\/fr\/wp-json\/wp\/v2\/categories?post=281357"},{"taxonomy":"post_tag","embeddable":true,"href":"https:\/\/www.europesays.com\/fr\/wp-json\/wp\/v2\/tags?post=281357"}],"curies":[{"name":"wp","href":"https:\/\/api.w.org\/{rel}","templated":true}]}}