{"id":281359,"date":"2025-07-29T07:08:11","date_gmt":"2025-07-29T07:08:11","guid":{"rendered":"https:\/\/www.europesays.com\/fr\/281359\/"},"modified":"2025-07-29T07:08:11","modified_gmt":"2025-07-29T07:08:11","slug":"motogp-alex-marquez-face-a-un-mur-rouge-pourquoi-ducati-ne-lui-ouvrira-pas-les-portes-de-son-equipe-usine","status":"publish","type":"post","link":"https:\/\/www.europesays.com\/fr\/281359\/","title":{"rendered":"MotoGP, Alex Marquez face \u00e0 un mur rouge : pourquoi Ducati ne lui ouvrira pas les portes de son \u00e9quipe usine"},"content":{"rendered":"<p><strong>La belle histoire des fr\u00e8res Marquez partageant le m\u00eame<br \/>\nbox semble bel et bien derri\u00e8re nous. Apr\u00e8s une saison pass\u00e9e c\u00f4te<br \/>\n\u00e0 c\u00f4te chez Gresini, et une pr\u00e9c\u00e9dente tentative chez Honda avort\u00e9e<br \/>\npar les circonstances que l\u2019on sait, Marc et Alex Marquez ont vu<br \/>\nleurs chemins se s\u00e9parer cette ann\u00e9e. Marc a rejoint l\u2019\u00e9quipe<br \/>\nd\u2019usine Ducati, \u00e9quip\u00e9 de la redoutable GP25, tandis qu\u2019Alex<br \/>\npoursuit chez Gresini sur une GP24.<\/strong><\/p>\n<p>Mais contre toute attente, c\u2019est bien <strong>Alex<\/strong> \u2013 et<br \/>\nnon <strong>Pecco Bagnaia<\/strong> \u2013 qui a offert la plus grande<br \/>\nr\u00e9sistance \u00e0 son fr\u00e8re en piste. Une performance qui relance<br \/>\nforc\u00e9ment les sp\u00e9culations sur son avenir\u2026 Mais du c\u00f4t\u00e9 de<br \/>\n<strong>Ducati<\/strong>, la r\u00e9ponse semble claire : il ne portera<br \/>\npas le rouge officiel.<\/p>\n<p>\u00ab Oui, une partie de lui r\u00eave s\u00fbrement d\u2019un jour rejoindre<br \/>\nl\u2019\u00e9quipe d\u2019usine aux c\u00f4t\u00e9s de son fr\u00e8re \u00bb, a reconnu Michael<br \/>\nLaverty sur <a href=\"https:\/\/www.crash.net\/motogp\/news\/1077231\/1\/alex-marquez-told-what-hed-love-ducati-not-reality\" rel=\"nofollow noopener\" target=\"_blank\"><br \/>\nTNT Sports<\/a> au sujet d\u2019Alex. \u00ab <strong>Mais est-ce r\u00e9aliste<br \/>\nde remplacer un champion italien dans une \u00e9quipe italienne<br \/>\n?<\/strong> Pas vraiment. \u00bb<\/p>\n<p>M\u00eame son de cloche du c\u00f4t\u00e9 de Neil Hodgson, ancien champion et<br \/>\nconsultant : \u00ab je serais tr\u00e8s surpris si Ducati signait Alex.<br \/>\nIls ont d\u00e9j\u00e0 leur champion : Marc. Et s\u2019ils devaient recruter, ce<br \/>\nserait probablement un jeune dans la vingtaine, pas Alex qui aura<br \/>\n31 ans. \u00bb<\/p>\n<p><img loading=\"lazy\" decoding=\"async\" class=\"aligncenter size-full wp-image-1314464\" src=\"https:\/\/www.europesays.com\/fr\/wp-content\/uploads\/2025\/07\/Alex-Marquez-1-2.jpg\" alt=\"Alex Marquez \" width=\"600\" height=\"386\"  \/><\/p>\n<p><strong>Alex Marquez est-il<br \/>\n\u00a0condamn\u00e9 \u00e0 briller dans l\u2019ombre ?<\/strong><\/p>\n<p>Pendant ce temps, <strong>Bagnaia<\/strong> peine \u00e0 tirer le<br \/>\nplein potentiel de la GP25, contrairement \u00e0 <strong>Marc<br \/>\nMarquez<\/strong>, qui l\u2019a apprivois\u00e9e avec aisance. <strong>Fabio<br \/>\nDi Giannantonio<\/strong>, \u00e9galement sur GP25, reste irr\u00e9gulier<br \/>\nmalgr\u00e9 l\u2019avantage technologique suppos\u00e9. \u00c0 l\u2019inverse, les pilotes<br \/>\nsur GP24, comme <strong>Alex Marquez<\/strong> ou <a href=\"https:\/\/www.paddock-gp.com\/motogp-pecco-bagnaia-sous-pression-chez-ducati-giacomo-agostini-suggere-aldeguer-ou-bezzecchi-comme-remplacants\/\" rel=\"nofollow noopener\" target=\"_blank\"><br \/>\n<strong>Fermin Aldeguer<\/strong><\/a>, se montrent plus<br \/>\nconstants.<\/p>\n<p>Justement, <strong>Aldeguer<\/strong>, 20 ans \u00e0 peine,<br \/>\nimpressionne pour sa premi\u00e8re saison. Il est d\u00e9j\u00e0 mont\u00e9 sur son<br \/>\npremier podium, et il a un plan de carri\u00e8re qui lui promet d\u2019\u00eatre<br \/>\nun futur pilote d\u2019usine par <strong>Ducati<\/strong>.<\/p>\n<p style=\"text-align: left;\">Mais pour <strong>Alex<br \/>\nMarquez<\/strong>, le message semble limpide : la marche vers<br \/>\nl\u2019\u00e9quipe officielle para\u00eet d\u00e9sormais inaccessible, tant que<br \/>\n<strong>Bagnaia<\/strong> conserve le soutien ind\u00e9fectible du patron<br \/>\n<a href=\"https:\/\/www.paddock-gp.com\/motogp-claudio-domenicali-inquiet-pour-pecco-bagnaia-quelque-chose-de-fondamental-ne-va-pas\/\" rel=\"nofollow noopener\" target=\"_blank\"><br \/>\n<strong>Claudio Domenicali<\/strong><\/a>, et que la priorit\u00e9 est<br \/>\ndonn\u00e9e \u00e0 la jeunesse.<\/p>\n<p><img loading=\"lazy\" decoding=\"async\" class=\"aligncenter\" src=\"https:\/\/www.europesays.com\/fr\/wp-content\/uploads\/2025\/07\/gng_1246652_hires.jpg\" alt=\"Alex Marquez\" width=\"818\" height=\"544\"\/><\/p>\n<p>\u00a0<\/p>\n","protected":false},"excerpt":{"rendered":"La belle histoire des fr\u00e8res Marquez partageant le m\u00eame box semble bel et bien derri\u00e8re nous. Apr\u00e8s une&hellip;\n","protected":false},"author":2,"featured_media":281360,"comment_status":"","ping_status":"","sticky":false,"template":"","format":"standard","meta":{"footnotes":""},"categories":[1413],"tags":[1011,27,1457,1456,60],"class_list":{"0":"post-281359","1":"post","2":"type-post","3":"status-publish","4":"format-standard","5":"has-post-thumbnail","7":"category-moto","8":"tag-fr","9":"tag-france","10":"tag-moto","11":"tag-motocycle","12":"tag-sports"},"share_on_mastodon":{"url":"https:\/\/pubeurope.com\/@fr\/114935267587025836","error":""},"_links":{"self":[{"href":"https:\/\/www.europesays.com\/fr\/wp-json\/wp\/v2\/posts\/281359","targetHints":{"allow":["GET"]}}],"collection":[{"href":"https:\/\/www.europesays.com\/fr\/wp-json\/wp\/v2\/posts"}],"about":[{"href":"https:\/\/www.europesays.com\/fr\/wp-json\/wp\/v2\/types\/post"}],"author":[{"embeddable":true,"href":"https:\/\/www.europesays.com\/fr\/wp-json\/wp\/v2\/users\/2"}],"replies":[{"embeddable":true,"href":"https:\/\/www.europesays.com\/fr\/wp-json\/wp\/v2\/comments?post=281359"}],"version-history":[{"count":0,"href":"https:\/\/www.europesays.com\/fr\/wp-json\/wp\/v2\/posts\/281359\/revisions"}],"wp:featuredmedia":[{"embeddable":true,"href":"https:\/\/www.europesays.com\/fr\/wp-json\/wp\/v2\/media\/281360"}],"wp:attachment":[{"href":"https:\/\/www.europesays.com\/fr\/wp-json\/wp\/v2\/media?parent=281359"}],"wp:term":[{"taxonomy":"category","embeddable":true,"href":"https:\/\/www.europesays.com\/fr\/wp-json\/wp\/v2\/categories?post=281359"},{"taxonomy":"post_tag","embeddable":true,"href":"https:\/\/www.europesays.com\/fr\/wp-json\/wp\/v2\/tags?post=281359"}],"curies":[{"name":"wp","href":"https:\/\/api.w.org\/{rel}","templated":true}]}}