{"id":281361,"date":"2025-07-29T07:09:11","date_gmt":"2025-07-29T07:09:11","guid":{"rendered":"https:\/\/www.europesays.com\/fr\/281361\/"},"modified":"2025-07-29T07:09:11","modified_gmt":"2025-07-29T07:09:11","slug":"lol-reconnait-un-resultat-financier-tres-deficitaire","status":"publish","type":"post","link":"https:\/\/www.europesays.com\/fr\/281361\/","title":{"rendered":"l&rsquo;OL reconna\u00eet un r\u00e9sultat financier \u00abtr\u00e8s d\u00e9ficitaire\u00bb"},"content":{"rendered":"<p>L\u2019Eagle Football Group a annonc\u00e9 lundi un produit d\u2019activit\u00e9 en chute de 24% pour 2024-25<\/p>\n<p class=\"fig-paragraph\">L&rsquo;Eagle Football Group, qui g\u00e8re l&rsquo;Olympique lyonnais (Ligue 1), a annonc\u00e9 lundi un produit d&rsquo;activit\u00e9 en chute de 24% pour 2024-25, et averti que son compte de r\u00e9sultat, qui sera publi\u00e9 dans les prochaines semaines, sera \u00abtr\u00e8s d\u00e9ficitaire\u00bb.<\/p>\n<p class=\"fig-paragraph\">Le produit d&rsquo;activit\u00e9 s&rsquo;est \u00e9lev\u00e9 \u00e0 273,8 millions d&rsquo;euros en 2024-25, soit un recul de 87,6 M EUR par rapport \u00e0 l&rsquo;exercice pr\u00e9c\u00e9dent (361,3 M EUR), a indiqu\u00e9 le groupe dans un communiqu\u00e9.<\/p>\n<p class=\"fig-body-link\">\n            \u00c0 lire aussi<br \/>\n        <a class=\"fig-body-link__link\" href=\"http:\/\/www.lefigaro.fr\/sports\/football\/ligue-1\/nee-en-coree-du-sud-businesswoman-engagee-5-choses-a-savoir-sur-michele-kang-la-nouvelle-presidente-de-l-ol-20250630\" data-fig-type=\"NewsFlash\" data-gtm-custom-categorie=\"navigation\" data-gtm-custom-action=\"crossclick\" data-gtm-custom-label=\"Contextuel\" data-gtm-event=\"customEventSPE\" data-fig-domain=\"LEFIGARO\" rel=\"nofollow noopener\" target=\"_blank\">Milliardaire, businesswoman engag\u00e9e&#8230; 5 choses \u00e0 savoir sur Michele Kang, la nouvelle pr\u00e9sidente de l\u2019OL<br \/>\n    <\/a>\n<\/p>\n<p>                                    <a class=\"fig-a11y-skip a11y-hidden\" href=\"#fig-a11y-skip-main-inarticle\"><br \/>\n        Passer la publicit\u00e9<br \/>\n    <\/a><\/p>\n<p class=\"fig-paragraph\">Si les revenus de la billetterie sont en hausse de 8,9 M EUR (+26%), gr\u00e2ce notamment \u00e0 la participation \u00e0 la Ligue Europa non disput\u00e9e en 2023-2024, et une hausse des recettes en Ligue 1 (+3 M EUR), l&rsquo;exercice est marqu\u00e9 par la forte baisse des droits TV et du marketing (-52%, 45,7 M EUR contre 95,4 M EUR).<\/p>\n<p>L\u2019impact n\u00e9gatif des droits t\u00e9l\u00e9<\/p>\n<p class=\"fig-paragraph\">Les droits TV nationaux ont notamment fondu de 71,8 M EUR, en raison, notamment, de l&rsquo;impact de l&rsquo;importante baisse des revenus li\u00e9e \u00e0 l&rsquo;accord de droits TV entre DAZN et la LFP pour le cycle 2024-2029.<\/p>\n<p class=\"fig-paragraph\">La baisse de 6,8 M EUR des revenus de partenariats et publicit\u00e9 (30,4 M EUR contre 37,1 M EUR) s&rsquo;explique par les cessions de l&rsquo;OL f\u00e9minin, de l&rsquo;OL Vall\u00e9e Arena et du club am\u00e9ricain OL Reign.<\/p>\n<p class=\"fig-paragraph\">L&rsquo;impact de ces sorties de p\u00e9rim\u00e8tre s&rsquo;\u00e9l\u00e8ve aussi \u00e0 4,8 M EUR sur les produits de la marque, lesquels b\u00e9n\u00e9ficiaient d&rsquo;une redevance forfaitaire de 26,9 M EUR correspondant \u00e0 la concession d&rsquo;une licence des marques \u00abOlympique lyonnais\u00bb \u00e0 l&rsquo;OL f\u00e9minin sign\u00e9e avec Michele Kang le 8 f\u00e9vrier 2024.<\/p>\n<p class=\"fig-paragraph\">Les recettes li\u00e9es aux \u00e9v\u00e9nements organis\u00e9s par l&rsquo;OL sont en net recul (-57%) et s&rsquo;\u00e9tablissent \u00e0 18,7 M EUR.<\/p>\n<p>                                    <a class=\"fig-a11y-skip a11y-hidden\" href=\"#fig-a11y-skip-main-inarticle_mtf\"><br \/>\n        Passer la publicit\u00e9<br \/>\n    <\/a><\/p>\n<p class=\"fig-paragraph\">Dans un contexte marqu\u00e9 par la r\u00e9trogradation administrative du club en Ligue 2, prononc\u00e9e le 24 juin par la DNCG, avant d&rsquo;\u00eatre r\u00e9int\u00e9gr\u00e9 en appel le 9 juillet, les cessions de joueurs sont en hausse de 15 % avec 111,6 M EUR enregistr\u00e9s, dont le transfert de Rayan Cherki \u00e0 Manchester City pour 42,5 M EUR.<\/p>\n<p class=\"fig-paragraph\">Le club, soumis \u00e0 un encadrement de sa masse salariale et des indemnit\u00e9s de mutation, affiche n\u00e9anmoins l&rsquo;objectif sportif d&rsquo;une qualification europ\u00e9enne r\u00e9currente, sous la nouvelle pr\u00e9sidence de Michele Kang, apr\u00e8s la d\u00e9mission de John Textor.<\/p>\n<p class=\"fig-paragraph\">Avec les derniers apports d&rsquo;actionnaires et les objectifs envisag\u00e9s pour la saison 2025-2026, l&rsquo;ensemble des besoins d&rsquo;exploitation et des diff\u00e9rents engagements financiers d&rsquo;Eagle Football Group, vis-\u00e0-vis des fournisseurs ou des organismes sociaux, devrait \u00eatre couvert.<\/p>\n","protected":false},"excerpt":{"rendered":"L\u2019Eagle Football Group a annonc\u00e9 lundi un produit d\u2019activit\u00e9 en chute de 24% pour 2024-25 L&rsquo;Eagle Football Group,&hellip;\n","protected":false},"author":2,"featured_media":281362,"comment_status":"","ping_status":"","sticky":false,"template":"","format":"standard","meta":{"footnotes":""},"categories":[1412],"tags":[10259,1451,1452,1453,1454,1455,1011,27,978,60],"class_list":{"0":"post-281361","1":"post","2":"type-post","3":"status-publish","4":"format-standard","5":"has-post-thumbnail","7":"category-f1","8":"tag-deficit","9":"tag-f1","10":"tag-formula-1","11":"tag-formula1","12":"tag-formule-1","13":"tag-formule1","14":"tag-fr","15":"tag-france","16":"tag-olympique-lyonnais","17":"tag-sports"},"share_on_mastodon":{"url":"https:\/\/pubeurope.com\/@fr\/114935271450430745","error":""},"_links":{"self":[{"href":"https:\/\/www.europesays.com\/fr\/wp-json\/wp\/v2\/posts\/281361","targetHints":{"allow":["GET"]}}],"collection":[{"href":"https:\/\/www.europesays.com\/fr\/wp-json\/wp\/v2\/posts"}],"about":[{"href":"https:\/\/www.europesays.com\/fr\/wp-json\/wp\/v2\/types\/post"}],"author":[{"embeddable":true,"href":"https:\/\/www.europesays.com\/fr\/wp-json\/wp\/v2\/users\/2"}],"replies":[{"embeddable":true,"href":"https:\/\/www.europesays.com\/fr\/wp-json\/wp\/v2\/comments?post=281361"}],"version-history":[{"count":0,"href":"https:\/\/www.europesays.com\/fr\/wp-json\/wp\/v2\/posts\/281361\/revisions"}],"wp:featuredmedia":[{"embeddable":true,"href":"https:\/\/www.europesays.com\/fr\/wp-json\/wp\/v2\/media\/281362"}],"wp:attachment":[{"href":"https:\/\/www.europesays.com\/fr\/wp-json\/wp\/v2\/media?parent=281361"}],"wp:term":[{"taxonomy":"category","embeddable":true,"href":"https:\/\/www.europesays.com\/fr\/wp-json\/wp\/v2\/categories?post=281361"},{"taxonomy":"post_tag","embeddable":true,"href":"https:\/\/www.europesays.com\/fr\/wp-json\/wp\/v2\/tags?post=281361"}],"curies":[{"name":"wp","href":"https:\/\/api.w.org\/{rel}","templated":true}]}}