{"id":281369,"date":"2025-07-29T07:14:10","date_gmt":"2025-07-29T07:14:10","guid":{"rendered":"https:\/\/www.europesays.com\/fr\/281369\/"},"modified":"2025-07-29T07:14:10","modified_gmt":"2025-07-29T07:14:10","slug":"les-lectures-de-lete-de-louise-bentkowski","status":"publish","type":"post","link":"https:\/\/www.europesays.com\/fr\/281369\/","title":{"rendered":"Les lectures de l&rsquo;\u00e9t\u00e9 de&#8230; Louise Bentkowski"},"content":{"rendered":"<p>Que liront les \u00e9crivain\u00b7es cet \u00e9t\u00e9 ? On a demand\u00e9 \u00e0 plusieurs auteur\u00b7ices les livres qu\u2019ils emportaient dans leur valise pour leurs vacances. Aujourd\u2019hui, Louise Bentkowski nous r\u00e9v\u00e8le se lancer dans \u201cL\u2019Odyss\u00e9e\u201d d\u2019Hom\u00e8re. <\/p>\n<p>\u201cJe ne suis pas du genre \u00e0 faire des listes de lecture (car si j\u2019en \u00e9tablis, je finis g\u00e9n\u00e9ralement par les abandonner et faire tout le contraire). Mais cette ann\u00e9e l\u2019\u00e9t\u00e9 et les vacances ont d\u00e9j\u00e0 commenc\u00e9 pour moi et je me suis mise \u00e0 lire L\u2019Odyss\u00e9e d\u2019Hom\u00e8re, ce genre de lecture dont on se dit qu\u2019il nous faudra un temps long, loin de l\u2019agitation du travail pour s\u2019y plonger. J\u2019avais aussi envie de lire quelque chose de tr\u00e8s ancien et fondateur pour prendre du recul sur le bain litt\u00e9raire dans lequel je trempe. Ce qui m\u2019int\u00e9resse particuli\u00e8rement, c\u2019est le fait que cette histoire vienne \u00e0 l\u2019origine d\u2019une transmission orale et qu\u2019encore aujourd\u2019hui on la connaisse sans vraiment l\u2019avoir lue. \u00c7a me fascine cette question de la transmission des histoires et ce trouble sur les origines qui va jusqu\u2019au fait qu\u2019on pense qu\u2019Hom\u00e8re n\u2019en serait pas le seul auteur (ce qui remet en question une certaine vision contemporaine qui superpose d\u2019office grande \u0153uvre et auteur\u00b7ice de g\u00e9nie). Voil\u00e0 en fait cet \u00e9t\u00e9 ,je continue avec les chants.\u201d<\/p>\n<p>R\u00e9cit fondateur s\u2019il en est, L\u2019Odyss\u00e9e raconte le retour d\u2019Ulysse \u00e0 Ithaque apr\u00e8s la guerre de Troie. Alors qu\u2019il cherche \u00e0 retourner aupr\u00e8s de sa femme P\u00e9n\u00e9lope et de son fils T\u00e9l\u00e9maque, son voyage se complexifie et conna\u00eet mille rebondissements, marqu\u00e9s par des rencontres avec nombre de personnages mythologiques. On ne compte pas le nombre d\u2019\u00e9crivain\u00b7es et <a href=\"https:\/\/www.lesinrocks.com\/cinema\/adapter-lodyssee-le-prochain-projet-epique-de-christopher-nolan-638103-24-12-2024\/\" rel=\"nofollow noopener\" target=\"_blank\">d\u2019artistes \u00e0 travers le monde que cette \u00e9pop\u00e9e a inspir\u00e9\u00b7es<\/a>.\u00a0<\/p>\n<p><strong>L\u2019Odyss\u00e9e, d\u2019Hom\u00e8re. Traduit du grec ancien par Fr\u00e9d\u00e9ric Mugler, (Actes sud Babel 2025), 464 p., 10,20 \u20ac.<\/strong><\/p>\n<p><strong>Louise Bentkowski, dernier titre publi\u00e9\u00a0: <a href=\"https:\/\/www.lesinrocks.com\/livres\/qui-est-louise-bentkowski-autrice-dun-premier-roman-remarque-631654-14-10-2024\/\" rel=\"nofollow noopener\" target=\"_blank\">Constellucination<\/a> (Verdier 2024), 128 p., 17 \u20ac.<\/strong><\/p>\n<p>Propos recueillis par Sylvie Tanette<\/p>\n","protected":false},"excerpt":{"rendered":"Que liront les \u00e9crivain\u00b7es cet \u00e9t\u00e9 ? On a demand\u00e9 \u00e0 plusieurs auteur\u00b7ices les livres qu\u2019ils emportaient dans&hellip;\n","protected":false},"author":2,"featured_media":281370,"comment_status":"","ping_status":"","sticky":false,"template":"","format":"standard","meta":{"footnotes":""},"categories":[1357],"tags":[1379,58,59,1011,27,1380],"class_list":{"0":"post-281369","1":"post","2":"type-post","3":"status-publish","4":"format-standard","5":"has-post-thumbnail","7":"category-livres","8":"tag-books","9":"tag-divertissement","10":"tag-entertainment","11":"tag-fr","12":"tag-france","13":"tag-livres"},"share_on_mastodon":{"url":"https:\/\/pubeurope.com\/@fr\/114935291393134078","error":""},"_links":{"self":[{"href":"https:\/\/www.europesays.com\/fr\/wp-json\/wp\/v2\/posts\/281369","targetHints":{"allow":["GET"]}}],"collection":[{"href":"https:\/\/www.europesays.com\/fr\/wp-json\/wp\/v2\/posts"}],"about":[{"href":"https:\/\/www.europesays.com\/fr\/wp-json\/wp\/v2\/types\/post"}],"author":[{"embeddable":true,"href":"https:\/\/www.europesays.com\/fr\/wp-json\/wp\/v2\/users\/2"}],"replies":[{"embeddable":true,"href":"https:\/\/www.europesays.com\/fr\/wp-json\/wp\/v2\/comments?post=281369"}],"version-history":[{"count":0,"href":"https:\/\/www.europesays.com\/fr\/wp-json\/wp\/v2\/posts\/281369\/revisions"}],"wp:featuredmedia":[{"embeddable":true,"href":"https:\/\/www.europesays.com\/fr\/wp-json\/wp\/v2\/media\/281370"}],"wp:attachment":[{"href":"https:\/\/www.europesays.com\/fr\/wp-json\/wp\/v2\/media?parent=281369"}],"wp:term":[{"taxonomy":"category","embeddable":true,"href":"https:\/\/www.europesays.com\/fr\/wp-json\/wp\/v2\/categories?post=281369"},{"taxonomy":"post_tag","embeddable":true,"href":"https:\/\/www.europesays.com\/fr\/wp-json\/wp\/v2\/tags?post=281369"}],"curies":[{"name":"wp","href":"https:\/\/api.w.org\/{rel}","templated":true}]}}