{"id":281373,"date":"2025-07-29T07:16:11","date_gmt":"2025-07-29T07:16:11","guid":{"rendered":"https:\/\/www.europesays.com\/fr\/281373\/"},"modified":"2025-07-29T07:16:11","modified_gmt":"2025-07-29T07:16:11","slug":"jean-luc-lahaye-cinq-minutes-montre-en-main-le-chanteur-furieux-apres-son-mariage-a-la-mairie","status":"publish","type":"post","link":"https:\/\/www.europesays.com\/fr\/281373\/","title":{"rendered":"Jean-Luc Lahaye : \u00ab\u00a0Cinq minutes montre en main&#8230;\u00a0\u00bb, le chanteur furieux apr\u00e8s son mariage \u00e0 la mairie"},"content":{"rendered":"<p class=\"p1\">Jean-Luc Lahaye a dit \u201coui\u201d \u00e0 sa compagne.<br \/>\nLe mercredi 2 juillet, l\u2019homme de 72 ans s\u2019est <a href=\"https:\/\/www.closermag.fr\/people\/jean-luc-lahaye-bientot-marie-qui-est-paola-sa-tres-jeune-compagne-choisie-a-lechographie-3560099\" target=\"_blank\" rel=\"noopener\"><br \/>\nmari\u00e9 avec Paola<\/a>, une jeune femme de 30 ans sa cadette. Alors<br \/>\nque le chanteur est toujours <strong>soup\u00e7onn\u00e9 de viols et<br \/>\nd\u2019agressions sexuelles<\/strong> sur deux fans, celle qui partage sa<br \/>\nvie depuis 2018 n\u2019a jamais cess\u00e9 de le soutenir.<\/p>\n<p class=\"p1\">Apr\u00e8s sept ans d\u2019amour, Jean-Luc Lahaye et Paola se<br \/>\nsont unis \u00e0 <strong>la mairie du 18e arrondissement<\/strong> de<br \/>\nParis. \u201cNotre mariage s\u2019est pass\u00e9 dans la joie et dans l\u2019amour<br \/>\navec nos familles et amis\u201d, a-t-il confi\u00e9 au <a href=\"https:\/\/www.leparisien.fr\/culture-loisirs\/musique\/aucun-collectif-feministe-ne-marretera-mis-en-examen-pour-viols-jean-luc-lahaye-sexprime-pour-la-premiere-fois-27-07-2025-WGQANRMWH5CCBMISH6VVZ65J7M.php\" target=\"_blank\" rel=\"nofollow noopener\">Parisien<\/a>, le<br \/>\ndimanche 27 juillet.<\/p>\n<p>Le chanteur a \u00e9t\u00e9 d\u00e9\u00e7u par la dur\u00e9e de la<br \/>\nc\u00e9r\u00e9monie<\/p>\n<p class=\"p1\">Le mariage de Jean-Luc Lahaye a beaucoup fait parler.<br \/>\nAvant la c\u00e9r\u00e9monie, certains craignaient d\u2019ailleurs des<br \/>\n<strong>perturbations<\/strong> en raison de ses d\u00e9m\u00eal\u00e9s<br \/>\njudiciaires. Tout s\u2019est finalement bien pass\u00e9 pour l\u2019artiste. Il a<br \/>\nm\u00eame pu compter sur <a href=\"https:\/\/www.closermag.fr\/people\/jean-luc-lahaye-il-revele-son-tres-inattendu-temoin-de-mariage-lors-de-son-union-avec-paola-3567402\" target=\"_blank\" rel=\"noopener\"><br \/>\nson ex-compagne Vanessa<\/a>, venue en tant que t\u00e9moin. Une pr\u00e9sence<br \/>\nqui contrebalan\u00e7ait <strong>l\u2019absence de sa fille<\/strong><br \/>\nparapl\u00e9gique, Margaux Lahaye.<\/p>\n<p class=\"p1\">Si aucun \u00e9l\u00e9ment ext\u00e9rieur n\u2019a perturb\u00e9 <a href=\"https:\/\/www.closermag.fr\/people\/mariage-de-jean-luc-lahaye-et-paola-vip-oublies-baskets-et-tetes-de-mort-les-images-de-la-ceremonie-decriee-3560356\" target=\"_blank\" rel=\"noopener\"><br \/>\nla c\u00e9r\u00e9monie civile<\/a>, celle-ci a \u00e9t\u00e9 <strong>jug\u00e9e trop<br \/>\ncourte<\/strong> par le mari de Paola. \u201cJe regrette juste que<br \/>\nl\u2019\u00e9lu qui nous a mari\u00e9s nous ait exp\u00e9di\u00e9s en cinq minutes montre en<br \/>\nmain \u00e0 la mairie du 18e arrondissement de Paris\u201d, a-t-il<br \/>\nexpliqu\u00e9. Une attitude qui ne serait pas anodine, si l\u2019on en croit<br \/>\nl\u2019interpr\u00e8te de Femme que j\u2019aime.<\/p>\n<p>Jean-Luc Lahaye : \u201cIl a c\u00e9d\u00e9 \u00e0 la<br \/>\npression\u2026\u201d<\/p>\n<p class=\"p1\">Selon <a href=\"https:\/\/www.closermag.fr\/people\/jean-luc-lahaye-vises-avec-des-lasers-il-revient-sans-filtre-sur-son-interpellation-au-saut-du-lit-3567368\" target=\"_blank\" rel=\"noopener\"><br \/>\nJean-Luc Lahaye<\/a>, le maire du 18e arrondissement de Paris, \u00c9ric<br \/>\nLejoindre l\u2019aurait <strong>emp\u00each\u00e9 de se produire<\/strong> pour une<br \/>\nassociation caritative au mois de juin. Celui-ci serait \u00e9galement<br \/>\nintervenu dans le d\u00e9roulement de sa c\u00e9r\u00e9monie civile. \u201cIl a<br \/>\nc\u00e9d\u00e9 \u00e0 la pression de la pr\u00e9sidente de l\u2019association La Voix de<br \/>\nl\u2019enfant, partie civile dans mon dossier, qui lui a \u00e9crit un<br \/>\ncourrier\u201d, a-t-il affirm\u00e9.<\/p>\n<p class=\"p1\">Alors que le chanteur d\u00e9nonce<br \/>\n\u201cl\u2019emballement\u201d autour des accusations \u00e0 son encontre, il<br \/>\nsouhaite avant tout se concentrer sur l&rsquo;essentiel. Un peu plus de<br \/>\ndeux semaines apr\u00e8s son passage \u00e0 la mairie, <a href=\"https:\/\/www.closermag.fr\/people\/jean-luc-lahaye-et-sa-jeune-compagne-en-blanc-immacule-se-redisent-oui-au-chateau-de-janvry-video-3566130\" target=\"_blank\" rel=\"noopener\"><br \/>\nune seconde c\u00e9r\u00e9monie<\/a> de mariage a \u00e9t\u00e9 organis\u00e9e. Un \u00e9v\u00e9nement<br \/>\nqui a permis \u00e0 Jean-Luc Lahaye et Paola de <strong>profiter<br \/>\npleinement<\/strong> des festivit\u00e9s.<\/p>\n","protected":false},"excerpt":{"rendered":"Jean-Luc Lahaye a dit \u201coui\u201d \u00e0 sa compagne. Le mercredi 2 juillet, l\u2019homme de 72 ans s\u2019est mari\u00e9&hellip;\n","protected":false},"author":2,"featured_media":281374,"comment_status":"","ping_status":"","sticky":false,"template":"","format":"standard","meta":{"footnotes":""},"categories":[1355],"tags":[548,58,59,1011,27,9415,1361,873],"class_list":{"0":"post-281373","1":"post","2":"type-post","3":"status-publish","4":"format-standard","5":"has-post-thumbnail","7":"category-musique","8":"tag-article-simple","9":"tag-divertissement","10":"tag-entertainment","11":"tag-fr","12":"tag-france","13":"tag-jean-luc-lahaye","14":"tag-music","15":"tag-musique"},"share_on_mastodon":{"url":"https:\/\/pubeurope.com\/@fr\/114935299079194867","error":""},"_links":{"self":[{"href":"https:\/\/www.europesays.com\/fr\/wp-json\/wp\/v2\/posts\/281373","targetHints":{"allow":["GET"]}}],"collection":[{"href":"https:\/\/www.europesays.com\/fr\/wp-json\/wp\/v2\/posts"}],"about":[{"href":"https:\/\/www.europesays.com\/fr\/wp-json\/wp\/v2\/types\/post"}],"author":[{"embeddable":true,"href":"https:\/\/www.europesays.com\/fr\/wp-json\/wp\/v2\/users\/2"}],"replies":[{"embeddable":true,"href":"https:\/\/www.europesays.com\/fr\/wp-json\/wp\/v2\/comments?post=281373"}],"version-history":[{"count":0,"href":"https:\/\/www.europesays.com\/fr\/wp-json\/wp\/v2\/posts\/281373\/revisions"}],"wp:featuredmedia":[{"embeddable":true,"href":"https:\/\/www.europesays.com\/fr\/wp-json\/wp\/v2\/media\/281374"}],"wp:attachment":[{"href":"https:\/\/www.europesays.com\/fr\/wp-json\/wp\/v2\/media?parent=281373"}],"wp:term":[{"taxonomy":"category","embeddable":true,"href":"https:\/\/www.europesays.com\/fr\/wp-json\/wp\/v2\/categories?post=281373"},{"taxonomy":"post_tag","embeddable":true,"href":"https:\/\/www.europesays.com\/fr\/wp-json\/wp\/v2\/tags?post=281373"}],"curies":[{"name":"wp","href":"https:\/\/api.w.org\/{rel}","templated":true}]}}