{"id":281377,"date":"2025-07-29T07:18:11","date_gmt":"2025-07-29T07:18:11","guid":{"rendered":"https:\/\/www.europesays.com\/fr\/281377\/"},"modified":"2025-07-29T07:18:11","modified_gmt":"2025-07-29T07:18:11","slug":"tendance-des-burn-lines-interdiction-des-reseaux-sociaux-arrets-de-travail-linterview-de-yannick-neuder-en-integralite","status":"publish","type":"post","link":"https:\/\/www.europesays.com\/fr\/281377\/","title":{"rendered":"Tendance des \u00ab\u00a0burn-lines\u00a0\u00bb, interdiction des r\u00e9seaux sociaux, arr\u00eats de travail&#8230; L&rsquo;interview de Yannick Neuder en int\u00e9gralit\u00e9"},"content":{"rendered":"<p>Tendance des \u00ab\u00a0burn-lines\u00a0\u00bb, interdiction des r\u00e9seaux sociaux, arr\u00eats de travail&#8230; L&rsquo;interview de Yannick Neuder en int\u00e9gralit\u00e9Sur le m\u00eame sujet<a href=\"https:\/\/www.bfmtv.com\/politique\/les-republicains\/video-le-destin-de-rachida-dati-est-d-etre-maire-de-paris-declare-pierre-henri-dumont-secretaire-general-adjoint-les-republicains_VN-202507290138.html\" title=\"&quot;Le destin de Rachida Dati est d&#039;\u00eatre maire de Paris&quot;, d\u00e9clare Pierre-Henri Dumont, secr\u00e9taire g\u00e9n\u00e9ral adjoint &quot;Les R\u00e9publicains&quot;\" rel=\"nofollow noopener\" target=\"_blank\"><img width=\"16\" height=\"9\" class=\"lozad\"  alt=\"&quot;Le destin de Rachida Dati est d'\u00eatre maire de Paris&quot;, d\u00e9clare Pierre-Henri Dumont, secr\u00e9taire g\u00e9n\u00e9ral adjoint &quot;Les R\u00e9publicains&quot;\"\/>3:38&Prime;Le destin de Rachida Dati est d&rsquo;\u00eatre maire de Paris\u00a0\u00bb, d\u00e9clare Pierre-Henri Dumont, secr\u00e9taire g\u00e9n\u00e9ral adjoint \u00ab\u00a0Les R\u00e9publicains\u00a0\u00bb<\/a><a href=\"https:\/\/www.bfmtv.com\/politique\/video-tendance-des-burn-lines-interdiction-des-reseaux-sociaux-arrets-de-travail-l-interview-de-yannick-neuder-en-integralite_VN-202507290108.html\" title=\"Tendance des &quot;burn-lines&quot;, interdiction des r\u00e9seaux sociaux, arr\u00eats de travail... L&#039;interview de Yannick Neuder en int\u00e9gralit\u00e9 \" rel=\"nofollow noopener\" target=\"_blank\"><img width=\"16\" height=\"9\" class=\"lozad\"  alt=\"Tendance des &quot;burn-lines&quot;, interdiction des r\u00e9seaux sociaux, arr\u00eats de travail... L'interview de Yannick Neuder en int\u00e9gralit\u00e9 \"\/>en lectureTendance des \u00ab\u00a0burn-lines\u00a0\u00bb, interdiction des r\u00e9seaux sociaux, arr\u00eats de travail&#8230; L&rsquo;interview de Yannick Neuder en int\u00e9gralit\u00e9<\/a><a href=\"https:\/\/www.bfmtv.com\/politique\/video-interdiction-des-reseaux-sociaux-aux-moins-de-15-ans-j-y-suis-tres-favorable-indique-le-ministre-de-la-sante-yannick-neuder_VN-202507290094.html\" title=\"Interdiction des r\u00e9seaux sociaux aux moins de 15 ans: &quot;J&#039;y suis tr\u00e8s favorable&quot;, indique le ministre de la Sant\u00e9 Yannick Neuder\" rel=\"nofollow noopener\" target=\"_blank\"><img width=\"16\" height=\"9\" class=\"lozad\"  alt=\"Interdiction des r\u00e9seaux sociaux aux moins de 15 ans: &quot;J'y suis tr\u00e8s favorable&quot;, indique le ministre de la Sant\u00e9 Yannick Neuder\"\/>1:00Interdiction des r\u00e9seaux sociaux aux moins de 15 ans: \u00ab\u00a0J&rsquo;y suis tr\u00e8s favorable\u00a0\u00bb, indique le ministre de la Sant\u00e9 Yannick Neuder<\/a><a href=\"https:\/\/www.bfmtv.com\/politique\/video-tendance-burn-lines-sur-tiktok-pour-quelques-secondes-de-buzz-ces-jeunes-detruisent-leurs-cellules-a-vie-declare-le-ministre-de-la-sante-yannick-neuder_VN-202507290092.html\" title=\"Tendance &quot;burn-lines&quot; sur Tiktok: &quot;Pour quelques secondes de buzz, ces jeunes d\u00e9truisent leurs cellules \u00e0 vie&quot;, d\u00e9clare le ministre de la Sant\u00e9 Yannick Neuder\" rel=\"nofollow noopener\" target=\"_blank\"><img width=\"16\" height=\"9\" class=\"lozad\"  alt=\"Tendance &quot;burn-lines&quot; sur Tiktok: &quot;Pour quelques secondes de buzz, ces jeunes d\u00e9truisent leurs cellules \u00e0 vie&quot;, d\u00e9clare le ministre de la Sant\u00e9 Yannick Neuder\"\/>3:55Tendance \u00ab\u00a0burn-lines\u00a0\u00bb sur Tiktok: \u00ab\u00a0Pour quelques secondes de buzz, ces jeunes d\u00e9truisent leurs cellules \u00e0 vie\u00a0\u00bb, d\u00e9clare le ministre de la Sant\u00e9 Yannick Neuder<\/a><a href=\"https:\/\/www.bfmtv.com\/politique\/video-budget-2026-yannick-neuder-souligne-que-les-arrets-maladie-sont-une-chance-mais-appelle-a-les-utiliser-avec-moderation_VN-202507290084.html\" title=\"Budget 2026: Yannick Neuder souligne que les arr\u00eats maladie sont &quot;une chance&quot; mais appelle \u00e0 &quot;les utiliser avec mod\u00e9ration&quot;\" rel=\"nofollow noopener\" target=\"_blank\"><img width=\"16\" height=\"9\" class=\"lozad\"  alt=\"Budget 2026: Yannick Neuder souligne que les arr\u00eats maladie sont &quot;une chance&quot; mais appelle \u00e0 &quot;les utiliser avec mod\u00e9ration&quot;\"\/>1:42Budget 2026: Yannick Neuder souligne que les arr\u00eats maladie sont \u00ab\u00a0une chance\u00a0\u00bb mais appelle \u00e0 \u00ab\u00a0les utiliser avec mod\u00e9ration\u00a0\u00bb<\/a><a href=\"https:\/\/www.bfmtv.com\/politique\/video-le-depute-lfi-jean-francois-coulomme-souhaite-faire-interdire-les-combats-de-vaches_VN-202507290073.html\" title=\"Le d\u00e9put\u00e9 LFI Jean-Fran\u00e7ois Coulomme souhaite faire interdire les combats de vaches\" rel=\"nofollow noopener\" target=\"_blank\"><img width=\"16\" height=\"9\" class=\"lozad\"  alt=\"Le d\u00e9put\u00e9 LFI Jean-Fran\u00e7ois Coulomme souhaite faire interdire les combats de vaches\"\/>5:13Le d\u00e9put\u00e9 LFI Jean-Fran\u00e7ois Coulomme souhaite faire interdire les combats de vaches<\/a><a href=\"https:\/\/www.bfmtv.com\/politique\/les-republicains\/video-michel-barnier-investi-par-lr-pour-la-legislative-partielle-a-paris-rachida-dati-maintient-sa-candidature_VN-202507290038.html\" title=\"Michel Barnier investi par LR pour la l\u00e9gislative partielle \u00e0 Paris, Rachida Dati maintient sa candidature\" rel=\"nofollow noopener\" target=\"_blank\"><img width=\"16\" height=\"9\" class=\"lozad\"  alt=\"Michel Barnier investi par LR pour la l\u00e9gislative partielle \u00e0 Paris, Rachida Dati maintient sa candidature\"\/>1:12Michel Barnier investi par LR pour la l\u00e9gislative partielle \u00e0 Paris, Rachida Dati maintient sa candidature<\/a><a href=\"https:\/\/www.bfmtv.com\/economie\/video-champagne-fromage-pret-a-porter-ces-produits-concernes-par-la-hausse-des-droits-de-douane_VN-202507280561.html\" title=\"Champagne, fromage, pr\u00eat-\u00e0-porter... ces produits concern\u00e9s par la hausse des droits de douane\" rel=\"nofollow noopener\" target=\"_blank\"><img width=\"16\" height=\"9\" class=\"lozad\"  alt=\"Champagne, fromage, pr\u00eat-\u00e0-porter... ces produits concern\u00e9s par la hausse des droits de douane\"\/>1:24Champagne, fromage, pr\u00eat-\u00e0-porter&#8230; ces produits concern\u00e9s par la hausse des droits de douane<\/a><a href=\"https:\/\/www.bfmtv.com\/economie\/video-droits-de-douane-l-interview-en-integralite-de-patrick-martin-president-du-medef_VN-202507280529.html\" title=\"Droits de douane: l&#039;interview en int\u00e9gralit\u00e9 de Patrick Martin, pr\u00e9sident du MEDEF \" rel=\"nofollow noopener\" target=\"_blank\"><img width=\"16\" height=\"9\" class=\"lozad\"  alt=\"Droits de douane: l'interview en int\u00e9gralit\u00e9 de Patrick Martin, pr\u00e9sident du MEDEF \"\/>15:17Droits de douane: l&rsquo;interview en int\u00e9gralit\u00e9 de Patrick Martin, pr\u00e9sident du MEDEF<\/a><a href=\"https:\/\/www.bfmtv.com\/economie\/video-accord-ue-etats-unis-l-union-europeenne-peut-encore-renegocier-estime-patrick-martin-president-du-medef_VN-202507280521.html\" title=\"Accord UE-\u00c9tats-Unis: &quot;L&#039;Union europ\u00e9enne peut encore ren\u00e9gocier&quot;, estime Patrick Martin, pr\u00e9sident du Medef\" rel=\"nofollow noopener\" target=\"_blank\"><img width=\"16\" height=\"9\" class=\"lozad\"  alt=\"Accord UE-\u00c9tats-Unis: &quot;L'Union europ\u00e9enne peut encore ren\u00e9gocier&quot;, estime Patrick Martin, pr\u00e9sident du Medef\"\/>1:07Accord UE-\u00c9tats-Unis: \u00ab\u00a0L&rsquo;Union europ\u00e9enne peut encore ren\u00e9gocier\u00a0\u00bb, estime Patrick Martin, pr\u00e9sident du Medef<\/a><a href=\"https:\/\/www.bfmtv.com\/economie\/video-accord-ue-etats-unis-commencons-par-nous-occuper-de-nous-memes-et-le-jour-venu-on-pourra-tenir-tete-aux-americains-estime-patrick-martin-president-du-medef_VN-202507280517.html\" title=\"Accord UE-\u00c9tats-Unis: &quot;Commen\u00e7ons par nous occuper de nous-m\u00eames et le jour venu, on pourra tenir t\u00eate aux Am\u00e9ricains&quot;, estime Patrick Martin, pr\u00e9sident du Medef\" rel=\"nofollow noopener\" target=\"_blank\"><img width=\"16\" height=\"9\" class=\"lozad\"  alt=\"Accord UE-\u00c9tats-Unis: &quot;Commen\u00e7ons par nous occuper de nous-m\u00eames et le jour venu, on pourra tenir t\u00eate aux Am\u00e9ricains&quot;, estime Patrick Martin, pr\u00e9sident du Medef\"\/>1:16Accord UE-\u00c9tats-Unis: \u00ab\u00a0Commen\u00e7ons par nous occuper de nous-m\u00eames et le jour venu, on pourra tenir t\u00eate aux Am\u00e9ricains\u00a0\u00bb, estime Patrick Martin, pr\u00e9sident du Medef<\/a><a href=\"https:\/\/www.bfmtv.com\/economie\/video-accord-ue-etats-unis-l-europe-a-les-moyens-de-tenir-une-position-robuste-selon-patrick-martin-president-du-medef_VN-202507280516.html\" title=\"Accord UE-\u00c9tats-Unis: &quot;L&#039;Europe a les moyens de tenir une position robuste&quot;, selon Patrick Martin, pr\u00e9sident du Medef\" rel=\"nofollow noopener\" target=\"_blank\"><img width=\"16\" height=\"9\" class=\"lozad\"  alt=\"Accord UE-\u00c9tats-Unis: &quot;L'Europe a les moyens de tenir une position robuste&quot;, selon Patrick Martin, pr\u00e9sident du Medef\"\/>1:13Accord UE-\u00c9tats-Unis: \u00ab\u00a0L&rsquo;Europe a les moyens de tenir une position robuste\u00a0\u00bb, selon Patrick Martin, pr\u00e9sident du Medef<\/a><a href=\"https:\/\/www.bfmtv.com\/economie\/video-accord-ue-etats-unis-cela-releve-presque-de-l-humiliation-reagit-patrick-martin-president-du-medef_VN-202507280513.html\" title=\"Accord UE-\u00c9tats-Unis: &quot;Cela rel\u00e8ve presque de l&#039;humiliation&quot;, r\u00e9agit Patrick Martin, pr\u00e9sident du MEDEF\" rel=\"nofollow noopener\" target=\"_blank\"><img width=\"16\" height=\"9\" class=\"lozad\"  alt=\"Accord UE-\u00c9tats-Unis: &quot;Cela rel\u00e8ve presque de l'humiliation&quot;, r\u00e9agit Patrick Martin, pr\u00e9sident du MEDEF\"\/>1:26Accord UE-\u00c9tats-Unis: \u00ab\u00a0Cela rel\u00e8ve presque de l&rsquo;humiliation\u00a0\u00bb, r\u00e9agit Patrick Martin, pr\u00e9sident du MEDEF<\/a><a href=\"https:\/\/www.bfmtv.com\/replay-emissions\/bfm-story\/video-story-10-incendie-proche-d-athenes-le-feu-a-ete-circonscrit-par-les-pompiers-grace-a-quatre-canadairs-28-07_VN-202507280511.html\" title=\"Story 10 : Incendie proche d&#039;Ath\u00e8nes, le feu a \u00e9t\u00e9 circonscrit par les pompiers gr\u00e2ce \u00e0 quatre canadairs - 28\/07\" rel=\"nofollow noopener\" target=\"_blank\"><img width=\"16\" height=\"9\" class=\"lozad\"  alt=\"Story 10 : Incendie proche d'Ath\u00e8nes, le feu a \u00e9t\u00e9 circonscrit par les pompiers gr\u00e2ce \u00e0 quatre canadairs - 28\/07\"\/>1:51Story 10 : Incendie proche d&rsquo;Ath\u00e8nes, le feu a \u00e9t\u00e9 circonscrit par les pompiers gr\u00e2ce \u00e0 quatre canadairs &#8211; 28\/07<\/a><a class=\"jumpToVideo\" target=\"_blank\"><img class=\"thumbnailPreview\"\/><\/a><\/p>\n","protected":false},"excerpt":{"rendered":"Tendance des \u00ab\u00a0burn-lines\u00a0\u00bb, interdiction des r\u00e9seaux sociaux, arr\u00eats de travail&#8230; L&rsquo;interview de Yannick Neuder en int\u00e9gralit\u00e9Sur le m\u00eame&hellip;\n","protected":false},"author":2,"featured_media":281378,"comment_status":"","ping_status":"","sticky":false,"template":"","format":"standard","meta":{"footnotes":""},"categories":[10],"tags":[1011,27,72,71],"class_list":{"0":"post-281377","1":"post","2":"type-post","3":"status-publish","4":"format-standard","5":"has-post-thumbnail","7":"category-sante","8":"tag-fr","9":"tag-france","10":"tag-health","11":"tag-sante"},"share_on_mastodon":{"url":"https:\/\/pubeurope.com\/@fr\/114935306877401949","error":""},"_links":{"self":[{"href":"https:\/\/www.europesays.com\/fr\/wp-json\/wp\/v2\/posts\/281377","targetHints":{"allow":["GET"]}}],"collection":[{"href":"https:\/\/www.europesays.com\/fr\/wp-json\/wp\/v2\/posts"}],"about":[{"href":"https:\/\/www.europesays.com\/fr\/wp-json\/wp\/v2\/types\/post"}],"author":[{"embeddable":true,"href":"https:\/\/www.europesays.com\/fr\/wp-json\/wp\/v2\/users\/2"}],"replies":[{"embeddable":true,"href":"https:\/\/www.europesays.com\/fr\/wp-json\/wp\/v2\/comments?post=281377"}],"version-history":[{"count":0,"href":"https:\/\/www.europesays.com\/fr\/wp-json\/wp\/v2\/posts\/281377\/revisions"}],"wp:featuredmedia":[{"embeddable":true,"href":"https:\/\/www.europesays.com\/fr\/wp-json\/wp\/v2\/media\/281378"}],"wp:attachment":[{"href":"https:\/\/www.europesays.com\/fr\/wp-json\/wp\/v2\/media?parent=281377"}],"wp:term":[{"taxonomy":"category","embeddable":true,"href":"https:\/\/www.europesays.com\/fr\/wp-json\/wp\/v2\/categories?post=281377"},{"taxonomy":"post_tag","embeddable":true,"href":"https:\/\/www.europesays.com\/fr\/wp-json\/wp\/v2\/tags?post=281377"}],"curies":[{"name":"wp","href":"https:\/\/api.w.org\/{rel}","templated":true}]}}