{"id":28138,"date":"2025-04-16T02:03:11","date_gmt":"2025-04-16T02:03:11","guid":{"rendered":"https:\/\/www.europesays.com\/fr\/28138\/"},"modified":"2025-04-16T02:03:11","modified_gmt":"2025-04-16T02:03:11","slug":"elle-represente-87-des-consultations-du-mois-davril-cette-maladie-hivernale-est-toujours-tres-presente","status":"publish","type":"post","link":"https:\/\/www.europesays.com\/fr\/28138\/","title":{"rendered":"\u00ab\u00a0Elle repr\u00e9sente 8,7 % des consultations du mois d&rsquo;avril\u00a0\u00bb : cette maladie hivernale est toujours (tr\u00e8s) pr\u00e9sente"},"content":{"rendered":"<p>La gastro-ent\u00e9rite est toujours tr\u00e8s pr\u00e9sente sur le territoire fran\u00e7ais.Cette maladie repr\u00e9senterait m\u00eame 8,7 % des consultations du mois d&rsquo;avril, selon SOS M\u00e9decin.Dans \u00ab\u00a0Bonjour ! La Matinale TF1\u00a0\u00bb, Vincent Valinducq nous rappelle les bons gestes \u00e0 adopter pour se pr\u00e9munir et pour soulager les sympt\u00f4mes.<a href=\"https:\/\/www.tf1info.fr\/emission\/bonjour-la-matinale-tf1-13516\/\" rel=\"noopener\" class=\"jsx-3118104007 Link jsx-1428418400 jsx-640816507\" target=\"_blank\"><\/p>\n<p style=\"font-weight:400\" class=\"jsx-1837267516\">Suivez la couverture compl\u00e8te<\/p>\n<p style=\"font-weight:800\" class=\"jsx-1837267516\">Bonjour ! La Matinale TF1<\/p>\n<p><\/a><\/p>\n<p data-module=\"article-paragraph\" class=\"jsx-362436225 Paragraph Paragraph__End\">\u00a0Avec l&rsquo;arriv\u00e9e du printemps, on pensait que cette maladie, qui s\u00e9vit d&rsquo;ordinaire pendant la saison froide, serait loin derri\u00e8re nous. Que nenni. La gastro-ent\u00e9rite fait de la r\u00e9sistance cette ann\u00e9e. \u00ab\u00a0D&rsquo;apr\u00e8s SOS M\u00e9decin, elle repr\u00e9sente m\u00eame 8,7 % des consultations du mois d&rsquo;avril\u00a0\u00bb, explique Vincent Valinducq. La carte du r\u00e9seau Sentinelle montre, par ailleurs, qu&rsquo;elle est encore bien pr\u00e9sente sur le territoire, notamment en Normandie. Dans \u00ab\u00a0Bonjour ! La Matinale TF1\u00a0\u00bb, le m\u00e9decin nous rappelle les bons gestes \u00e0 adopter pour se prot\u00e9ger de la gastro-ent\u00e9rite.<\/p>\n<p>Les indispensables gestes barri\u00e8res !<\/p>\n<p data-module=\"article-paragraph\" class=\"jsx-362436225 Paragraph Paragraph__End\">Premier r\u00e9flexe \u00e0 avoir en cas de gastro dans son entourage : la d\u00e9sinfection et les gestes barri\u00e8res. Cela passe donc par le lavage des mains au savon et l&rsquo;utilisation de gel hydroalcoolique. Par ailleurs, on <a href=\"https:\/\/www.tf1info.fr\/sante\/gastro-enterite-ces-gestes-indispensables-a-mettre-en-place-pour-eviter-de-l-attraper-ou-de-la-transmettre-2344660.html\" target=\"_blank\" rel=\"noopener\">\u00e9vite de partager ses couverts<\/a> avec une personne malade. Autre geste \u00e0 garder en t\u00eate : ranger sa brosse \u00e0 dents dans un placard, surtout si les toilettes sont situ\u00e9es dans la salle de bain. \u00c9videmment, on rabat \u00e9galement la lunette des toilettes avant de tirer la chasse d&rsquo;eau pour \u00e9viter les projections de particules. Enfin, on d\u00e9sinfecte tous les objets que l&rsquo;on touche, \u00e0 commencer par les t\u00e9l\u00e9commandes et les t\u00e9l\u00e9phones portables pour \u00e9viter de partager le virus avec le reste de sa famille.<\/p>\n<p>L&rsquo;astuce du doc : gastro, le soda&#8230; m\u00e9dicament miracle ?Source : Bonjour !<\/p>\n<p><a href=\"https:\/\/www.tf1info.fr\/sante\/videos\/video-l-astuce-du-doc-gastro-le-soda-medicament-miracle-9769-2365209.html\" rel=\"noopener\" class=\"jsx-3118104007 Link\" target=\"_blank\"><img decoding=\"async\" src=\"https:\/\/www.europesays.com\/fr\/wp-content\/uploads\/2025\/04\/gastro-le-soda-medicament-miracle-59ae10-0@1x.jpeg\" alt=\"\" loading=\"lazy\" importance=\"low\" fetchpriority=\"low\" class=\"\" aria-hidden=\"true\"\/><\/p>\n<p>02:30<\/p>\n<p><\/a><\/p>\n<ul class=\"jsx-658110588 ReadMoreArticle__List flex flex-column\">\n<li class=\"jsx-658110588\"><a href=\"https:\/\/www.tf1info.fr\/international\/radiance-of-the-seas-virus-frappee-par-une-epidemie-de-gastro-enterite-cette-croisiere-americaine-ne-s-amuse-plus-2349663.html\" rel=\"noopener\" class=\"jsx-4233824444 Link flex\" target=\"_blank\"><img decoding=\"async\" src=\"https:\/\/www.europesays.com\/fr\/wp-content\/uploads\/2025\/04\/croisiere-2347-2e848a-0@1x.jpeg\" alt=\"Lire aussi\" loading=\"lazy\" importance=\"low\" fetchpriority=\"low\" class=\"\" copyright=\"Getty Images\/iStockphoto\"\/>\n<p class=\"jsx-658110588 ReadMoreArticle__Title\">Lire aussi<\/p>\n<p class=\"jsx-658110588\">Frapp\u00e9e par une \u00e9pid\u00e9mie de gastro-ent\u00e9rite, cette croisi\u00e8re am\u00e9ricaine ne s\u2019amuse plus<\/p>\n<p><\/a><\/li>\n<\/ul>\n<p>Que faire pour soulager une gastro ?<\/p>\n<p data-module=\"article-paragraph\" class=\"jsx-362436225 Paragraph Paragraph__End\">De mani\u00e8re g\u00e9n\u00e9rale, la gastro dure entre deux et trois jours et \u00e7a rentre dans l&rsquo;ordre tout seul. Cela signifie que le virus n&rsquo;a pas besoin d&rsquo;\u00eatre trait\u00e9 par antibiotiques. Pour les maux de ventre, \u00e0 savoir les naus\u00e9es et la diarrh\u00e9e, il est possible de se rendre \u00e0 la pharmacie pour demander des m\u00e9dicaments disponibles sans ordonnance pour permettre de soulager les inconforts. \u00ab\u00a0Souvent, on pense que le parac\u00e9tamol est pour la fi\u00e8vre, mais \u00e7a marche \u00e9galement pour les douleurs de ventre\u00a0\u00bb, pr\u00e9cise le docteur Vincent Valinducq. Par ailleurs, il est aussi possible d&rsquo;agir sur la gastro en soignant son alimentation. D&rsquo;une part, en privil\u00e9giant tout ce qui est riz, p\u00e2tes, pommes de terre, bananes et on \u00e9vite les <a href=\"https:\/\/www.tf1info.fr\/conso\/video-sans-gluten-100-naturel-riche-en-fibres-trop-d-informations-sur-les-emballages-de-nos-produits-2259369.html\" target=\"_blank\" rel=\"noopener\">aliments riches en fibres<\/a> qui acc\u00e9l\u00e8rent le transit. Il est \u00e9galement conseill\u00e9 de consommer des bouillons riches en sel pour permettre la r\u00e9hydratation. Il est aussi important de boire beaucoup d&rsquo;eau, car l&rsquo;une des complications de la gastro-ent\u00e9rite, c&rsquo;est la d\u00e9shydratation. Pour y rem\u00e9dier, il est possible de recourir \u00e0 des solutions de r\u00e9hydratation orale, conseill\u00e9es notamment pour les nourrissons et les personnes \u00e2g\u00e9es. Enfin, la gastro fragilise l&rsquo;estomac et pour \u00e9viter de le brusquer davantage, il est conseill\u00e9 de fragmenter les repas, c&rsquo;est-\u00e0-dire de manger des petites portions. Pourquoi ? \u00ab\u00a0Pour que l&rsquo;estomac ne se rende pas compte que vous \u00eates en train de manger ou boire\u00a0\u00bb, explique le docteur de la Matinale. \u00ab\u00a0Prenez par exemple une cuill\u00e8re, une fourchette toutes les 10-15 minutes, vraiment tranquillement, pour vraiment assurer les apports aussi bien hydriques qu&rsquo;alimentaires\u00a0\u00bb.<\/p>\n<p>Sabine BOUCHOUL | Chronique : Vincent VALINDUCQ<\/p>\n","protected":false},"excerpt":{"rendered":"La gastro-ent\u00e9rite est toujours tr\u00e8s pr\u00e9sente sur le territoire fran\u00e7ais.Cette maladie repr\u00e9senterait m\u00eame 8,7 % des consultations du&hellip;\n","protected":false},"author":2,"featured_media":28139,"comment_status":"","ping_status":"","sticky":false,"template":"","format":"standard","meta":{"footnotes":""},"categories":[10],"tags":[1111,11,1921,4983,6778,9888,1011,27,72,1922,9887,71,133,6230],"class_list":{"0":"post-28138","1":"post","2":"type-post","3":"status-publish","4":"format-standard","5":"has-post-thumbnail","7":"category-sante","8":"tag-actu","9":"tag-actualites","10":"tag-article-video","11":"tag-bien-etre","12":"tag-bonjour-la-matinale-tf1","13":"tag-bonjour-le-doc","14":"tag-fr","15":"tag-france","16":"tag-health","17":"tag-info","18":"tag-maladies-et-traitements","19":"tag-sante","20":"tag-video","21":"tag-video-sante-et-bien-etre"},"share_on_mastodon":{"url":"https:\/\/pubeurope.com\/@fr\/114345187941931993","error":""},"_links":{"self":[{"href":"https:\/\/www.europesays.com\/fr\/wp-json\/wp\/v2\/posts\/28138","targetHints":{"allow":["GET"]}}],"collection":[{"href":"https:\/\/www.europesays.com\/fr\/wp-json\/wp\/v2\/posts"}],"about":[{"href":"https:\/\/www.europesays.com\/fr\/wp-json\/wp\/v2\/types\/post"}],"author":[{"embeddable":true,"href":"https:\/\/www.europesays.com\/fr\/wp-json\/wp\/v2\/users\/2"}],"replies":[{"embeddable":true,"href":"https:\/\/www.europesays.com\/fr\/wp-json\/wp\/v2\/comments?post=28138"}],"version-history":[{"count":0,"href":"https:\/\/www.europesays.com\/fr\/wp-json\/wp\/v2\/posts\/28138\/revisions"}],"wp:featuredmedia":[{"embeddable":true,"href":"https:\/\/www.europesays.com\/fr\/wp-json\/wp\/v2\/media\/28139"}],"wp:attachment":[{"href":"https:\/\/www.europesays.com\/fr\/wp-json\/wp\/v2\/media?parent=28138"}],"wp:term":[{"taxonomy":"category","embeddable":true,"href":"https:\/\/www.europesays.com\/fr\/wp-json\/wp\/v2\/categories?post=28138"},{"taxonomy":"post_tag","embeddable":true,"href":"https:\/\/www.europesays.com\/fr\/wp-json\/wp\/v2\/tags?post=28138"}],"curies":[{"name":"wp","href":"https:\/\/api.w.org\/{rel}","templated":true}]}}