{"id":281381,"date":"2025-07-29T07:20:11","date_gmt":"2025-07-29T07:20:11","guid":{"rendered":"https:\/\/www.europesays.com\/fr\/281381\/"},"modified":"2025-07-29T07:20:11","modified_gmt":"2025-07-29T07:20:11","slug":"marie-sinfiltre-prise-a-partie-parce-que-juive-a-marseille-lhumoriste-raconte-sa-peur","status":"publish","type":"post","link":"https:\/\/www.europesays.com\/fr\/281381\/","title":{"rendered":"Marie s\u2019infiltre prise \u00e0 partie \u00ab\u00a0parce que juive\u00a0\u00bb \u00e0 Marseille, l\u2019humoriste raconte sa \u00ab\u00a0peur\u00a0\u00bb"},"content":{"rendered":"<p>        <img decoding=\"async\" loading=\"lazy\" src=\"https:\/\/www.europesays.com\/fr\/wp-content\/uploads\/2025\/07\/e81f375_1658620177169-621b7caa2400008b1496b7a6.jpeg\"  width=\"728\" height=\"480\" alt=\"Marie s\u2019infiltre, de vrai nom Marie Benoliel, s\u2019exprime sur sc\u00e8ne lors de la 47e c\u00e9r\u00e9monie des C\u00e9sar du cin\u00e9ma \u00e0 l\u2019Olympia, le 25\u00a0f\u00e9vrier 2022\u00a0\u00e0 Paris, en France. \"\/>  <\/p>\n<p>Julien M. Hekimian via Getty Images<\/p>\n<p>Marie s\u2019infiltre, de vrai nom Marie Benoliel, s\u2019exprime sur sc\u00e8ne lors de la 47e c\u00e9r\u00e9monie des C\u00e9sar du cin\u00e9ma \u00e0 l\u2019Olympia, le 25\u00a0f\u00e9vrier 2022\u00a0\u00e0 Paris, en France. <\/p>\n<p class=\"asset asset-text\">FAITS DIVERS &#8211; \u00ab\u00a0Est-ce que j\u2019ai \u00e9t\u00e9 chass\u00e9e\u00a0de ce caf\u00e9 parce que j\u2019\u00e9tais juive\u00a0?\u00a0\u00bb C\u2019est ainsi que l\u2019humoriste <a href=\"https:\/\/www.huffingtonpost.fr\/culture\/video\/marie-s-infiltre-a-voulu-offrir-ses-fesses-aux-cesar-pour-un-bon-decoincage-de-cul_193019.html\" target=\"_blank\" rel=\"noopener\">Marie s\u2019infiltre<\/a> d\u00e9bute son post sur Instagram publi\u00e9 ce lundi 28\u00a0juillet, en racontant ce qu\u2019elle a v\u00e9cu \u00e0 <a href=\"https:\/\/www.huffingtonpost.fr\/france\/article\/autoroutes-fermees-trafic-aerien-perturbe-de-nouveaux-incendies-declenches-pres-de-marseille_253065.html\" target=\"_blank\" rel=\"noopener\">Marseille <\/a>dimanche.<\/p>\n<p class=\"asset asset-text\">\u00ab\u00a0Hier, sur le Vieux-Port, je m\u2019installe dans un caf\u00e9 par hasard. Trois personnes en terrasse [&#8230;]\u00a0: deux jeunes femmes et un jeune homme\u00a0\u00bb, raconte l\u2019humoriste de 31\u00a0ans. Elle explique alors entendre son nom plusieurs fois. \u00ab\u00a0\u201cC\u2019est Marie s\u2019infiltre\u201d. Je souris de loin en regardant le menu mais je comprends qu\u2019on ne dit pas mon nom pour me saluer, mais qu\u2019on me d\u00e9signe pour indiquer ma pr\u00e9sence ou m\u2019invectiver\u00a0\u00bb, dit-elle.<\/p>\n<p class=\"asset asset-text\">Alors qu\u2019elle commande aupr\u00e8s du serveur, elle d\u00e9crit entendre \u00ab\u00a0crier tr\u00e8s fort derri\u00e8re (elle), en tapant du pied\u00a0: \u201cVIVE LA LUTTE DU PEUPLE PALESTINIEN\u201d, et ce de plus en plus fort, jusqu\u2019\u00e0 ce que cela devienne assourdissant. Un slogan l\u00e9gitime, libertaire, mais qui est cri\u00e9 de mani\u00e8re hostile, mena\u00e7ante\u00a0\u00bb. Et elle dit n\u2019avoir alors \u00ab\u00a0aucun doute qu\u2019il est cri\u00e9 \u00e0 mon encontre\u00a0\u00bb.<\/p>\n<p>    \u00ab\u00a0J\u2019ai peur qu\u2019on me reconnaisse en tant que juive\u00a0\u00bb    <\/p>\n<p class=\"asset asset-text\">L\u2019humoriste explique aller vers eux, \u00ab\u00a0les mains ouvertes\u00a0\u00bb et \u00ab\u00a0souriante\u00a0\u00bb. \u00ab\u00a0Oui bien s\u00fbr, vive la lutte du peuple palestinien, mais pourquoi me le crier l\u00e0, tout de suite, maintenant\u00a0\u00bb. Elle d\u00e9crit voir \u00ab\u00a0tout de suite \u00e0 leur r\u00e9action qu\u2019il n\u2019y a aucun doute\u00a0: ils ne sont l\u00e0 que pour en d\u00e9coudre\u00a0\u00bb, et que ces trois personnes l\u2019\u00ab\u00a0ont choisie comme leur ennemie\u00a0\u00bb.<\/p>\n<p> La lecture de ce contenu est susceptible d\u2019entra\u00eener un d\u00e9p\u00f4t de cookies de la part de l\u2019op\u00e9rateur tiers qui l\u2019h\u00e9berge. Compte-tenu des choix que vous avez exprim\u00e9s en mati\u00e8re de d\u00e9p\u00f4t de cookies, nous avons bloqu\u00e9 l\u2019affichage de ce contenu. Si vous souhaitez y acc\u00e9der, vous devez accepter la cat\u00e9gorie de cookies \u201cContenus tiers\u201d en cliquant sur le bouton ci-dessous. <\/p>\n<p> Lire la Vid\u00e9o        <\/p>\n<p class=\"asset asset-text\">\u00ab\u00a0Je leur demande plusieurs fois si la manif qu\u2019ils viennent d\u2019orchestrer m\u2019est destin\u00e9e, puisqu\u2019ils n\u2019arr\u00eataient pas de r\u00e9p\u00e9ter mon nom avant de crier. Une sur trois avoue, les autres n\u2019arrivent m\u00eame pas \u00e0 assumer ce qu\u2019ils sont en train de faire\u00a0\u00bb, \u00e9crit-elle. Avant de se r\u00e9soudre \u00e0 partir de ce caf\u00e9 face \u00e0 une situation qui pourrait \u00ab\u00a0vite mal tourner\u00a0\u00bb, \u00ab\u00a0alors que je m&rsquo;\u00e9tais promis de ne jamais partir\u00a0\u00bb.<\/p>\n<p class=\"asset asset-text\">\u00ab\u00a0Et merde, je comprends que j\u2019ai peur. J\u2019ai peur qu\u2019on me reconnaisse en tant que juive, et qu\u2019on me consid\u00e8re en ennemi, et que ma seule pr\u00e9sence attise la haine et la violence. Que je ne me sente pas totalement en s\u00e9curit\u00e9\u00a0\u00bb, poursuit-elle.<\/p>\n<p>    \u00ab\u00a0Personne ne me chassera d\u2019un caf\u00e9 en France\u00a0\u00bb    <\/p>\n<p class=\"asset asset-text\">Apr\u00e8s cette sc\u00e8ne, Marie s\u2019infiltre dit dans un premier temps \u00eatre \u00ab\u00a0g\u00ean\u00e9e\u00a0\u00bb de raconter son histoire \u00e0 ses amis. \u00ab\u00a0La flemme d\u2019expliquer \u00e0 quel point c\u2019est grave, ce qui vient de se passer. Pas pour moi. Pas pour mon danger personnel. Mais ce que \u00e7a dit du monde. La flemme qu\u2019on puisse associer cette p\u00e9rip\u00e9tie \u00e0 un discours victimaire\u00a0\u00bb.<\/p>\n<p class=\"asset asset-text\">\u00ab\u00a0Bref, la flemme, une fois de plus, d\u2019\u00eatre juive. La flemme de se justifier, la flemme \u2013 vous ne savez pas ce que c\u2019est, vous \u2013 de se dire que \u00e7a va s\u2019arranger quand \u00e7a empire, la flemme de s\u2019expliquer, de se justifier, de se d\u00e9fendre\u00a0\u00bb, affirme-t-elle.<\/p>\n<p class=\"asset asset-text\">Mais elle explique avoir \u00e9t\u00e9 \u00ab\u00a0r\u00e9veill\u00e9e\u00a0\u00bb par sa \u00ab\u00a0col\u00e8re\u00a0\u00bb, \u00ab\u00a0envers moi-m\u00eame comme toujours\u00a0\u00bb. Et que finalement, \u00ab\u00a0demain matin, m\u00eame si c\u2019est trop tard, j\u2019irai prendre mon caf\u00e9 ici m\u00eame. Et je me fais cette promesse. Quoi qu\u2019il se passe \u00e0 Gaza, en Isra\u00ebl, en Chine, en Afghanistan, au Mali ou sur Tatouine, je dis bien quoi qu\u2019il se passe\u00a0: personne ne me chassera d\u2019un caf\u00e9 en France\u00a0\u00bb.<\/p>\n","protected":false},"excerpt":{"rendered":"Julien M. Hekimian via Getty Images Marie s\u2019infiltre, de vrai nom Marie Benoliel, s\u2019exprime sur sc\u00e8ne lors de&hellip;\n","protected":false},"author":2,"featured_media":281382,"comment_status":"","ping_status":"","sticky":false,"template":"","format":"standard","meta":{"footnotes":""},"categories":[8],"tags":[6155,251,58,59,1011,27,2701,884],"class_list":{"0":"post-281381","1":"post","2":"type-post","3":"status-publish","4":"format-standard","5":"has-post-thumbnail","7":"category-divertissement","8":"tag-antisemitisme","9":"tag-culture","10":"tag-divertissement","11":"tag-entertainment","12":"tag-fr","13":"tag-france","14":"tag-humoriste","15":"tag-marseille"},"share_on_mastodon":{"url":"https:\/\/pubeurope.com\/@fr\/114935315379274798","error":""},"_links":{"self":[{"href":"https:\/\/www.europesays.com\/fr\/wp-json\/wp\/v2\/posts\/281381","targetHints":{"allow":["GET"]}}],"collection":[{"href":"https:\/\/www.europesays.com\/fr\/wp-json\/wp\/v2\/posts"}],"about":[{"href":"https:\/\/www.europesays.com\/fr\/wp-json\/wp\/v2\/types\/post"}],"author":[{"embeddable":true,"href":"https:\/\/www.europesays.com\/fr\/wp-json\/wp\/v2\/users\/2"}],"replies":[{"embeddable":true,"href":"https:\/\/www.europesays.com\/fr\/wp-json\/wp\/v2\/comments?post=281381"}],"version-history":[{"count":0,"href":"https:\/\/www.europesays.com\/fr\/wp-json\/wp\/v2\/posts\/281381\/revisions"}],"wp:featuredmedia":[{"embeddable":true,"href":"https:\/\/www.europesays.com\/fr\/wp-json\/wp\/v2\/media\/281382"}],"wp:attachment":[{"href":"https:\/\/www.europesays.com\/fr\/wp-json\/wp\/v2\/media?parent=281381"}],"wp:term":[{"taxonomy":"category","embeddable":true,"href":"https:\/\/www.europesays.com\/fr\/wp-json\/wp\/v2\/categories?post=281381"},{"taxonomy":"post_tag","embeddable":true,"href":"https:\/\/www.europesays.com\/fr\/wp-json\/wp\/v2\/tags?post=281381"}],"curies":[{"name":"wp","href":"https:\/\/api.w.org\/{rel}","templated":true}]}}