{"id":281383,"date":"2025-07-29T07:21:10","date_gmt":"2025-07-29T07:21:10","guid":{"rendered":"https:\/\/www.europesays.com\/fr\/281383\/"},"modified":"2025-07-29T07:21:10","modified_gmt":"2025-07-29T07:21:10","slug":"selon-la-nasa-cet-effet-physiologique-de-lapesanteur-pourrait-exclure-70-des-humains-des-futures-missions-spatiales","status":"publish","type":"post","link":"https:\/\/www.europesays.com\/fr\/281383\/","title":{"rendered":"Selon la NASA, cet effet physiologique de l\u2019apesanteur pourrait exclure 70 % des humains des futures missions spatiales"},"content":{"rendered":"<tr>\n<td><strong>EN BREF<\/strong><\/td>\n<\/tr>\n<tr>\n<td>\n<ul>\n<li>\ud83d\ude80 La NASA met en garde contre le <strong>SANS<\/strong>, un trouble oculaire touchant 70 % des astronautes lors de missions prolong\u00e9es.<\/li>\n<li>\ud83c\udf0c La <strong>microgravit\u00e9<\/strong> provoque une pression intracr\u00e2nienne, d\u00e9formant le globe oculaire et affectant la vision.<\/li>\n<li>\ud83d\udd2c Comprendre pourquoi certains astronautes sont \u00e9pargn\u00e9s pourrait am\u00e9liorer la <strong>pr\u00e9vention<\/strong> et les traitements.<\/li>\n<li>\ud83d\udca1 Les recherches sur le SANS apportent des <strong>perspectives<\/strong> pour la m\u00e9decine terrestre, au-del\u00e0 des voyages spatiaux.<\/li>\n<\/ul>\n<\/td>\n<\/tr>\n<p>La conqu\u00eate spatiale a toujours suscit\u00e9 fascination et r\u00eave, mais elle n\u2019est pas sans cons\u00e9quences pour ceux qui s\u2019y aventurent. R\u00e9cemment, la NASA a mis en lumi\u00e8re un probl\u00e8me de sant\u00e9 significatif touchant pr\u00e8s de 70 % des astronautes apr\u00e8s un s\u00e9jour prolong\u00e9 en apesanteur : un trouble oculaire grave. Ce ph\u00e9nom\u00e8ne, appel\u00e9 SANS, pourrait poser un d\u00e9fi majeur pour les futures missions vers Mars. Les chercheurs s\u2019efforcent de d\u00e9terminer pourquoi une partie de la population spatiale semble y \u00e9chapper, et quelles mesures pourraient \u00eatre prises pour prot\u00e9ger la vision des astronautes.<\/p>\n<p>Comprendre le syndrome associ\u00e9 aux vols spatiaux<\/p>\n<p>Le <strong>SANS, ou syndrome neuro-ophtalmologique associ\u00e9 aux vols spatiaux<\/strong>, a \u00e9t\u00e9 identifi\u00e9 comme un probl\u00e8me majeur pour les astronautes lors de missions prolong\u00e9es. Ce trouble r\u00e9sulte d\u2019une alt\u00e9ration progressive de la vision, souvent irr\u00e9versible. Dans l\u2019espace, o\u00f9 la gravit\u00e9 terrestre n\u2019agit plus de la m\u00eame mani\u00e8re, les fluides corporels se d\u00e9placent diff\u00e9remment, provoquant une pression accrue sur le cr\u00e2ne et les yeux. Cette pression intracr\u00e2nienne est responsable de la d\u00e9formation du globe oculaire et de l\u2019inflammation du nerf optique.<\/p>\n<p>Les astronautes touch\u00e9s par ce syndrome rapportent des probl\u00e8mes de vision allant de la g\u00eane l\u00e9g\u00e8re \u00e0 une perte de nettet\u00e9 s\u00e9v\u00e8re et durable. La compr\u00e9hension de ce ph\u00e9nom\u00e8ne est cruciale pour garantir la s\u00e9curit\u00e9 et la sant\u00e9 des \u00e9quipages lors de futures explorations spatiales. Les scientifiques cherchent activement des solutions pour att\u00e9nuer ces effets, notamment en \u00e9tudiant les m\u00e9canismes physiologiques impliqu\u00e9s.<\/p>\n<blockquote class=\"wp-embedded-content\" data-secret=\"kO88VV7xat\">\n<p><a href=\"https:\/\/www.le-gaz.fr\/2025\/07\/15\/la-terre-tourne-au-ralenti-a-cause-de-la-chine-la-nasa-devoile-limpact-colossal-et-inedit-de-ce-projet-titanesque-sur-notre-planete-entiere\/\" rel=\"nofollow noopener\" target=\"_blank\">\u00ab La Terre tourne au ralenti \u00e0 cause de la Chine \u00bb : la NASA d\u00e9voile l\u2019impact colossal et in\u00e9dit de ce projet titanesque sur notre plan\u00e8te enti\u00e8re<\/a><\/p>\n<\/blockquote>\n<p>Les d\u00e9fis des missions habit\u00e9es vers Mars<\/p>\n<p>Les missions habit\u00e9es vers Mars repr\u00e9sentent un objectif ambitieux pour la NASA, mais elles se heurtent \u00e0 des d\u00e9fis m\u00e9dicaux consid\u00e9rables. Le SANS illustre parfaitement les risques associ\u00e9s \u00e0 un voyage de longue dur\u00e9e en microgravit\u00e9. <strong>La sant\u00e9 visuelle des astronautes est primordiale pour le succ\u00e8s des missions martiennes<\/strong>, car la vision joue un r\u00f4le essentiel dans la navigation et les op\u00e9rations quotidiennes.<\/p>\n<p>Les experts travaillent sur des mesures pr\u00e9ventives et des traitements potentiels pour prot\u00e9ger les yeux des astronautes. Des recherches sont en cours pour d\u00e9velopper des technologies et des protocoles qui pourraient r\u00e9duire la pression intracr\u00e2nienne en microgravit\u00e9. Ces avanc\u00e9es seront d\u00e9terminantes pour assurer la viabilit\u00e9 des exp\u00e9ditions vers la plan\u00e8te rouge.<\/p>\n<blockquote class=\"wp-embedded-content\" data-secret=\"Jq8PdDUHe6\">\n<p><a href=\"https:\/\/www.le-gaz.fr\/2025\/07\/14\/cest-un-cri-ignoble-du-cosmos-ce-satellite-mort-de-la-nasa-envoie-un-signal-radio-troublant-les-scientifiques-en-alerte-totale\/\" rel=\"nofollow noopener\" target=\"_blank\">\u00ab C\u2019est un cri ignoble du cosmos \u00bb : ce satellite \u00ab mort \u00bb de la NASA envoie un signal radio troublant, les scientifiques en alerte totale<\/a><\/p>\n<\/blockquote>\n<p>Pourquoi certains astronautes sont-ils \u00e9pargn\u00e9s ?<\/p>\n<p>Un aspect intrigant du SANS est que seule une minorit\u00e9 des astronautes semble y \u00e9chapper. <strong>Comprendre les raisons de cette variabilit\u00e9 est crucial pour \u00e9laborer des strat\u00e9gies de pr\u00e9vention efficaces<\/strong>. Les chercheurs explorent diverses hypoth\u00e8ses, telles que des diff\u00e9rences g\u00e9n\u00e9tiques, des variations dans la physiologie des fluides corporels, ou encore des facteurs li\u00e9s \u00e0 la dur\u00e9e et \u00e0 la nature des missions spatiales.<\/p>\n<p>Des \u00e9tudes comparatives entre les astronautes touch\u00e9s et ceux \u00e9pargn\u00e9s pourraient r\u00e9v\u00e9ler des indices pr\u00e9cieux. La recherche dans ce domaine pourrait non seulement am\u00e9liorer la s\u00e9curit\u00e9 des vols spatiaux, mais aussi enrichir notre compr\u00e9hension des effets de la gravit\u00e9 sur le corps humain. Ces d\u00e9couvertes pourraient avoir des applications m\u00e9dicales bien au-del\u00e0 des limites de notre plan\u00e8te.<\/p>\n<p>Les implications pour la m\u00e9decine terrestre<\/p>\n<p>Les recherches sur le SANS ne se limitent pas \u00e0 la sph\u00e8re spatiale. <strong>Les connaissances acquises pourraient \u00e9galement b\u00e9n\u00e9ficier \u00e0 la m\u00e9decine terrestre<\/strong>. La compr\u00e9hension des m\u00e9canismes de pression intracr\u00e2nienne en apesanteur peut offrir des perspectives nouvelles pour traiter certaines affections oculaires ou neurologiques sur Terre.<\/p>\n<p>Les innovations technologiques d\u00e9velopp\u00e9es pour prot\u00e9ger les astronautes pourraient aussi \u00eatre adapt\u00e9es pour des usages m\u00e9dicaux, notamment dans le traitement de maladies li\u00e9es \u00e0 la pression intracr\u00e2nienne. Ce croisement entre la recherche spatiale et m\u00e9dicale souligne l\u2019importance des \u00e9tudes interdisciplinaires pour le progr\u00e8s scientifique. Quelle autre avanc\u00e9e inattendue pourrait \u00e9merger de l\u2019exploration de l\u2019espace ?<\/p>\n<p>Cet article s\u2019appuie sur des sources v\u00e9rifi\u00e9es et l\u2019assistance de technologies \u00e9ditoriales.<\/p>\n<p id=\"rating\">\u00c7a vous a plu ?\u00a04.3\/5 (23)<\/p>\n","protected":false},"excerpt":{"rendered":"EN BREF \ud83d\ude80 La NASA met en garde contre le SANS, un trouble oculaire touchant 70 % des&hellip;\n","protected":false},"author":2,"featured_media":281384,"comment_status":"","ping_status":"","sticky":false,"template":"","format":"standard","meta":{"footnotes":""},"categories":[7],"tags":[1011,27,43,40,41,39,42,44],"class_list":{"0":"post-281383","1":"post","2":"type-post","3":"status-publish","4":"format-standard","5":"has-post-thumbnail","7":"category-sciences-et-technologies","8":"tag-fr","9":"tag-france","10":"tag-science","11":"tag-science-and-technology","12":"tag-sciences","13":"tag-sciences-et-technologies","14":"tag-technologies","15":"tag-technology"},"share_on_mastodon":{"url":"https:\/\/pubeurope.com\/@fr\/114935318690857738","error":""},"_links":{"self":[{"href":"https:\/\/www.europesays.com\/fr\/wp-json\/wp\/v2\/posts\/281383","targetHints":{"allow":["GET"]}}],"collection":[{"href":"https:\/\/www.europesays.com\/fr\/wp-json\/wp\/v2\/posts"}],"about":[{"href":"https:\/\/www.europesays.com\/fr\/wp-json\/wp\/v2\/types\/post"}],"author":[{"embeddable":true,"href":"https:\/\/www.europesays.com\/fr\/wp-json\/wp\/v2\/users\/2"}],"replies":[{"embeddable":true,"href":"https:\/\/www.europesays.com\/fr\/wp-json\/wp\/v2\/comments?post=281383"}],"version-history":[{"count":0,"href":"https:\/\/www.europesays.com\/fr\/wp-json\/wp\/v2\/posts\/281383\/revisions"}],"wp:featuredmedia":[{"embeddable":true,"href":"https:\/\/www.europesays.com\/fr\/wp-json\/wp\/v2\/media\/281384"}],"wp:attachment":[{"href":"https:\/\/www.europesays.com\/fr\/wp-json\/wp\/v2\/media?parent=281383"}],"wp:term":[{"taxonomy":"category","embeddable":true,"href":"https:\/\/www.europesays.com\/fr\/wp-json\/wp\/v2\/categories?post=281383"},{"taxonomy":"post_tag","embeddable":true,"href":"https:\/\/www.europesays.com\/fr\/wp-json\/wp\/v2\/tags?post=281383"}],"curies":[{"name":"wp","href":"https:\/\/api.w.org\/{rel}","templated":true}]}}