{"id":281387,"date":"2025-07-29T07:23:16","date_gmt":"2025-07-29T07:23:16","guid":{"rendered":"https:\/\/www.europesays.com\/fr\/281387\/"},"modified":"2025-07-29T07:23:16","modified_gmt":"2025-07-29T07:23:16","slug":"a-new-york-une-fusillade-dans-un-gratte-ciel-en-plein-coeur-de-manhattan-fait-plusieurs-morts-dont-le-tireur","status":"publish","type":"post","link":"https:\/\/www.europesays.com\/fr\/281387\/","title":{"rendered":"\u00c0 New York, une fusillade dans un gratte-ciel en plein c\u0153ur de Manhattan fait plusieurs morts dont le tireur"},"content":{"rendered":"<p>        <img decoding=\"async\" loading=\"lazy\" src=\"https:\/\/www.europesays.com\/fr\/wp-content\/uploads\/2025\/07\/c66d935_upload-1-m7lja6ft67bf-afp-20250729-684z36w-v1-highres-uspolicecrimeshooting.jpg\"  width=\"728\" height=\"409\" alt=\"Un pompier devant l\u2019immeuble o\u00f9 s\u2019est d\u00e9roul\u00e9e la fusillade le 28\u00a0juillet 2025\u00a0\u00e0 New York.\"\/>  <\/p>\n<p>CHARLY TRIBALLEAU \/ AFP<\/p>\n<p>Un pompier devant l\u2019immeuble o\u00f9 s\u2019est d\u00e9roul\u00e9e la fusillade le 28\u00a0juillet 2025\u00a0\u00e0 New York.<\/p>\n<p class=\"asset asset-text\">\u00c9TATS-UNIS &#8211; Terreur en plein c\u0153ur de <a href=\"https:\/\/www.huffingtonpost.fr\/international\/article\/brian-thompson-abattu-a-new-york-luigi-mangione-arrete-qui-est-ce-suspect-principal-de-l-enquete_243341.html\" target=\"_blank\" rel=\"noopener\">New York<\/a>. Un homme arm\u00e9 a tu\u00e9 au moins quatre personnes dont un policier avant de vraisemblablement se donner la mort ce lundi 28\u00a0juillet au soir dans un gratte-ciel de Manhattan, a indiqu\u00e9 le maire de la ville.<\/p>\n<p class=\"asset asset-text\">\u00ab\u00a0Nous avons perdu quatre \u00e2mes dans un nouvel acte de violence insens\u00e9e\u00a0\u00bb, a regrett\u00e9 <a href=\"https:\/\/www.huffingtonpost.fr\/international\/article\/eric-adams-maire-de-new-york-echappe-a-une-condamnation-et-il-peut-remercier-donald-trump_248315.html\" target=\"_blank\" rel=\"noopener\">Eric Adams<\/a> lors d\u2019une conf\u00e9rence de presse tard dans la soir\u00e9e, ne comptant pas le tireur qui a retourn\u00e9 son arme contre lui selon la police.<\/p>\n<p class=\"asset asset-text\">Trois hommes dont un policier, ainsi qu\u2019une femme, ont \u00e9t\u00e9 tu\u00e9s, tandis qu\u2019un autre individu se trouve dans un \u00e9tat critique, ont pr\u00e9cis\u00e9 des responsables, sans \u00e9voquer un possible mobile \u00e0 ce stade. Le policier, Didarul Islam, avait 36\u00a0ans.<\/p>\n<p>    Le hall de l\u2019immeuble \u00ab\u00a0arros\u00e9 de balles\u00a0\u00bb    <\/p>\n<p class=\"asset asset-text\">Les secours ont \u00e9t\u00e9 appel\u00e9s lundi vers 18\u00a0h\u00a030 (minuit et demi \u00e0 Paris) dans le quartier d\u2019affaires de Midtown Manhattan. Les cam\u00e9ras de surveillance ont film\u00e9 un homme descendant d\u2019une voiture noire, arm\u00e9 d\u2019un fusil d\u2019assaut M-4. Il est ensuite entr\u00e9 dans le b\u00e2timent et a imm\u00e9diatement tir\u00e9 sur le policier avant d\u2019\u00ab\u00a0arroser le hall\u00a0\u00bb de balles, a relat\u00e9 la cheffe de la police new-yorkaise, Jessica Tisch.<\/p>\n<p class=\"asset asset-text\">L\u2019assaillant avait visiblement d\u00e9cid\u00e9 de prendre pour cible le 345, Park Avenue, grand immeuble de bureaux qui abrite des locaux de la Ligue professionnelle de football am\u00e9ricain (NFL), du g\u00e9ant de la finance Blackstone et du cabinet de conseil et d\u2019audit KPMG, selon Jessica Tisch. Elle a indiqu\u00e9 que le suspect, Shane Devon Tamura, \u00e9tait originaire de Las Vegas et pr\u00e9sentait des ant\u00e9c\u00e9dents de probl\u00e8mes psychiatriques. Il \u00e9tait \u00e2g\u00e9 de 27\u00a0ans.<\/p>\n<p>         <img decoding=\"async\" loading=\"lazy\" src=\"https:\/\/www.europesays.com\/fr\/wp-content\/uploads\/2025\/07\/2019f53_upload-1-abxgxusu7kye-capture-da-a-cran-2025-07-29-061905.png\"  width=\"728\" height=\"684\" alt=\"La fusillade a eu lieu dans un gratte-ciel, au le 345, Park Avenue \u00e0 New York.\"\/>  <\/p>\n<p>Capture \u00e9cran Google Maps<\/p>\n<p>La fusillade a eu lieu dans un gratte-ciel, au le 345, Park Avenue \u00e0 New York.<\/p>\n<p class=\"asset asset-text\">Plusieurs m\u00e9dias, dont CNN et le New York Post, montrent une photographie d\u2019un homme moustachu marchant seul dans la rue avec un long fusil dans la main droite, v\u00eatu de lunettes de soleil et d\u2019une veste sombre. Les motivations du tueur ne sont pour l\u2019heure pas connues, mais \u00ab\u00a0nous pensons qu\u2019il s\u2019agit d\u2019un tireur seul et qu\u2019il n\u2019y a plus de menace pour le public\u00a0\u00bb, a pr\u00e9cis\u00e9 Jessica Tisch.<\/p>\n<p class=\"asset asset-text\">Rapidement, des centaines de policiers, certains portant gilets pare-balles et armes lourdes, et de tr\u00e8s nombreuses ambulances, sont arriv\u00e9s sur les lieux, a constat\u00e9 un journaliste de l\u2019AFP. Selon le <a href=\"https:\/\/www.nytimes.com\/live\/2025\/07\/28\/nyregion\/nyc-shooting\" target=\"_blank\" rel=\"noopener\" title=\"Nouvelle fen\u00eatre\">New York Times<\/a>, le tireur est mort au 33e \u00e9tage. \u00ab\u00a0J\u2019\u00e9tais dans le b\u00e2timent, il allait d\u2019un \u00e9tage \u00e0 l\u2019autre\u00a0\u00bb, a confi\u00e9 \u00e0 l\u2019AFP, pr\u00e8s de l\u00e0, une t\u00e9moin qui a refus\u00e9 de donner son nom.<\/p>\n<p>                     \u00ab\u00a0Quelqu\u2019un est entr\u00e9 avec une mitraillette\u00a0\u00bb    <\/p>\n<p class=\"asset asset-text\">Shad Sakib travaillait dans un b\u00e2timent \u00e0 proximit\u00e9 quand il lui a \u00e9t\u00e9 ordonn\u00e9 de se confiner \u00e0 l\u2019int\u00e9rieur. \u00ab\u00a0Tout le monde se demandait ce qu\u2019il se passait, jusqu\u2019\u00e0 ce que quelqu\u2019un dise que c\u2019est en ligne, que quelqu\u2019un est rentr\u00e9 avec une mitraillette\u00a0\u00bb, a-t-il dit \u00e0 l\u2019AFP. \u00ab\u00a0Il est rentr\u00e9 dans le b\u00e2timent juste \u00e0 c\u00f4t\u00e9. On a vu une photo de lui marchant l\u00e0 m\u00eame o\u00f9 je passe pour aller chercher \u00e0 d\u00e9jeuner\u00a0\u00bb, a ajout\u00e9 ce t\u00e9moin.<\/p>\n<p class=\"asset asset-text\">Des h\u00e9licopt\u00e8res survolaient ce quartier d\u2019h\u00f4tels luxueux et de si\u00e8ges de grandes entreprises situ\u00e9 \u00e0 quelques encablures de Central Park. Le candidat de gauche \u00e0 la mairie de New York, <a href=\"https:\/\/www.huffingtonpost.fr\/international\/article\/zohran-mamdani-ne-se-laisse-pas-faire-face-a-donald-trump-qui-menace-de-l-expulser_252105.html\" target=\"_blank\" rel=\"noopener\">Zohran Mamdani<\/a>, s\u2019est dit \u00ab\u00a0d\u00e9chir\u00e9\u00a0\u00bb par la nouvelle.<\/p>\n<p class=\"asset asset-text\">Avec plus d\u2019armes \u00e0 feu en circulation que d\u2019habitants, les \u00c9tats-Unis affichent le taux de mortalit\u00e9 par arme \u00e0 feu le plus \u00e9lev\u00e9 de tous les pays d\u00e9velopp\u00e9s.<\/p>\n<p class=\"asset asset-text\">Les fusillades sont un fl\u00e9au r\u00e9current que les gouvernements successifs n\u2019ont jusqu\u2019\u00e0 pr\u00e9sent pas r\u00e9ussi \u00e0 endiguer, de nombreux Am\u00e9ricains restant tr\u00e8s attach\u00e9s \u00e0 leurs armes. En 2024, plus de 16\u00a0000 personnes, sans compter les suicides, ont \u00e9t\u00e9 tu\u00e9es par arme \u00e0 feu, selon l\u2019ONG Gun Violence Archive.<\/p>\n","protected":false},"excerpt":{"rendered":"CHARLY TRIBALLEAU \/ AFP Un pompier devant l\u2019immeuble o\u00f9 s\u2019est d\u00e9roul\u00e9e la fusillade le 28\u00a0juillet 2025\u00a0\u00e0 New York.&hellip;\n","protected":false},"author":2,"featured_media":281388,"comment_status":"","ping_status":"","sticky":false,"template":"","format":"standard","meta":{"footnotes":""},"categories":[5],"tags":[11,73,1011,27,3832,14,14707,415,12,28],"class_list":{"0":"post-281387","1":"post","2":"type-post","3":"status-publish","4":"format-standard","5":"has-post-thumbnail","7":"category-international","8":"tag-actualites","9":"tag-etats-unis","10":"tag-fr","11":"tag-france","12":"tag-fusillade","13":"tag-international","14":"tag-manhattan","15":"tag-new-york","16":"tag-news","17":"tag-world"},"share_on_mastodon":{"url":"https:\/\/pubeurope.com\/@fr\/114935326894640933","error":""},"_links":{"self":[{"href":"https:\/\/www.europesays.com\/fr\/wp-json\/wp\/v2\/posts\/281387","targetHints":{"allow":["GET"]}}],"collection":[{"href":"https:\/\/www.europesays.com\/fr\/wp-json\/wp\/v2\/posts"}],"about":[{"href":"https:\/\/www.europesays.com\/fr\/wp-json\/wp\/v2\/types\/post"}],"author":[{"embeddable":true,"href":"https:\/\/www.europesays.com\/fr\/wp-json\/wp\/v2\/users\/2"}],"replies":[{"embeddable":true,"href":"https:\/\/www.europesays.com\/fr\/wp-json\/wp\/v2\/comments?post=281387"}],"version-history":[{"count":0,"href":"https:\/\/www.europesays.com\/fr\/wp-json\/wp\/v2\/posts\/281387\/revisions"}],"wp:featuredmedia":[{"embeddable":true,"href":"https:\/\/www.europesays.com\/fr\/wp-json\/wp\/v2\/media\/281388"}],"wp:attachment":[{"href":"https:\/\/www.europesays.com\/fr\/wp-json\/wp\/v2\/media?parent=281387"}],"wp:term":[{"taxonomy":"category","embeddable":true,"href":"https:\/\/www.europesays.com\/fr\/wp-json\/wp\/v2\/categories?post=281387"},{"taxonomy":"post_tag","embeddable":true,"href":"https:\/\/www.europesays.com\/fr\/wp-json\/wp\/v2\/tags?post=281387"}],"curies":[{"name":"wp","href":"https:\/\/api.w.org\/{rel}","templated":true}]}}