{"id":281394,"date":"2025-07-29T07:27:14","date_gmt":"2025-07-29T07:27:14","guid":{"rendered":"https:\/\/www.europesays.com\/fr\/281394\/"},"modified":"2025-07-29T07:27:14","modified_gmt":"2025-07-29T07:27:14","slug":"salon-du-camping-car-a-saint-etienne","status":"publish","type":"post","link":"https:\/\/www.europesays.com\/fr\/281394\/","title":{"rendered":"SALON DU CAMPING CAR \u00c0 SAINT-\u00c9TIENNE"},"content":{"rendered":"<p>                <a href=\"https:\/\/cadenceradio.fr\" target=\"_blank\" aria-label=\"Banni\u00e8re Cadence 2025\" rel=\"noopener\"><img loading=\"lazy\" decoding=\"async\" src=\"https:\/\/www.europesays.com\/fr\/wp-content\/uploads\/2025\/07\/Banniere-Cadence-2025-scaled.jpg\" alt=\"\"   width=\"2560\" height=\"738\"\/><\/a><\/p>\n<p>Cet \u00e9v\u00e9nement annuel promet de transformer la ville en v\u00e9ritable vitrine de l\u2019univers du tourisme itin\u00e9rant, attirant les passionn\u00e9s de libert\u00e9 sur quatre roues et les curieux tent\u00e9s par cette forme de voyage en plein essor.<\/p>\n<p>Les visiteurs pourront d\u00e9couvrir en avant-premi\u00e8re les derni\u00e8res innovations du secteur. Constructeurs et \u00e9quipementiers pr\u00e9senteront leurs mod\u00e8les les plus r\u00e9cents, des camping-cars compacts parfaits pour les couples aux v\u00e9hicules familiaux spacieux, en passant par les versions haut de gamme dot\u00e9es des technologies les plus avanc\u00e9es. L\u2019occasion r\u00eav\u00e9e de comparer les diff\u00e9rentes gammes et de d\u00e9nicher le compagnon de route id\u00e9al.<\/p>\n<p>Au-del\u00e0 des v\u00e9hicules eux-m\u00eames, le salon mettra en lumi\u00e8re tout l\u2019\u00e9cosyst\u00e8me qui gravite autour du camping-car. Mobilier sp\u00e9cialis\u00e9, syst\u00e8mes de navigation, \u00e9quipements de s\u00e9curit\u00e9, solutions \u00e9nerg\u00e9tiques autonomes, accessoires de confort : les exposants rivaliseront d\u2019ing\u00e9niosit\u00e9 pour pr\u00e9senter leurs derni\u00e8res cr\u00e9ations destin\u00e9es \u00e0 am\u00e9liorer l\u2019exp\u00e9rience de voyage.<\/p>\n<p>Ambiance d\u00e9contract\u00e9e garantie<\/p>\n<p>Fid\u00e8le \u00e0 l\u2019esprit camping-car, l\u2019\u00e9v\u00e9nement se d\u00e9roulera dans une atmosph\u00e8re conviviale et d\u00e9tendue. Les visiteurs pourront \u00e9changer avec les professionnels, partager leurs exp\u00e9riences de voyage et glaner de pr\u00e9cieux conseils pour leurs futures escapades. Cette dimension humaine fait tout le charme de ce type de manifestation o\u00f9 la passion du voyage unit exposants et visiteurs.<\/p>\n<p>Les portes du salon ouvriront chaque jour \u00e0 10 heures pour se refermer \u00e0 19 heures, laissant aux visiteurs neuf heures quotidiennes pour explorer les all\u00e9es, tester les v\u00e9hicules et s\u2019impr\u00e9gner de cet univers o\u00f9 libert\u00e9 rime avec mobilit\u00e9. Un timing g\u00e9n\u00e9reux qui permettra de prendre le temps de la r\u00e9flexion avant un \u00e9ventuel investissement.<\/p>\n","protected":false},"excerpt":{"rendered":"Cet \u00e9v\u00e9nement annuel promet de transformer la ville en v\u00e9ritable vitrine de l\u2019univers du tourisme itin\u00e9rant, attirant les&hellip;\n","protected":false},"author":2,"featured_media":281395,"comment_status":"","ping_status":"","sticky":false,"template":"","format":"standard","meta":{"footnotes":""},"categories":[9653],"tags":[1111,11,2430,1777,674,1011,27,3367,12,7054,25,4001,6290],"class_list":{"0":"post-281394","1":"post","2":"type-post","3":"status-publish","4":"format-standard","5":"has-post-thumbnail","7":"category-saint-etienne","8":"tag-actu","9":"tag-actualites","10":"tag-auvergne-rhone-alpes","11":"tag-eu","12":"tag-europe","13":"tag-fr","14":"tag-france","15":"tag-loire","16":"tag-news","17":"tag-parc-des-expositions","18":"tag-republique-francaise","19":"tag-saint-etienne","20":"tag-salon"},"share_on_mastodon":{"url":"https:\/\/pubeurope.com\/@fr\/114935342296909429","error":""},"_links":{"self":[{"href":"https:\/\/www.europesays.com\/fr\/wp-json\/wp\/v2\/posts\/281394","targetHints":{"allow":["GET"]}}],"collection":[{"href":"https:\/\/www.europesays.com\/fr\/wp-json\/wp\/v2\/posts"}],"about":[{"href":"https:\/\/www.europesays.com\/fr\/wp-json\/wp\/v2\/types\/post"}],"author":[{"embeddable":true,"href":"https:\/\/www.europesays.com\/fr\/wp-json\/wp\/v2\/users\/2"}],"replies":[{"embeddable":true,"href":"https:\/\/www.europesays.com\/fr\/wp-json\/wp\/v2\/comments?post=281394"}],"version-history":[{"count":0,"href":"https:\/\/www.europesays.com\/fr\/wp-json\/wp\/v2\/posts\/281394\/revisions"}],"wp:featuredmedia":[{"embeddable":true,"href":"https:\/\/www.europesays.com\/fr\/wp-json\/wp\/v2\/media\/281395"}],"wp:attachment":[{"href":"https:\/\/www.europesays.com\/fr\/wp-json\/wp\/v2\/media?parent=281394"}],"wp:term":[{"taxonomy":"category","embeddable":true,"href":"https:\/\/www.europesays.com\/fr\/wp-json\/wp\/v2\/categories?post=281394"},{"taxonomy":"post_tag","embeddable":true,"href":"https:\/\/www.europesays.com\/fr\/wp-json\/wp\/v2\/tags?post=281394"}],"curies":[{"name":"wp","href":"https:\/\/api.w.org\/{rel}","templated":true}]}}