{"id":281398,"date":"2025-07-29T07:33:12","date_gmt":"2025-07-29T07:33:12","guid":{"rendered":"https:\/\/www.europesays.com\/fr\/281398\/"},"modified":"2025-07-29T07:33:12","modified_gmt":"2025-07-29T07:33:12","slug":"a-la-valette-du-var-une-collaboration-intercommunale-pour-proteger-les","status":"publish","type":"post","link":"https:\/\/www.europesays.com\/fr\/281398\/","title":{"rendered":"\u00c0 La Valette-du-Var, une collaboration intercommunale pour prot\u00e9ger les (\u2026)"},"content":{"rendered":"<p>                    <img loading=\"lazy\" decoding=\"async\" src=\"https:\/\/www.europesays.com\/fr\/wp-content\/uploads\/2025\/07\/fc7d2afda7d81251afe3be96b92e9b.jpg\" class=\"img-responsive post-image\" width=\"680\" height=\"510\" alt=\"\u00c0 La Valette-du-Var, (\u2026)\" title=\"\u00c0 La Valette-du-Var, une collaboration intercommunale pour prot\u00e9ger les massifs forestiers\"\/><\/p>\n<p class=\"chapo\">La Valette-du-Var et Le Revest-les-Eaux unissent leurs forces pour prot\u00e9ger les massifs forestiers.<\/p>\n<p><strong>Le 2 juillet, Thierry Albertini (La Valette-du-Var) et Ange Musso (Le Revest-les-Eaux) ont sign\u00e9 une convention de coop\u00e9ration intercommunale, en pr\u00e9sence des membres des Comit\u00e9s Communaux Feux de For\u00eat (CCFF) de chaque commune.<\/strong><\/p>\n<p>\u00c0 l\u2019occasion de la signature de cette convention, les deux \u00e9lus ont soulign\u00e9\u00a0: \u00ab\u00a0C\u2019est un acte fort de solidarit\u00e9 intercommunale et de responsabilit\u00e9 environnementale \u00a0\u00bb, et salu\u00e9 l\u2019implication des b\u00e9n\u00e9voles mobilis\u00e9s pour la protection des for\u00eats.<br class=\"texte\"\/><br \/>\nCette initiative marque une nouvelle \u00e9tape dans la collaboration entre les deux Municipalit\u00e9s, durant la saison estivale, p\u00e9riode \u00e0 haut risque pour les massifs forestiers varois. Concr\u00e8tement, la convention vise \u00e0 renforcer la surveillance et la protection des zones bois\u00e9es situ\u00e9es \u00e0 la fronti\u00e8re des deux territoires.<\/p>\n<p>PATROUILLES CROIS\u00c9ES<\/p>\n<p>Ce partenariat in\u00e9dit permet aux b\u00e9n\u00e9voles des R\u00e9serves Communales de S\u00e9curit\u00e9 Civile (RCSC) et des CCFF de patrouiller, sous certaines conditions, de part et d\u2019autre des limites communales. Les interventions peuvent inclure la surveillance pr\u00e9ventive, la lev\u00e9e de doute, voire une premi\u00e8re action rapide en cas de d\u00e9part de feu, le tout dans le respect strict des r\u00e8gles de s\u00e9curit\u00e9 civile et sous la responsabilit\u00e9 des maires.<\/p>\n<p>Pour encadrer cette coop\u00e9ration, <strong>un ordre de mission permanent<\/strong> est pr\u00e9vu, ainsi qu\u2019une formation continue des b\u00e9n\u00e9voles. Une attention particuli\u00e8re est \u00e9galement port\u00e9e \u00e0 leur assurance et \u00e0 leur \u00e9quipement, garantissant leur s\u00e9curit\u00e9 et leur efficacit\u00e9 sur le terrain.<\/p>\n<p>Avec cette convention, La Valette-du-Var et Le Revest-les-Eaux confirment leur volont\u00e9 de renforcer la r\u00e9silience de leurs territoires face aux risques naturels. L\u2019initiative s\u2019inscrit dans le cadre des dispositifs de D\u00e9fense de la For\u00eat Contre les Incendies (DFCI) et r\u00e9pond aux enjeux actuels de modernisation de la s\u00e9curit\u00e9 civile.<\/p>\n<p>Photo de Une\u00a0: \u00a9PRESSE AGENCE<\/p>\n","protected":false},"excerpt":{"rendered":"La Valette-du-Var et Le Revest-les-Eaux unissent leurs forces pour prot\u00e9ger les massifs forestiers. Le 2 juillet, Thierry Albertini&hellip;\n","protected":false},"author":2,"featured_media":281399,"comment_status":"","ping_status":"","sticky":false,"template":"","format":"standard","meta":{"footnotes":""},"categories":[9619],"tags":[1111,11,2408,1777,674,1011,27,12,882,25,2310],"class_list":{"0":"post-281398","1":"post","2":"type-post","3":"status-publish","4":"format-standard","5":"has-post-thumbnail","7":"category-toulon","8":"tag-actu","9":"tag-actualites","10":"tag-appels-d","11":"tag-eu","12":"tag-europe","13":"tag-fr","14":"tag-france","15":"tag-news","16":"tag-provence-alpes-cote-dazur","17":"tag-republique-francaise","18":"tag-toulon"},"share_on_mastodon":{"url":"https:\/\/pubeurope.com\/@fr\/114935365880268746","error":""},"_links":{"self":[{"href":"https:\/\/www.europesays.com\/fr\/wp-json\/wp\/v2\/posts\/281398","targetHints":{"allow":["GET"]}}],"collection":[{"href":"https:\/\/www.europesays.com\/fr\/wp-json\/wp\/v2\/posts"}],"about":[{"href":"https:\/\/www.europesays.com\/fr\/wp-json\/wp\/v2\/types\/post"}],"author":[{"embeddable":true,"href":"https:\/\/www.europesays.com\/fr\/wp-json\/wp\/v2\/users\/2"}],"replies":[{"embeddable":true,"href":"https:\/\/www.europesays.com\/fr\/wp-json\/wp\/v2\/comments?post=281398"}],"version-history":[{"count":0,"href":"https:\/\/www.europesays.com\/fr\/wp-json\/wp\/v2\/posts\/281398\/revisions"}],"wp:featuredmedia":[{"embeddable":true,"href":"https:\/\/www.europesays.com\/fr\/wp-json\/wp\/v2\/media\/281399"}],"wp:attachment":[{"href":"https:\/\/www.europesays.com\/fr\/wp-json\/wp\/v2\/media?parent=281398"}],"wp:term":[{"taxonomy":"category","embeddable":true,"href":"https:\/\/www.europesays.com\/fr\/wp-json\/wp\/v2\/categories?post=281398"},{"taxonomy":"post_tag","embeddable":true,"href":"https:\/\/www.europesays.com\/fr\/wp-json\/wp\/v2\/tags?post=281398"}],"curies":[{"name":"wp","href":"https:\/\/api.w.org\/{rel}","templated":true}]}}