{"id":281411,"date":"2025-07-29T07:49:17","date_gmt":"2025-07-29T07:49:17","guid":{"rendered":"https:\/\/www.europesays.com\/fr\/281411\/"},"modified":"2025-07-29T07:49:17","modified_gmt":"2025-07-29T07:49:17","slug":"strasbourg-il-se-lance-dans-une-course-poursuite-avec-la-police-par-peur-de-tout-perdre","status":"publish","type":"post","link":"https:\/\/www.europesays.com\/fr\/281411\/","title":{"rendered":"Strasbourg. Il se lance dans une course-poursuite avec la police par \u00ab peur de tout perdre \u00bb"},"content":{"rendered":"<p>Vers 23 h 50, jeudi 24 juillet, des policiers rep\u00e8rent une voiture qui circule \u00e0 vive allure dans les ruelles de Hautepierre. La patrouille remarque rapidement que le v\u00e9hicule n\u2019est pas assur\u00e9 et d\u00e9cide de le prendre en chasse. Elle actionne le gyrophare mais le chauffard, \u00e2g\u00e9 de 24 ans, acc\u00e9l\u00e8re.<\/p>\n<p>S\u2019engage alors une course-poursuite \u00e0 pr\u00e8s de 80 km\/h dans les rues de la ville, le&#8230;<\/p>\n","protected":false},"excerpt":{"rendered":"Vers 23 h 50, jeudi 24 juillet, des policiers rep\u00e8rent une voiture qui circule \u00e0 vive allure dans&hellip;\n","protected":false},"author":2,"featured_media":281412,"comment_status":"","ping_status":"","sticky":false,"template":"","format":"standard","meta":{"footnotes":""},"categories":[2820],"tags":[1111,11,271,272,2880,1777,674,274,107,1011,27,775,12,25,640,2879],"class_list":{"0":"post-281411","1":"post","2":"type-post","3":"status-publish","4":"format-standard","5":"has-post-thumbnail","7":"category-strasbourg","8":"tag-actu","9":"tag-actualites","10":"tag-crime","11":"tag-delit-et-contravention","12":"tag-edition-strasbourg","13":"tag-eu","14":"tag-europe","15":"tag-faits-divers-justice","16":"tag-fil-info","17":"tag-fr","18":"tag-france","19":"tag-grand-est","20":"tag-news","21":"tag-republique-francaise","22":"tag-strasbourg","23":"tag-strasbourg-ville"},"share_on_mastodon":{"url":"https:\/\/pubeurope.com\/@fr\/114935428833572336","error":""},"_links":{"self":[{"href":"https:\/\/www.europesays.com\/fr\/wp-json\/wp\/v2\/posts\/281411","targetHints":{"allow":["GET"]}}],"collection":[{"href":"https:\/\/www.europesays.com\/fr\/wp-json\/wp\/v2\/posts"}],"about":[{"href":"https:\/\/www.europesays.com\/fr\/wp-json\/wp\/v2\/types\/post"}],"author":[{"embeddable":true,"href":"https:\/\/www.europesays.com\/fr\/wp-json\/wp\/v2\/users\/2"}],"replies":[{"embeddable":true,"href":"https:\/\/www.europesays.com\/fr\/wp-json\/wp\/v2\/comments?post=281411"}],"version-history":[{"count":0,"href":"https:\/\/www.europesays.com\/fr\/wp-json\/wp\/v2\/posts\/281411\/revisions"}],"wp:featuredmedia":[{"embeddable":true,"href":"https:\/\/www.europesays.com\/fr\/wp-json\/wp\/v2\/media\/281412"}],"wp:attachment":[{"href":"https:\/\/www.europesays.com\/fr\/wp-json\/wp\/v2\/media?parent=281411"}],"wp:term":[{"taxonomy":"category","embeddable":true,"href":"https:\/\/www.europesays.com\/fr\/wp-json\/wp\/v2\/categories?post=281411"},{"taxonomy":"post_tag","embeddable":true,"href":"https:\/\/www.europesays.com\/fr\/wp-json\/wp\/v2\/tags?post=281411"}],"curies":[{"name":"wp","href":"https:\/\/api.w.org\/{rel}","templated":true}]}}