{"id":281415,"date":"2025-07-29T07:51:12","date_gmt":"2025-07-29T07:51:12","guid":{"rendered":"https:\/\/www.europesays.com\/fr\/281415\/"},"modified":"2025-07-29T07:51:12","modified_gmt":"2025-07-29T07:51:12","slug":"elisez-votre-lieu-prefere-de-nice-4-7-vieux-nice-ou-port","status":"publish","type":"post","link":"https:\/\/www.europesays.com\/fr\/281415\/","title":{"rendered":"Elisez votre lieu pr\u00e9f\u00e9r\u00e9 de Nice (4\/7): Vieux-Nice ou port?"},"content":{"rendered":"<p>Pour les d\u00e9partager, il faudra voter. Chaque mardi depuis le 8 juillet, huit lieux embl\u00e9matiques de la ville sont propos\u00e9s sous forme de duels. Le mardi 26 ao\u00fbt, il n\u2019en restera qu\u2019un. Ce sera votre lieu pr\u00e9f\u00e9r\u00e9 de Nice.<\/p>\n<p>Apr\u00e8s <a href=\"https:\/\/www.nicematin.com\/vie-locale\/elisez-votre-lieu-prefere-de-nice-17-coulee-verte-ou-promenade-des-anglais-993285\" rel=\"nofollow noopener\" target=\"_blank\">le triomphe de la Prom\u2019 face \u00e0 la coul\u00e9e verte<\/a>, puis\u00a0<a href=\"https:\/\/www.nicematin.com\/vie-locale\/elisez-votre-lieu-prefere-de-nice-27-colline-du-chateau-ou-arenes-de-cimiez-994245\" rel=\"nofollow noopener\" target=\"_blank\">la nette victoire de la colline du Ch\u00e2teau face aux ar\u00e8nes de Cimiez<\/a>, notre troisi\u00e8me duel opposait la semaine derni\u00e8re <a href=\"https:\/\/www.nicematin.com\/a\/994774\" rel=\"nofollow noopener\" target=\"_blank\">les secteurs Mass\u00e9na\/Jean-M\u00e9decin et Garibaldi\/Bonaparte<\/a>.<\/p>\n<p>Place maintenant au quatri\u00e8me duel, qui d\u00e9terminera le dernier demi-finaliste. Cette semaine, nous vous proposons de choisir entre deux quartiers historiques qui font l&rsquo;identit\u00e9 de la cit\u00e9: le Vieux-Nice et le port. Vous d\u00e9couvrirez le vainqueur mardi prochain, en m\u00eame temps que la premi\u00e8re demi-finale.<\/p>\n<p>Le Vieux-Nice<\/p>\n<p>Un d\u00e9cor de carte postale. Lieu de commerce le jour, de f\u00eate la nuit, le plus ancien quartier ni\u00e7ois n\u2019a jamais manqu\u00e9 de vie ni perdu de son charme au fil des si\u00e8cles.<\/p>\n<p>Ses ruelles \u00e9troites, ses fa\u00e7ades color\u00e9es, son cours Saleya, sa place Rossetti, sa cath\u00e9drale Sainte-R\u00e9parate ou encore son op\u00e9ra et son palais sarde en font l\u2019un des endroits les plus typiques et photographi\u00e9s de la cit\u00e9.\u00a0<\/p>\n<p>Le port<\/p>\n<p>De l\u2019autre c\u00f4t\u00e9 de la colline du Ch\u00e2teau, voici un autre quartier embl\u00e9matique de Nice. L\u2019un des plus anciens, dont les travaux d\u2019am\u00e9nagement ont commenc\u00e9 au XVIIIe si\u00e8cle.<\/p>\n<p>Des pointus au quai Rauba-Cape\u00f9, o\u00f9 les chapeaux volent autant que les selfies devant le c\u00e9l\u00e8bre #ILoveNice, il est \u00e9galement un lieu de passage oblig\u00e9 des visiteurs.<\/p>\n<p>Votez ci-dessous<\/p>\n","protected":false},"excerpt":{"rendered":"Pour les d\u00e9partager, il faudra voter. Chaque mardi depuis le 8 juillet, huit lieux embl\u00e9matiques de la ville&hellip;\n","protected":false},"author":2,"featured_media":281416,"comment_status":"","ping_status":"","sticky":false,"template":"","format":"standard","meta":{"footnotes":""},"categories":[2819],"tags":[1111,11,1777,674,1011,27,12,2401,882,25,3366],"class_list":{"0":"post-281415","1":"post","2":"type-post","3":"status-publish","4":"format-standard","5":"has-post-thumbnail","7":"category-nice","8":"tag-actu","9":"tag-actualites","10":"tag-eu","11":"tag-europe","12":"tag-fr","13":"tag-france","14":"tag-news","15":"tag-nice","16":"tag-provence-alpes-cote-dazur","17":"tag-republique-francaise","18":"tag-vie-locale"},"share_on_mastodon":{"url":"https:\/\/pubeurope.com\/@fr\/114935436621849995","error":""},"_links":{"self":[{"href":"https:\/\/www.europesays.com\/fr\/wp-json\/wp\/v2\/posts\/281415","targetHints":{"allow":["GET"]}}],"collection":[{"href":"https:\/\/www.europesays.com\/fr\/wp-json\/wp\/v2\/posts"}],"about":[{"href":"https:\/\/www.europesays.com\/fr\/wp-json\/wp\/v2\/types\/post"}],"author":[{"embeddable":true,"href":"https:\/\/www.europesays.com\/fr\/wp-json\/wp\/v2\/users\/2"}],"replies":[{"embeddable":true,"href":"https:\/\/www.europesays.com\/fr\/wp-json\/wp\/v2\/comments?post=281415"}],"version-history":[{"count":0,"href":"https:\/\/www.europesays.com\/fr\/wp-json\/wp\/v2\/posts\/281415\/revisions"}],"wp:featuredmedia":[{"embeddable":true,"href":"https:\/\/www.europesays.com\/fr\/wp-json\/wp\/v2\/media\/281416"}],"wp:attachment":[{"href":"https:\/\/www.europesays.com\/fr\/wp-json\/wp\/v2\/media?parent=281415"}],"wp:term":[{"taxonomy":"category","embeddable":true,"href":"https:\/\/www.europesays.com\/fr\/wp-json\/wp\/v2\/categories?post=281415"},{"taxonomy":"post_tag","embeddable":true,"href":"https:\/\/www.europesays.com\/fr\/wp-json\/wp\/v2\/tags?post=281415"}],"curies":[{"name":"wp","href":"https:\/\/api.w.org\/{rel}","templated":true}]}}