{"id":281434,"date":"2025-07-29T08:02:12","date_gmt":"2025-07-29T08:02:12","guid":{"rendered":"https:\/\/www.europesays.com\/fr\/281434\/"},"modified":"2025-07-29T08:02:12","modified_gmt":"2025-07-29T08:02:12","slug":"un-homme-tue-par-balles-nouveau-narchomicide-a-marseille","status":"publish","type":"post","link":"https:\/\/www.europesays.com\/fr\/281434\/","title":{"rendered":"Un homme tu\u00e9 par balles, nouveau \u00ab\u00a0narchomicide\u00a0\u00bb \u00e0 Marseille"},"content":{"rendered":"<p>La victime \u00e2g\u00e9e de 24 ans a \u00e9t\u00e9 abattue dans le 15\u00e8me arrondissement.<\/p>\n<p>Un homme de 24 ans a \u00e9t\u00e9 tu\u00e9 par balles dans la nuit de lundi \u00e0 mardi, dans le nord de Marseille, dans ce qui est un nouveau narchomicide, c&rsquo;est-\u00e0-dire un r\u00e8glement de compte sur fond de trafic de stup\u00e9fiants, a confirm\u00e9 le parquet \u00e0 l&rsquo;AFP.<\/p>\n<p>Appel\u00e9s sur place vers 00h30, cit\u00e9 de la Bricarde, dans le 15e arrondissement, les secours n&rsquo;ont jamais r\u00e9ussi \u00e0 ranimer la victime, touch\u00e9e au thorax et en arr\u00eat cardio-respiratoire.<\/p>\n<p>De source polici\u00e8re, le tireur \u00e9tait seul et a aussit\u00f4t pris la fuite apr\u00e8s les faits. Selon le parquet de Marseille, les tirs ont \u00e9t\u00e9 effectu\u00e9s au fusil mitrailleur par un tireur \u00e0 pied.<\/p>\n<p>L&rsquo;enqu\u00eate a \u00e9t\u00e9 confi\u00e9e \u00e0 la brigade criminelle de la police judiciaire.<\/p>\n<p>Selon un recensement de l&rsquo;AFP, ce nouvel homicide est<a href=\"https:\/\/maritima.fr\/actualites\/faits-divers\/marseille\/8203\/marseille-un-homme-retrouve-mort-dans-le-coffre-dune-voiture-tue-par-balle\" target=\"_blank\" rel=\"noopener\"> le neuvi\u00e8me<\/a> depuis le d\u00e9but de l&rsquo;ann\u00e9e dans les Bouches-du-Rh\u00f4ne li\u00e9 \u00e0 la guerre de territoires entre bandes pour le contr\u00f4le des points de vente de stup\u00e9fiants qui gangr\u00e8nent de nombreux quartiers populaires, principalement dans la cit\u00e9 phoc\u00e9enne.<\/p>\n<p>En 2024, ces violences sur fond de trafic de drogue avaient co\u00fbt\u00e9 la vie \u00e0 24 personnes, apr\u00e8s 49 morts en 2023, un record.<\/p>\n<p>\u00a9 Agence France-Presse<\/p>\n","protected":false},"excerpt":{"rendered":"La victime \u00e2g\u00e9e de 24 ans a \u00e9t\u00e9 abattue dans le 15\u00e8me arrondissement. Un homme de 24 ans&hellip;\n","protected":false},"author":2,"featured_media":133708,"comment_status":"","ping_status":"","sticky":false,"template":"","format":"standard","meta":{"footnotes":""},"categories":[2814],"tags":[1111,11,885,1777,674,1011,27,884,42095,8721,12,882,25,887],"class_list":{"0":"post-281434","1":"post","2":"type-post","3":"status-publish","4":"format-standard","5":"has-post-thumbnail","7":"category-marseille","8":"tag-actu","9":"tag-actualites","10":"tag-bouches-du-rhone","11":"tag-eu","12":"tag-europe","13":"tag-fr","14":"tag-france","15":"tag-marseille","16":"tag-narchomicide","17":"tag-narcotrafic","18":"tag-news","19":"tag-provence-alpes-cote-dazur","20":"tag-republique-francaise","21":"tag-trafic-de-drogue"},"share_on_mastodon":{"url":"https:\/\/pubeurope.com\/@fr\/114935479892812891","error":""},"_links":{"self":[{"href":"https:\/\/www.europesays.com\/fr\/wp-json\/wp\/v2\/posts\/281434","targetHints":{"allow":["GET"]}}],"collection":[{"href":"https:\/\/www.europesays.com\/fr\/wp-json\/wp\/v2\/posts"}],"about":[{"href":"https:\/\/www.europesays.com\/fr\/wp-json\/wp\/v2\/types\/post"}],"author":[{"embeddable":true,"href":"https:\/\/www.europesays.com\/fr\/wp-json\/wp\/v2\/users\/2"}],"replies":[{"embeddable":true,"href":"https:\/\/www.europesays.com\/fr\/wp-json\/wp\/v2\/comments?post=281434"}],"version-history":[{"count":0,"href":"https:\/\/www.europesays.com\/fr\/wp-json\/wp\/v2\/posts\/281434\/revisions"}],"wp:featuredmedia":[{"embeddable":true,"href":"https:\/\/www.europesays.com\/fr\/wp-json\/wp\/v2\/media\/133708"}],"wp:attachment":[{"href":"https:\/\/www.europesays.com\/fr\/wp-json\/wp\/v2\/media?parent=281434"}],"wp:term":[{"taxonomy":"category","embeddable":true,"href":"https:\/\/www.europesays.com\/fr\/wp-json\/wp\/v2\/categories?post=281434"},{"taxonomy":"post_tag","embeddable":true,"href":"https:\/\/www.europesays.com\/fr\/wp-json\/wp\/v2\/tags?post=281434"}],"curies":[{"name":"wp","href":"https:\/\/api.w.org\/{rel}","templated":true}]}}