{"id":281444,"date":"2025-07-29T08:09:14","date_gmt":"2025-07-29T08:09:14","guid":{"rendered":"https:\/\/www.europesays.com\/fr\/281444\/"},"modified":"2025-07-29T08:09:14","modified_gmt":"2025-07-29T08:09:14","slug":"et-les-locataires-le-futur-siege-a-15-millions-deuros-du-bailleur-valdevy-fait-bouillir-dans-les-hlm-degrades","status":"publish","type":"post","link":"https:\/\/www.europesays.com\/fr\/281444\/","title":{"rendered":"\u00ab\u00a0Et les locataires\u00a0?\u00a0\u00bb\u00a0: le futur si\u00e8ge \u00e0 15\u00a0millions d\u2019euros du bailleur Valdevy fait bouillir dans les HLM d\u00e9grad\u00e9s"},"content":{"rendered":"<p class=\"paragraph text_align_left lp-f-body-02\">Le d\u00e9m\u00e9nagement aura lieu d\u2019ici un an et demi, d\u2019Arcueil vers Gentilly, dans un b\u00e2timent de 3 500 m2 autrefois occup\u00e9 par une soci\u00e9t\u00e9 pharmaceutique, tout pr\u00e8s du p\u00e9riph\u00e9rique. Le bailleur Valdevy, avec un patrimoine de 18 000 logements, est n\u00e9 de la fusion de l\u2019office Opaly (Arcueil et Gentilly), avec les OPH de Cachan, Villejuif et Vitry-sur-Seine, dans le cadre des regroupements initi\u00e9s par <a href=\"https:\/\/www.leparisien.fr\/economie\/loi-elan-pour-que-le-logement-ne-soit-plus-une-galere-assure-julien-denormandie-20-09-2018-7895631.php\" target=\"_self\" rel=\"noopener\">la loi Elan<\/a>.<\/p>\n","protected":false},"excerpt":{"rendered":"Le d\u00e9m\u00e9nagement aura lieu d\u2019ici un an et demi, d\u2019Arcueil vers Gentilly, dans un b\u00e2timent de 3 500&hellip;\n","protected":false},"author":2,"featured_media":281445,"comment_status":"","ping_status":"","sticky":false,"template":"","format":"standard","meta":{"footnotes":""},"categories":[1888],"tags":[11,1777,674,1011,27,1944,12,626,25,1125],"class_list":{"0":"post-281444","1":"post","2":"type-post","3":"status-publish","4":"format-standard","5":"has-post-thumbnail","7":"category-paris","8":"tag-actualites","9":"tag-eu","10":"tag-europe","11":"tag-fr","12":"tag-france","13":"tag-ma-ville","14":"tag-news","15":"tag-paris","16":"tag-republique-francaise","17":"tag-val-de-marne"},"share_on_mastodon":{"url":"https:\/\/pubeurope.com\/@fr\/114935507422271629","error":""},"_links":{"self":[{"href":"https:\/\/www.europesays.com\/fr\/wp-json\/wp\/v2\/posts\/281444","targetHints":{"allow":["GET"]}}],"collection":[{"href":"https:\/\/www.europesays.com\/fr\/wp-json\/wp\/v2\/posts"}],"about":[{"href":"https:\/\/www.europesays.com\/fr\/wp-json\/wp\/v2\/types\/post"}],"author":[{"embeddable":true,"href":"https:\/\/www.europesays.com\/fr\/wp-json\/wp\/v2\/users\/2"}],"replies":[{"embeddable":true,"href":"https:\/\/www.europesays.com\/fr\/wp-json\/wp\/v2\/comments?post=281444"}],"version-history":[{"count":0,"href":"https:\/\/www.europesays.com\/fr\/wp-json\/wp\/v2\/posts\/281444\/revisions"}],"wp:featuredmedia":[{"embeddable":true,"href":"https:\/\/www.europesays.com\/fr\/wp-json\/wp\/v2\/media\/281445"}],"wp:attachment":[{"href":"https:\/\/www.europesays.com\/fr\/wp-json\/wp\/v2\/media?parent=281444"}],"wp:term":[{"taxonomy":"category","embeddable":true,"href":"https:\/\/www.europesays.com\/fr\/wp-json\/wp\/v2\/categories?post=281444"},{"taxonomy":"post_tag","embeddable":true,"href":"https:\/\/www.europesays.com\/fr\/wp-json\/wp\/v2\/tags?post=281444"}],"curies":[{"name":"wp","href":"https:\/\/api.w.org\/{rel}","templated":true}]}}