{"id":281451,"date":"2025-07-29T08:13:10","date_gmt":"2025-07-29T08:13:10","guid":{"rendered":"https:\/\/www.europesays.com\/fr\/281451\/"},"modified":"2025-07-29T08:13:10","modified_gmt":"2025-07-29T08:13:10","slug":"la-france-doit-prendre-la-tete-des","status":"publish","type":"post","link":"https:\/\/www.europesays.com\/fr\/281451\/","title":{"rendered":"la France doit \u00ab\u00a0prendre la t\u00eate des &#8230;"},"content":{"rendered":"<p>Droits de douanes entre l&rsquo;Union europ\u00e9enne et les \u00c9tats-Unis, censure du gouvernement Bayrou, r\u00e9seaux sociaux, guerre \u00e0 Gaza : Arthur Delaporte a r\u00e9pondu aux questions de Benjamin Glaise.<\/p>\n<\/p>\n<p>L&rsquo;accord entre l&rsquo;Union europ\u00e9enne et les \u00c9tats-Unis, \u00ab\u00a0un scandale absolu\u00a0\u00bb<\/p>\n<p>Pour Arthur Delaporte, l&rsquo;accord conclu entre l&rsquo;Union europ\u00e9enne et les Etats-Unis est \u00ab\u00a0un scandale absolu, une vassalisation de l&rsquo;Union europ\u00e9enne.\u00a0\u00bb \u00ab\u00a0Ursula von der Leyen s&rsquo;est rendue sur le terrain de golf de Donald Trump pour avouer une d\u00e9faite en rase campagne. <strong>Il y a un enjeu d\u00e9mocratique, un enjeu politique. <\/strong>On ne peut pas rester comme le Premier ministre en simple commentateur de quelque chose qui serait \u00e9tranger \u00e0 la France. Ce que nous demandons c&rsquo;est que le Pr\u00e9sident de la R\u00e9publique organise un entretien avec les chefs de parti politique. Il faut une parole forte du Pr\u00e9sident de la R\u00e9publique.\u00a0\u00bb Arthur Delaporte se dit \u00ab\u00a0sid\u00e9r\u00e9\u00a0\u00bb face \u00e0 l&rsquo;impuissance de Fran\u00e7ois Bayrou, qui s&rsquo;est content\u00e9 de commenter l&rsquo;accord sur les r\u00e9seaux sociaux. <\/p>\n<blockquote class=\"twitter-tweet\">\n<p lang=\"fr\" dir=\"ltr\">Le PS demande \u00e0 Emmanuel Macron une r\u00e9union des diff\u00e9rents chefs de parti \u00e0 l\u2019\u00c9lys\u00e9e : \u201cLa France est membre du CE, qui devra valider cet accord. La France va-t-elle prendre la t\u00eate des pays qui sont contre cet accord ?\u201d <a href=\"https:\/\/twitter.com\/ArthurDelaporte?ref_src=twsrc%5Etfw\" rel=\"nofollow noopener\" target=\"_blank\">@ArthurDelaporte<\/a>, porte-parole du PS et d\u00e9put\u00e9 du Calvados <a href=\"https:\/\/t.co\/sXw6ZTw9NT\" rel=\"nofollow\">pic.twitter.com\/sXw6ZTw9NT<\/a><\/p>\n<p>\u2014 Sud Radio (@SudRadio) <a href=\"https:\/\/twitter.com\/SudRadio\/status\/1950084835143200925?ref_src=twsrc%5Etfw\" rel=\"nofollow noopener\" target=\"_blank\">July 29, 2025<\/a><\/p><\/blockquote>\n<p>L&rsquo;accord est d&rsquo;autant plus incompr\u00e9hensible que, selon Arthur Delaporte, \u00ab\u00a0<strong>on n&rsquo;est pas dans une relation assym\u00e9trique.<\/strong>\u00a0\u00bb \u00ab\u00a0On ne peut pas faire carpette devant le pr\u00e9sident des \u00c9tats-Unis\u00a0\u00bb, mart\u00e8le-t-il. D&rsquo;autant que les Europ\u00e9ens ne sont pas les seuls \u00e0 souffrir de cet accord. \u00ab\u00a0C&rsquo;est le pouvoir d&rsquo;achat des Am\u00e9ricains qui le subit.\u00a0\u00bb La France doit \u00ab\u00a0prendre la t\u00eate des pays qui sont contre cet accord\u00a0\u00bb, demande Arthur Delaporte, qui rappelle que la France a une place pr\u00e9pond\u00e9rante dans l&rsquo;Union europ\u00e9enne.<\/p>\n<p>\u00ab\u00a0Je ne vois pas pourquoi nous ne censurerions pas ce gouvernement\u00a0\u00bb<\/p>\n<p>Le Parti socialiste s&rsquo;appr\u00eate donc \u00e0 jouer son r\u00f4le dans l&rsquo;opposition. Cela peut \u00eatre en censurant le gouvernement Bayrou car Arthur Delaporte \u00ab\u00a0ne voit pas ce qui ferait que nous ne censurerions pas ce gouvernement. <strong>Je ne vois pas ce qui pourrait convenir au Parti socialiste, plus largement aux Fran\u00e7aises et aux Fran\u00e7ais.<\/strong>\u00a0\u00bb Il d\u00e9plore ainsi que \u00ab\u00a0les associations qui luttent contre les violences faites aux femmes sont en difficult\u00e9s financi\u00e8res.\u00a0\u00bb \u00ab\u00a0On a un vrai sujet d&rsquo;incoh\u00e9rence gouvernementale.\u00a0\u00bb<\/p>\n<blockquote class=\"twitter-tweet\">\n<p lang=\"fr\" dir=\"ltr\"><a href=\"https:\/\/twitter.com\/hashtag\/Censure?src=hash&amp;ref_src=twsrc%5Etfw\" rel=\"nofollow noopener\" target=\"_blank\">#Censure<\/a> du budget par le PS ? \u201cEn l\u2019\u00e9tat, bien \u00e9videmment, c\u2019est un budget mortif\u00e8re qui va piller les caisses de l\u2019\u00c9tat\u201d, annonce <a href=\"https:\/\/twitter.com\/ArthurDelaporte?ref_src=twsrc%5Etfw\" rel=\"nofollow noopener\" target=\"_blank\">@ArthurDelaporte<\/a>, porte-parole du PS et d\u00e9put\u00e9 du Calvados. <a href=\"https:\/\/t.co\/x4FPc2GDxV\" rel=\"nofollow\">pic.twitter.com\/x4FPc2GDxV<\/a><\/p>\n<p>\u2014 Sud Radio (@SudRadio) <a href=\"https:\/\/twitter.com\/SudRadio\/status\/1950087187380289702?ref_src=twsrc%5Etfw\" rel=\"nofollow noopener\" target=\"_blank\">July 29, 2025<\/a><\/p><\/blockquote>\n<p>Toutefois, avant de songer \u00e0 une censure, le Parti socialiste se concentre sur les l\u00e9gislatives partielles. \u00ab\u00a0On a deux candidatures sur les trois qui \u00e9taient port\u00e9es par les socialistes. On aura au moins deux candidats.\u00a0\u00bb Si le Nouveau front populaire semble particuli\u00e8rement divis\u00e9 pour ces \u00e9lections, Arthur Delaporte signale que \u00ab\u00a0on peut commencer \u00e0 sortir le pop-corn \u00e0 Paris\u00a0\u00bb, o\u00f9 Rachida Dati et Michel Barnier se disputent la candidature de la droite. \u00ab\u00a0\u00c7a montre la division de ceux qui pr\u00e9tendent gouverner la France\u00a0\u00bb, note Arthur Delaporte. Il voit dans cette situation une \u00ab\u00a0opportunit\u00e9 pour la gauche d&rsquo;incarner un rassemblement.\u00a0\u00bb Quand \u00e0 la cinqui\u00e8me circonscription des Fran\u00e7ais de l&rsquo;\u00e9tranger, le Parti socialiste \u00ab\u00a0continue de r\u00e9fl\u00e9chir \u00e0 la meilleure strat\u00e9gie.\u00a0\u00bb \u00ab\u00a0<strong>On r\u00e9fl\u00e9chit aux risques du Rassemblement National, c&rsquo;est une circonscription qui a d\u00e9j\u00e0 vu des socialistes gagner et des Insoumis perdre.<\/strong>\u00ab\u00a0<\/p>\n<p>R\u00e9seaux sociaux : il y  a \u00ab\u00a0un sentiment d&rsquo;impunit\u00e9 total\u00a0\u00bb<\/p>\n<p>Arthur Delaporte appelle \u00e9galement \u00e0 une meilleure r\u00e9gulation des r\u00e9seaux sociaux. \u00ab\u00a0Les pr\u00e9conisations seront dans le rapport qui sera pr\u00e9sent\u00e9. On a auditionn\u00e9 plus de 160 personnes, on a eu des centaines d&#8217;email de t\u00e9moignages, on va produire des recommandations.\u00a0\u00bb \u00ab\u00a0<strong>L&rsquo;heure est grave, on a des g\u00e9ants du num\u00e9rique qui se croient tout permis, <\/strong>malm\u00e8nent notre sant\u00e9\u00a0\u00bb, alerte Arthur Delaporte qui d\u00e9nonce \u00ab\u00a0un sentiment d&rsquo;impunit\u00e9 total.\u00a0\u00bb \u00ab\u00a0TikTok n&rsquo;h\u00e9site pas \u00e0 laisser des contenus probl\u00e9matiques en ligne\u00a0\u00bb, donne-t-il pour exemple.<\/p>\n<blockquote class=\"twitter-tweet\">\n<p lang=\"fr\" dir=\"ltr\">\u201c<a href=\"https:\/\/twitter.com\/hashtag\/TikTok?src=hash&amp;ref_src=twsrc%5Etfw\" rel=\"nofollow noopener\" target=\"_blank\">#TikTok<\/a> a un algorithme qui rend les gens accros\u201d, d\u00e9nonce <a href=\"https:\/\/twitter.com\/ArthurDelaporte?ref_src=twsrc%5Etfw\" rel=\"nofollow noopener\" target=\"_blank\">@ArthurDelaporte<\/a>, pr\u00e9sident de la commission d\u2019enqu\u00eate sur les effets psychologiques de TikTok sur les mineurs <a href=\"https:\/\/t.co\/DSHh2pA0aD\" rel=\"nofollow\">pic.twitter.com\/DSHh2pA0aD<\/a><\/p>\n<p>\u2014 Sud Radio (@SudRadio) <a href=\"https:\/\/twitter.com\/SudRadio\/status\/1950090022893351165?ref_src=twsrc%5Etfw\" rel=\"nofollow noopener\" target=\"_blank\">July 29, 2025<\/a><\/p><\/blockquote>\n<p>\u00ab\u00a0<strong>La premi\u00e8re \u00e9tape c&rsquo;est l&rsquo;amende, la deuxi\u00e8me \u00e7a peut \u00eatre l&rsquo;interdiction du r\u00e9seau de mani\u00e8re ponctuelle ou d\u00e9finitive<\/strong>\u00ab\u00a0, \u00e9voque-t-il. \u00ab\u00a0Je travaille sur la loi Influenceurs 2, pour essayer d&rsquo;avancer sur les nouvelles d\u00e9rives li\u00e9es \u00e0 l&rsquo;influence commerciale. Sur la mani\u00e8re dont on peut activer la saisine des juges, faire suspendre des comptes.\u00a0\u00bb \u00ab\u00a0Ces peines existent, sont parfois dures, mais ne sont pas appliqu\u00e9es. On ne va pas assez vite\u00a0\u00bb, regrette Arthur Delaporte qui rappelle que \u00ab\u00a0tout se joue dans les premi\u00e8res heures.\u00a0\u00bb<\/p>\n<p>Il y a \u00ab\u00a0une politique g\u00e9nocidaire en cours \u00e0 Gaza\u00a0\u00bb<\/p>\n<p>Arthur Delaporte estime que \u00ab\u00a0la France doit faire tout ce qui est en son pouvoir pour mettre fin au massacre en cours \u00e0 Gaza.\u00a0\u00bb \u00ab\u00a0<strong>On a des centaines de milliers de personnes qui sont en train de mourir de faim<\/strong>\u00ab\u00a0, rappelle-t-il. Il d\u00e9nonce \u00ab\u00a0une politique g\u00e9nocidaire en cours \u00e0 Gaza.\u00a0\u00bb Il y a une famine organis\u00e9e, c&rsquo;est pour lui \u00ab\u00a0une \u00e9vidence. La communaut\u00e9 internationale sait tr\u00e8s bien ce qui se passe.\u00a0\u00bb Bien qu&rsquo;Isra\u00ebl ait d\u00e9bloqu\u00e9 l&rsquo;aide humanitaire, il signale qu&rsquo;elle \u00ab\u00a0arrive encore au compte-gouttes\u00a0\u00bb et qu&rsquo;il \u00ab\u00a0est d\u00e9j\u00e0 trop tard.\u00a0\u00bb<\/p>\n<blockquote class=\"twitter-tweet\">\n<p lang=\"fr\" dir=\"ltr\">\u00ab\u00a0La famille est organis\u00e9e \u00e0 <a href=\"https:\/\/twitter.com\/hashtag\/Gaza?src=hash&amp;ref_src=twsrc%5Etfw\" rel=\"nofollow noopener\" target=\"_blank\">#Gaza<\/a>, c\u2019est une \u00e9vidence. L\u2019objectif d\u2019une partie du gouvernement isra\u00e9lien est d\u2019\u00e9radiquer l\u2019\u00c9tat de <a href=\"https:\/\/twitter.com\/hashtag\/Palestine?src=hash&amp;ref_src=twsrc%5Etfw\" rel=\"nofollow noopener\" target=\"_blank\">#Palestine<\/a>. Il y a une politique g\u00e9nocidaire \u00e0 <a href=\"https:\/\/twitter.com\/hashtag\/Gaza?src=hash&amp;ref_src=twsrc%5Etfw\" rel=\"nofollow noopener\" target=\"_blank\">#Gaza<\/a>, c\u2019est de notori\u00e9t\u00e9 publique\u00a0\u00bb, lance <a href=\"https:\/\/twitter.com\/ArthurDelaporte?ref_src=twsrc%5Etfw\" rel=\"nofollow noopener\" target=\"_blank\">@ArthurDelaporte<\/a>, porte-parole du PS et d\u00e9put\u00e9 du Calvados <a href=\"https:\/\/t.co\/3m0f3zVx9E\" rel=\"nofollow\">pic.twitter.com\/3m0f3zVx9E<\/a><\/p>\n<p>\u2014 Sud Radio (@SudRadio) <a href=\"https:\/\/twitter.com\/SudRadio\/status\/1950092778337182198?ref_src=twsrc%5Etfw\" rel=\"nofollow noopener\" target=\"_blank\">July 29, 2025<\/a><\/p><\/blockquote>\n<p>Quant \u00e0 l&rsquo;action de Donald Trump pour mettre fin \u00e0 la guerre, Arthur Delaporte affirme que \u00ab\u00a0tout ceux qui voudront s&rsquo;engager dans ce combat seront les bienvenus\u00a0\u00bb. Cependant, \u00ab\u00a0Donald Trump est celui qui a continu\u00e9 \u00e0 armer Isra\u00ebl.\u00a0\u00bb Pour r\u00e9soudre la situation, il demande une \u00ab\u00a0solution \u00e0 deux Etats\u00a0\u00bb, et \u00ab\u00a0des m\u00e9canismes de sanction \u00e0 l&rsquo;\u00e9chelle europ\u00e9enne.\u00a0\u00bb \u00ab\u00a0<strong>Ce que nous demandons c&rsquo;est la suspension de l&rsquo;accord d&rsquo;association entre l&rsquo;Union europ\u00e9enne et Isra\u00ebl.<\/strong> Isra\u00ebl a rompu avec le respect du droit international\u00a0\u00bb et \u00ab\u00a0m\u00e8ne une politique qui vise \u00e0 annihiler un peuple.\u00a0\u00bb<\/p>\n<p>Retrouvez \u00ab\u00a0L\u2019invit\u00e9 politique\u00a0\u00bb chaque jour \u00e0 8h30 dans le Grand Matin Sud Radio<\/p>\n<p><a href=\"https:\/\/www.sudradio.fr\/programme\/le-grand-matin\/le-petit-dejeuner-politique-sud-radio\/\" rel=\"nofollow noopener\" target=\"_blank\">Cliquez ici pour \u00e9couter \u00ab\u00a0L\u2019invit\u00e9 politique\u00a0\u00bb<\/a><br \/><a href=\"https:\/\/www.sudradio.fr\/frequences\" rel=\"nofollow noopener\" target=\"_blank\"><strong>Toutes les fr\u00e9quences de <\/strong><strong>Sud Radio <\/strong><strong>sont ici !<\/strong><\/a><\/p>\n<p>                            <script async src=\"https:\/\/platform.twitter.com\/widgets.js\" charset=\"utf-8\"><\/script><\/p>\n","protected":false},"excerpt":{"rendered":"Droits de douanes entre l&rsquo;Union europ\u00e9enne et les \u00c9tats-Unis, censure du gouvernement Bayrou, r\u00e9seaux sociaux, guerre \u00e0 Gaza&hellip;\n","protected":false},"author":2,"featured_media":281452,"comment_status":"","ping_status":"","sticky":false,"template":"","format":"standard","meta":{"footnotes":""},"categories":[1589],"tags":[11,73,1866,12,1864,1865,1863,308],"class_list":{"0":"post-281451","1":"post","2":"type-post","3":"status-publish","4":"format-standard","5":"has-post-thumbnail","7":"category-etats-unis","8":"tag-actualites","9":"tag-etats-unis","10":"tag-etats-unis-damerique","11":"tag-news","12":"tag-united-states","13":"tag-united-states-of-america","14":"tag-us","15":"tag-usa"},"share_on_mastodon":{"url":"https:\/\/pubeurope.com\/@fr\/114935523156693698","error":""},"_links":{"self":[{"href":"https:\/\/www.europesays.com\/fr\/wp-json\/wp\/v2\/posts\/281451","targetHints":{"allow":["GET"]}}],"collection":[{"href":"https:\/\/www.europesays.com\/fr\/wp-json\/wp\/v2\/posts"}],"about":[{"href":"https:\/\/www.europesays.com\/fr\/wp-json\/wp\/v2\/types\/post"}],"author":[{"embeddable":true,"href":"https:\/\/www.europesays.com\/fr\/wp-json\/wp\/v2\/users\/2"}],"replies":[{"embeddable":true,"href":"https:\/\/www.europesays.com\/fr\/wp-json\/wp\/v2\/comments?post=281451"}],"version-history":[{"count":0,"href":"https:\/\/www.europesays.com\/fr\/wp-json\/wp\/v2\/posts\/281451\/revisions"}],"wp:featuredmedia":[{"embeddable":true,"href":"https:\/\/www.europesays.com\/fr\/wp-json\/wp\/v2\/media\/281452"}],"wp:attachment":[{"href":"https:\/\/www.europesays.com\/fr\/wp-json\/wp\/v2\/media?parent=281451"}],"wp:term":[{"taxonomy":"category","embeddable":true,"href":"https:\/\/www.europesays.com\/fr\/wp-json\/wp\/v2\/categories?post=281451"},{"taxonomy":"post_tag","embeddable":true,"href":"https:\/\/www.europesays.com\/fr\/wp-json\/wp\/v2\/tags?post=281451"}],"curies":[{"name":"wp","href":"https:\/\/api.w.org\/{rel}","templated":true}]}}