{"id":281453,"date":"2025-07-29T08:14:15","date_gmt":"2025-07-29T08:14:15","guid":{"rendered":"https:\/\/www.europesays.com\/fr\/281453\/"},"modified":"2025-07-29T08:14:15","modified_gmt":"2025-07-29T08:14:15","slug":"des-manifestations-devant-les-hotels-requisitionnes","status":"publish","type":"post","link":"https:\/\/www.europesays.com\/fr\/281453\/","title":{"rendered":"des manifestations devant les h\u00f4tels r\u00e9quisitionn\u00e9s"},"content":{"rendered":"<p class=\"intro \">Depuis deux semaines, le Royaume-Uni fait de nouveau face \u00e0 d&rsquo;importantes manifestations anti-migrants. Un mouvement d\u00e9clench\u00e9 par la mise en examen d&rsquo;un demandeur d&rsquo;asile accus\u00e9 d&rsquo;agression sexuelle. Les autorit\u00e9s britanniques redoutent une flamb\u00e9e de violences comparable aux \u00e9meutes de l&rsquo;\u00e9t\u00e9 dernier.<\/p>\n<p>Au <a href=\"https:\/\/www.europe1.fr\/dossiers\/royaume-uni\" target=\"_blank\" rel=\"nofollow noopener\">Royaume-Uni<\/a>, l&rsquo;accueil des <a href=\"https:\/\/www.europe1.fr\/politique\/sommet-franco-britannique-ce-que-contient-laccord-sur-la-question-migratoire-scelle-par-macron-et-starmer-763544\" target=\"_blank\" rel=\"nofollow noopener\">migrants<\/a> suscite de fortes tensions. Un an apr\u00e8s les \u00e9meutes anti-migrants, cons\u00e9cutives \u00e0 une attaque au couteau contre des enfants \u00e0 Southport pr\u00e8s de Liverpool, la col\u00e8re d&rsquo;une partie de l&rsquo;opinion se concentre d\u00e9sormais autour de ces h\u00f4tels r\u00e9quisitionn\u00e9s par les autorit\u00e9s pour h\u00e9berger des migrants.\u00a0<\/p>\n<p>    La suite apr\u00e8s cette publicit\u00e9<\/p>\n<p>    La suite apr\u00e8s cette publicit\u00e9<\/p>\n<p>Une affaire d&rsquo;agression sexuelle a mis le feu aux poudres<\/p>\n<p>Cela fait deux semaines que les manifestants se rassemblent quotidiennement devant l&rsquo;h\u00f4tel Bell d&rsquo;Epping, une ville de 11.000 habitants au nord de Londres.\u00a0La contestation est n\u00e9e d\u00e9but juillet lorsqu&rsquo;un demandeur d&rsquo;asile \u00e9thiopien de 38 ans a \u00e9t\u00e9 mis en examen, soup\u00e7onn\u00e9 d&rsquo;avoir tent\u00e9 d&#8217;embrasser une Anglaise de 14 ans.<\/p>\n<p>Ces manifestants protestent donc contre la pr\u00e9sence des demandeurs d&rsquo;asile puisqu&rsquo;une fois entr\u00e9s dans le syst\u00e8me, ils sont log\u00e9s par les autorit\u00e9s, le plus souvent dans des h\u00f4tels o\u00f9 ils peuvent rester plusieurs mois, voire plusieurs ann\u00e9es. Un dispositif qui a un co\u00fbt : 10 millions d&rsquo;euros par jour pour l&rsquo;\u00c9tat, un chiffre d\u00e9nonc\u00e9 par les manifestants.<\/p>\n<p>    La suite apr\u00e8s cette publicit\u00e9<\/p>\n<p>    La suite apr\u00e8s cette publicit\u00e9<\/p>\n<p>Un argument, le co\u00fbt que ferait peser l&rsquo;immigration sur les finances publiques<\/p>\n<p>Interrog\u00e9 par la cha\u00eene Sky News, le ministre britannique du commerce Jonathan Reynolds dit comprendre la frustration du grand public. \u00ab\u00a0Je comprends leur frustration. Si l&rsquo;on consid\u00e8re le nombre d&rsquo;h\u00f4tels, ils \u00e9taient 400 au plus fort de la crise et ils ne sont plus que 200 aujourd&rsquo;hui. Le nombre diminue donc, les demandes d&rsquo;asile sont trait\u00e9es plus rapidement et davantage de personnes ont \u00e9t\u00e9 expuls\u00e9es sous ce gouvernement. Mais je comprends la frustration\u00a0\u00bb, glisse-t-il.<\/p>\n<p>\u00c0 l&rsquo;\u00e9chelle locale, plusieurs conseils municipaux demandent aujourd&rsquo;hui la fermeture de ces h\u00f4tels. En attendant, le minist\u00e8re britannique de l&rsquo;Int\u00e9rieur travaille \u00e0 la relocalisation de certains demandeurs d&rsquo;asile. Depuis le d\u00e9but du mouvement, au moins 18 personnes ont \u00e9t\u00e9 arr\u00eat\u00e9es et huit bless\u00e9s sont \u00e0 d\u00e9plorer du c\u00f4t\u00e9 des forces de l&rsquo;ordre.<\/p>\n","protected":false},"excerpt":{"rendered":"Depuis deux semaines, le Royaume-Uni fait de nouveau face \u00e0 d&rsquo;importantes manifestations anti-migrants. Un mouvement d\u00e9clench\u00e9 par la&hellip;\n","protected":false},"author":2,"featured_media":281454,"comment_status":"","ping_status":"","sticky":false,"template":"","format":"standard","meta":{"footnotes":""},"categories":[1588],"tags":[11,1777,674,12,473,1853,1851,1850,1852],"class_list":{"0":"post-281453","1":"post","2":"type-post","3":"status-publish","4":"format-standard","5":"has-post-thumbnail","7":"category-royaume-uni","8":"tag-actualites","9":"tag-eu","10":"tag-europe","11":"tag-news","12":"tag-royaume-uni","13":"tag-royaume-uni-de-grande-bretagne-et-dirlande-du-nord","14":"tag-uk","15":"tag-united-kingdom","16":"tag-united-kingdom-of-great-britain-and-northern-ireland"},"share_on_mastodon":{"url":"https:\/\/pubeurope.com\/@fr\/114935527141335019","error":""},"_links":{"self":[{"href":"https:\/\/www.europesays.com\/fr\/wp-json\/wp\/v2\/posts\/281453","targetHints":{"allow":["GET"]}}],"collection":[{"href":"https:\/\/www.europesays.com\/fr\/wp-json\/wp\/v2\/posts"}],"about":[{"href":"https:\/\/www.europesays.com\/fr\/wp-json\/wp\/v2\/types\/post"}],"author":[{"embeddable":true,"href":"https:\/\/www.europesays.com\/fr\/wp-json\/wp\/v2\/users\/2"}],"replies":[{"embeddable":true,"href":"https:\/\/www.europesays.com\/fr\/wp-json\/wp\/v2\/comments?post=281453"}],"version-history":[{"count":0,"href":"https:\/\/www.europesays.com\/fr\/wp-json\/wp\/v2\/posts\/281453\/revisions"}],"wp:featuredmedia":[{"embeddable":true,"href":"https:\/\/www.europesays.com\/fr\/wp-json\/wp\/v2\/media\/281454"}],"wp:attachment":[{"href":"https:\/\/www.europesays.com\/fr\/wp-json\/wp\/v2\/media?parent=281453"}],"wp:term":[{"taxonomy":"category","embeddable":true,"href":"https:\/\/www.europesays.com\/fr\/wp-json\/wp\/v2\/categories?post=281453"},{"taxonomy":"post_tag","embeddable":true,"href":"https:\/\/www.europesays.com\/fr\/wp-json\/wp\/v2\/tags?post=281453"}],"curies":[{"name":"wp","href":"https:\/\/api.w.org\/{rel}","templated":true}]}}