{"id":281459,"date":"2025-07-29T08:17:10","date_gmt":"2025-07-29T08:17:10","guid":{"rendered":"https:\/\/www.europesays.com\/fr\/281459\/"},"modified":"2025-07-29T08:17:10","modified_gmt":"2025-07-29T08:17:10","slug":"jai-eu-beaucoup-de-chance-les-larmes-dandreescu-apres-sa-blessure-a-la-cheville","status":"publish","type":"post","link":"https:\/\/www.europesays.com\/fr\/281459\/","title":{"rendered":"\u00ab J\u2019ai eu beaucoup de chance \u00bb, les larmes d\u2019Andreescu apr\u00e8s sa blessure \u00e0 la cheville"},"content":{"rendered":"<p>                <img decoding=\"async\" src=\"https:\/\/www.europesays.com\/fr\/wp-content\/uploads\/2025\/07\/znL9.jpg\" alt=\"\u00ab J\u2019ai eu beaucoup de chance \u00bb, les larmes d\u2019Andreescu apr\u00e8s sa blessure \u00e0 la cheville\"\/><\/p>\n<p><strong>Face \u00e0 Krejcikova au premier tour de Montr\u00e9al, Andreescu s\u2019est impos\u00e9e en deux sets sur le score de 6-3, 6-4.<\/strong><\/p>\n<p>Si la victoire semblait se dessiner pour la Canadienne, un fait de match malheureux est venu g\u00e2cher le spectacle. \u00c0 5-4 sur son service dans la deuxi\u00e8me manche, Andreescu s\u2019est bless\u00e9e \u00e0 la cheville, s\u2019\u00e9croulant en larmes face aux spectateurs pr\u00e9sents sur place.<\/p>\n<p>Avec l\u2019intervention du kin\u00e9, la joueuse de 25 ans a malgr\u00e9 tout serr\u00e9 les dents pour r\u00e9ussir \u00e0 conclure la rencontre apr\u00e8s 1 h 44 de jeu. Invit\u00e9e par l\u2019organisation, elle a exprim\u00e9 son \u00e9motion suite \u00e0 cette grande frayeur : \u00ab J\u2019ai eu beaucoup de chance, c\u2019est vraiment malheureux ce qui s\u2019est pass\u00e9. Je ne sais pas quoi dire. Merci \u00e0 tous, ce genre de moments n&rsquo;est jamais facile. \u00bb<\/p>\n<p>Reste \u00e0 savoir si elle pourra tenir son rang lors du prochain match face \u00e0 la Russe Andreeva. Pour rappel, elle est une habitu\u00e9e des lieux et s\u2019est impos\u00e9e ici en 2019, \u00e0 tout juste 19 ans.<\/p>\n","protected":false},"excerpt":{"rendered":"Face \u00e0 Krejcikova au premier tour de Montr\u00e9al, Andreescu s\u2019est impos\u00e9e en deux sets sur le score de&hellip;\n","protected":false},"author":2,"featured_media":281460,"comment_status":"","ping_status":"","sticky":false,"template":"","format":"standard","meta":{"footnotes":""},"categories":[1586],"tags":[11,1777,674,1779,1011,27,12,25,1778,364],"class_list":{"0":"post-281459","1":"post","2":"type-post","3":"status-publish","4":"format-standard","5":"has-post-thumbnail","7":"category-europe","8":"tag-actualites","9":"tag-eu","10":"tag-europe","11":"tag-european-union","12":"tag-fr","13":"tag-france","14":"tag-news","15":"tag-republique-francaise","16":"tag-ue","17":"tag-union-europeenne"},"share_on_mastodon":{"url":"https:\/\/pubeurope.com\/@fr\/114935538895080738","error":""},"_links":{"self":[{"href":"https:\/\/www.europesays.com\/fr\/wp-json\/wp\/v2\/posts\/281459","targetHints":{"allow":["GET"]}}],"collection":[{"href":"https:\/\/www.europesays.com\/fr\/wp-json\/wp\/v2\/posts"}],"about":[{"href":"https:\/\/www.europesays.com\/fr\/wp-json\/wp\/v2\/types\/post"}],"author":[{"embeddable":true,"href":"https:\/\/www.europesays.com\/fr\/wp-json\/wp\/v2\/users\/2"}],"replies":[{"embeddable":true,"href":"https:\/\/www.europesays.com\/fr\/wp-json\/wp\/v2\/comments?post=281459"}],"version-history":[{"count":0,"href":"https:\/\/www.europesays.com\/fr\/wp-json\/wp\/v2\/posts\/281459\/revisions"}],"wp:featuredmedia":[{"embeddable":true,"href":"https:\/\/www.europesays.com\/fr\/wp-json\/wp\/v2\/media\/281460"}],"wp:attachment":[{"href":"https:\/\/www.europesays.com\/fr\/wp-json\/wp\/v2\/media?parent=281459"}],"wp:term":[{"taxonomy":"category","embeddable":true,"href":"https:\/\/www.europesays.com\/fr\/wp-json\/wp\/v2\/categories?post=281459"},{"taxonomy":"post_tag","embeddable":true,"href":"https:\/\/www.europesays.com\/fr\/wp-json\/wp\/v2\/tags?post=281459"}],"curies":[{"name":"wp","href":"https:\/\/api.w.org\/{rel}","templated":true}]}}