{"id":281471,"date":"2025-07-29T08:24:12","date_gmt":"2025-07-29T08:24:12","guid":{"rendered":"https:\/\/www.europesays.com\/fr\/281471\/"},"modified":"2025-07-29T08:24:12","modified_gmt":"2025-07-29T08:24:12","slug":"atp-zverev-est-sous-le-charme-pour-moi-oncle-toni-est-quelquun-dexceptionnel-dans-sa-capacite-a-maximiser-le-potentiel-dun-joueur","status":"publish","type":"post","link":"https:\/\/www.europesays.com\/fr\/281471\/","title":{"rendered":"ATP > Zverev est sous le charme : \u00ab\u00a0Pour moi, oncle Toni est quelqu&rsquo;un d&rsquo;exceptionnel dans sa capacit\u00e9 \u00e0 maximiser le potentiel d&rsquo;un joueur\u00a0\u00bb"},"content":{"rendered":"<p>Sascha a pass\u00e9 un s\u00e9jour de \u00ab\u202fr\u00eave\u202f\u00bb \u00e0 Manacor et il esp\u00e8re bien que la situa\u00adtion va se d\u00e9canter prochai\u00adne\u00adment. D\u2019ailleurs ses propos \u00e9logieux envers Toni en sont la preuve car ce n\u2019est pas vrai\u00adment le genre de la maison.<\/p>\n<p>\u00ab\u202f<strong>C\u2019\u00e9tait un s\u00e9jour incroyable. J\u2019ai \u00e9nor\u00adm\u00e9\u00adment travaill\u00e9, mais en m\u00eame temps \u00e9nor\u00adm\u00e9\u00adment appr\u00e9ci\u00e9 le moment, et je crois que Toni aussi. Lorsqu\u2019il parle, comme lorsque Rafa parle, vous \u00e9coutez. Ils ont tous les deux pass\u00e9 des heures \u00e0 me parler, parfois on discu\u00adtait tard le soir, apr\u00e8s minuit. Rafa a \u00e9gale\u00adment pass\u00e9 beau\u00adcoup de temps avec moi et m\u2019a r\u00e9v\u00e9l\u00e9 ce qu\u2019il ressen\u00adtait quand il m\u2019af\u00adfron\u00adtait sur le court. Pour moi, oncle Toni est quel\u00adqu\u2019un d\u2019ex\u00adcep\u00adtionnel dans sa capa\u00adcit\u00e9 \u00e0 maxi\u00admiser le poten\u00adtiel d\u2019un joueur\u202f\u00bb<\/strong><\/p>\n<p class=\"post-published-date\" style=\"color: silver; font-size: 75%; text-align: left;\">Publi\u00e9 le mardi 29 juillet 2025 \u00e0 08:20<\/p>\n","protected":false},"excerpt":{"rendered":"Sascha a pass\u00e9 un s\u00e9jour de \u00ab\u202fr\u00eave\u202f\u00bb \u00e0 Manacor et il esp\u00e8re bien que la situa\u00adtion va se&hellip;\n","protected":false},"author":2,"featured_media":165572,"comment_status":"","ping_status":"","sticky":false,"template":"","format":"standard","meta":{"footnotes":""},"categories":[1415],"tags":[1011,27,60,1467,4542],"class_list":{"0":"post-281471","1":"post","2":"type-post","3":"status-publish","4":"format-standard","5":"has-post-thumbnail","7":"category-tennis","8":"tag-fr","9":"tag-france","10":"tag-sports","11":"tag-tennis","12":"tag-zverev"},"share_on_mastodon":{"url":"https:\/\/pubeurope.com\/@fr\/114935566364316437","error":""},"_links":{"self":[{"href":"https:\/\/www.europesays.com\/fr\/wp-json\/wp\/v2\/posts\/281471","targetHints":{"allow":["GET"]}}],"collection":[{"href":"https:\/\/www.europesays.com\/fr\/wp-json\/wp\/v2\/posts"}],"about":[{"href":"https:\/\/www.europesays.com\/fr\/wp-json\/wp\/v2\/types\/post"}],"author":[{"embeddable":true,"href":"https:\/\/www.europesays.com\/fr\/wp-json\/wp\/v2\/users\/2"}],"replies":[{"embeddable":true,"href":"https:\/\/www.europesays.com\/fr\/wp-json\/wp\/v2\/comments?post=281471"}],"version-history":[{"count":0,"href":"https:\/\/www.europesays.com\/fr\/wp-json\/wp\/v2\/posts\/281471\/revisions"}],"wp:featuredmedia":[{"embeddable":true,"href":"https:\/\/www.europesays.com\/fr\/wp-json\/wp\/v2\/media\/165572"}],"wp:attachment":[{"href":"https:\/\/www.europesays.com\/fr\/wp-json\/wp\/v2\/media?parent=281471"}],"wp:term":[{"taxonomy":"category","embeddable":true,"href":"https:\/\/www.europesays.com\/fr\/wp-json\/wp\/v2\/categories?post=281471"},{"taxonomy":"post_tag","embeddable":true,"href":"https:\/\/www.europesays.com\/fr\/wp-json\/wp\/v2\/tags?post=281471"}],"curies":[{"name":"wp","href":"https:\/\/api.w.org\/{rel}","templated":true}]}}