{"id":281480,"date":"2025-07-29T08:30:11","date_gmt":"2025-07-29T08:30:11","guid":{"rendered":"https:\/\/www.europesays.com\/fr\/281480\/"},"modified":"2025-07-29T08:30:11","modified_gmt":"2025-07-29T08:30:11","slug":"tout-ce-que-je-deteste-marc-lavoine-cash-sur-renaud-et-serge-gainsbourg","status":"publish","type":"post","link":"https:\/\/www.europesays.com\/fr\/281480\/","title":{"rendered":"\u00ab\u00a0Tout ce que je d\u00e9teste\u2026\u00a0\u00bb : Marc Lavoine cash sur Renaud et Serge Gainsbourg"},"content":{"rendered":"<p>En 1985, <strong><a href=\"https:\/\/www.public.fr\/tag\/marc-lavoine\" target=\"_blank\" rel=\"noopener\">Marc Lavoine<\/a> a marqu\u00e9 les esprits avec Elle a les yeux revolver, un titre mythique d\u00e9di\u00e9 \u00e0 sa m\u00e8re<\/strong>, qui l&rsquo;a imm\u00e9diatement propuls\u00e9 sur le devant de la sc\u00e8ne musicale. <\/p>\n<p>\u00ab\u00a0Ma m\u00e8re, c\u2019est la personne que j\u2019ai le plus aim\u00e9e au monde. J\u2019ai toujours essay\u00e9 de faire ce que je n\u2019avais pas pu faire avec elle. Je n\u2019ai pas pu la sauver\u00a0\u00bb, confiait-il \u00e0 Nathalie Levy dans En apart\u00e9 sur Canal+.<\/p>\n<p>Marc Lavoine face au deuil<\/p>\n<p><strong>C&rsquo;est en effet en 2011 que Micheline Collin est d\u00e9c\u00e9d\u00e9e<\/strong>. Une \u00e9preuve particuli\u00e8rement difficile pour son fils.<\/p>\n<p>\u00ab\u00a0Je me suis effondr\u00e9. Je me souviens du baiser que j&rsquo;ai fait sur son front, un baiser absolument terrible et inacceptable.\u00a0On perd le centre du monde, on est \u00e9gar\u00e9, je pleure, je ne sais pas ce que je dis\u2026 Mon fr\u00e8re m&rsquo;a relev\u00e9. Je n&rsquo;ai pas accept\u00e9&#8230; Aujourd&rsquo;hui \u00e7a va beaucoup mieux, car les bons souvenirs me reviennent\u00a0\u00bb, avouait Marc Lavoine sur France Inter en janvier dernier.<\/p>\n<p>Et s&rsquo;il a su se relever, l&rsquo;artiste a tout de m\u00eame connu une descente aux enfers. C&rsquo;est en tout cas ce qu&rsquo;il r\u00e9v\u00e8le dans son livre Quand arrivent les chevaux, paru aux \u00e9ditions Fayard en d\u00e9but d&rsquo;ann\u00e9e : \u00ab\u00a0<strong>Je bois, je fume, j&rsquo;inhale de l&rsquo;\u00e9ther, j&rsquo;avale des somnif\u00e8res qui ne m&rsquo;endorment plus, je prends des calmants qui ne me calment rien, je respire des lignes blanches qui me plongent dans le noir<\/strong>\u00ab\u00a0. <\/p>\n<p>Et de poursuivre sur le plateau de L&rsquo;Invit\u00e9 sur TV5 Monde : \u00ab\u00a0Elle a rat\u00e9 sa mort. Elle est morte, elle \u00e9tait \u00e9chou\u00e9e, elle n&rsquo;\u00e9tait pas morte dignement, \u00e0 mon sens. Et j&rsquo;ai cru que c&rsquo;\u00e9tait de ma faute, au d\u00e9part. Mais je me suis pris pour quelqu&rsquo;un de tr\u00e8s important pour penser que c&rsquo;\u00e9tait de ma faute. Parce qu&rsquo;on se met toujours, nous, au milieu du jeu, on se dit &lsquo;c&rsquo;est de ma faute&rsquo;.\u00a0\u00bb<\/p>\n<p>\u00ab\u00a0Non, ce n&rsquo;\u00e9tait pas de ma faute, et j&rsquo;ai compris \u00e7a en sortant le livre.\u00a0J&rsquo;ai compris qu&rsquo;elle \u00e9tait fatigu\u00e9e, elle n&rsquo;en pouvait plus, alors elle m&rsquo;a quitt\u00e9.\u00a0<strong>Elle a attendu que je parte \u00e9crire pour me quitter<\/strong>. Et voil\u00e0, j&rsquo;ai fait ce parcours, ce chemin, \u00e7a a dur\u00e9 longtemps parce qu&rsquo;il est rest\u00e9 sept ans sur ma table de travail, je n&rsquo;osais pas le sortir, je faisais un refus d&rsquo;obstacle\u00a0\u00bb, ajoutait Marc Lavoine. <\/p>\n<p>\u00ab\u00a0Le Gainsbarre de Gainsbourg et le Renard de Renaud\u00a0\u00bb<\/p>\n<p>R\u00e9cemment, c&rsquo;est dans l&rsquo;\u00e9mission de Guillaume Pley, baptis\u00e9e <a href=\"https:\/\/www.instagram.com\/legendmedia\/\" target=\"_blank\" rel=\"noreferrer noopener\">Legend<\/a>, que le chanteur s&rsquo;est davantage livr\u00e9 sur son roman. <\/p>\n<p>Dans Quand arrivent les chevaux, \u00ab\u00a0<strong>c\u2019est Marcel qui parle<\/strong>\u00ab\u00a0, a-t-il r\u00e9v\u00e9l\u00e9. Un personnage qui n&rsquo;a pas manqu\u00e9 d&rsquo;interpeller l&rsquo;animateur vedette. <\/p>\n<p>Pour lui, \u00ab\u00a0Marcel est un peu le &lsquo;Mister Renard de <a href=\"https:\/\/www.public.fr\/tag\/renaud\" target=\"_blank\" rel=\"noopener\">Renaud<\/a>&lsquo;\u00a0\u00bb. Une comparaison \u00e0 laquelle Marc Lavoine a r\u00e9pondu : \u00ab\u00a0Ah non, l<strong>e Gainsbarre de Gainsbourg et le Renard de Renaud, c\u2019est tout ce que je d\u00e9teste<\/strong>.\u00a0C\u2019est quand tu commences \u00e0 croire que tu deviens le pr\u00e9nomm\u00e9 de son foulard. Marcel, c\u2019est un personnage. Dans cette situation, face \u00e0 la mort, il lui arrive ce qui arrive \u00e0 tout le monde. Soit tu prends de l\u2019alcool, soit tu te drogues, soit t\u2019es perdu, soit tu veux te suicider, soit tu d\u00e9primes\u2026 tous les maux de la soci\u00e9t\u00e9 arrivent \u00e0 cette personne-l\u00e0\u00a0\u00bb. De sacr\u00e9es confidences !<\/p>\n<p>      Mentionn\u00e9s dans cet article<\/p>\n<p>\u00c0 lire aussi<\/p>\n<p><script async src=\"\/\/www.instagram.com\/embed.js\"><\/script><\/p>\n","protected":false},"excerpt":{"rendered":"En 1985, Marc Lavoine a marqu\u00e9 les esprits avec Elle a les yeux revolver, un titre mythique d\u00e9di\u00e9&hellip;\n","protected":false},"author":2,"featured_media":281481,"comment_status":"","ping_status":"","sticky":false,"template":"","format":"standard","meta":{"footnotes":""},"categories":[1359],"tags":[58,59,1011,27,7593,973,1628,15548],"class_list":{"0":"post-281480","1":"post","2":"type-post","3":"status-publish","4":"format-standard","5":"has-post-thumbnail","7":"category-people","8":"tag-divertissement","9":"tag-entertainment","10":"tag-fr","11":"tag-france","12":"tag-marc-lavoine","13":"tag-people","14":"tag-renaud","15":"tag-serge-gainsbourg"},"share_on_mastodon":{"url":"https:\/\/pubeurope.com\/@fr\/114935590009867286","error":""},"_links":{"self":[{"href":"https:\/\/www.europesays.com\/fr\/wp-json\/wp\/v2\/posts\/281480","targetHints":{"allow":["GET"]}}],"collection":[{"href":"https:\/\/www.europesays.com\/fr\/wp-json\/wp\/v2\/posts"}],"about":[{"href":"https:\/\/www.europesays.com\/fr\/wp-json\/wp\/v2\/types\/post"}],"author":[{"embeddable":true,"href":"https:\/\/www.europesays.com\/fr\/wp-json\/wp\/v2\/users\/2"}],"replies":[{"embeddable":true,"href":"https:\/\/www.europesays.com\/fr\/wp-json\/wp\/v2\/comments?post=281480"}],"version-history":[{"count":0,"href":"https:\/\/www.europesays.com\/fr\/wp-json\/wp\/v2\/posts\/281480\/revisions"}],"wp:featuredmedia":[{"embeddable":true,"href":"https:\/\/www.europesays.com\/fr\/wp-json\/wp\/v2\/media\/281481"}],"wp:attachment":[{"href":"https:\/\/www.europesays.com\/fr\/wp-json\/wp\/v2\/media?parent=281480"}],"wp:term":[{"taxonomy":"category","embeddable":true,"href":"https:\/\/www.europesays.com\/fr\/wp-json\/wp\/v2\/categories?post=281480"},{"taxonomy":"post_tag","embeddable":true,"href":"https:\/\/www.europesays.com\/fr\/wp-json\/wp\/v2\/tags?post=281480"}],"curies":[{"name":"wp","href":"https:\/\/api.w.org\/{rel}","templated":true}]}}