{"id":281482,"date":"2025-07-29T08:31:15","date_gmt":"2025-07-29T08:31:15","guid":{"rendered":"https:\/\/www.europesays.com\/fr\/281482\/"},"modified":"2025-07-29T08:31:15","modified_gmt":"2025-07-29T08:31:15","slug":"en-1890-la-disparition-de-vincent-van-gogh","status":"publish","type":"post","link":"https:\/\/www.europesays.com\/fr\/281482\/","title":{"rendered":"en 1890, la disparition de Vincent Van Gogh"},"content":{"rendered":"<p><a href=\"https:\/\/www.sudouest.fr\/faits-divers\/un-couple-de-touristes-detruit-une-replique-de-la-chaise-de-van-gogh-en-voulant-s-asseoir-dessus-dans-un-musee-24865114.php\" rel=\"nofollow noopener\" target=\"_blank\">Vincent Van Gogh<\/a> est consid\u00e9r\u00e9 comme l\u2019une des figures mythiques de l\u2019histoire de l\u2019art. Souvent r\u00e9duit \u00e0 l\u2019image de l\u2019artiste tortur\u00e9, il est, sur le plan stylistique, un acteur important du postimpressionnisme, au m\u00eame titre que son comp\u00e8re Paul Gauguin.<\/p>\n<p>Son approche innovante de la peinture, caract\u00e9ris\u00e9e par une palette de couleurs vives, fait de lui un pionnier du fauvisme et de l\u2019expressionnisme. Disparu \u00e0 37\u00a0ans, Van Gogh \u00e9tait un artiste acharn\u00e9 ayant produit sur l\u2019ensemble de son \u0153uvre plus de 800 toiles. Ses chefs-d\u2019\u0153uvre, comme \u00ab\u00a0Les Tournesols\u00a0\u00bb (1888) et \u00ab\u00a0La Nuit \u00e9toil\u00e9e\u00a0\u00bb (1889), t\u00e9moignent de son tourment int\u00e9rieur.<\/p>\n<p>En 1991, \u00e0 la Une de \u00ab\u00a0Sud Ouest\u00a0\u00bb<\/p>\n<p>        <img decoding=\"async\" id=\"25066503\" src=\"https:\/\/www.europesays.com\/fr\/wp-content\/uploads\/2025\/07\/sudouest-page-1-9194924-page-0001.jpg\" alt=\"Reproduction de la Une de \u00ab\u00a0Sud Ouest\u00a0\u00bb du 29\u00a0juillet 1991. La veille, le Navarrais Miguel Indurain, 27\u00a0ans, devenait le quatri\u00e8me Espagnol \u00e0 remporter le Tour de France.\" itemprop=\"contentURL\"\/><\/p>\n<p>    Reproduction de la Une de \u00ab\u00a0Sud Ouest\u00a0\u00bb du 29\u00a0juillet 1991. La veille, le Navarrais Miguel Indurain, 27\u00a0ans, devenait le quatri\u00e8me Espagnol \u00e0 remporter le Tour de France.<\/p>\n<p>Archives \u00ab\u00a0Sud Ouest\u00a0\u00bb<\/p>\n<p><strong>Pour retrouver et visualiser toutes les Unes de \u00ab\u00a0Sud Ouest\u00a0\u00bb depuis 1944\u00a0: <\/strong><a href=\"https:\/\/unes-anniversaires.sudouest.fr\/\" target=\"_blank\" rel=\"nofollow noopener\">cliquez ici.<\/a><\/p>\n<p>Dans le calendrier<\/p>\n<p><strong>Sainte-Marthe,<\/strong> disciple du Christ et s\u0153ur de Lazare, une l\u00e9gende dit que J\u00e9sus est venu l\u2019accueillir \u00e0 la porte du paradis.\u00a0Les Marthe sont\u00a0<strong>organis\u00e9es\u00a0<\/strong>et\u00a0<strong>efficaces.\u00a0<\/strong>Leur couleur\u00a0:<strong> le bleu.\u00a0<\/strong>Leur chiffre\u00a0:<strong> le 2.<\/strong><\/p>\n<p><strong>Le dicton du jour\u00a0:<\/strong> \u00ab\u00a0Mauvais temps le jour de Sainte-Marthe n\u2019est rien, car il faut qu\u2019il parte\u00a0\u00bb.<\/p>\n<p>\u00c7a s\u2019est pass\u00e9 un 29\u00a0juillet<\/p>\n<p><strong>1836 <\/strong>L\u2019inauguration de l\u2019Arc de Triomphe \u00e0 Paris. <strong>1900 <\/strong><a href=\"https:\/\/www.sudouest.fr\/archives\/journees-du-patrimoine-2024-qui-a-sauve-le-pont-transbordeur-de-rochefort-21371824.php\" rel=\"nofollow noopener\" target=\"_blank\">Le pont transbordeur de Rochefort<\/a> est inaugur\u00e9. <strong>1958 <\/strong>Le pr\u00e9sident Eisenhower d\u00e9cide la cr\u00e9ation de la Nasa. Organisation gouvernementale, elle doit regrouper les diff\u00e9rentes recherches de l\u2019arm\u00e9e et rattraper le retard pris par rapport \u00e0 l\u2019URSS dans la \u00ab\u00a0conqu\u00eate de l\u2019espace\u00a0\u00bb.<strong>\u00a01981<\/strong>\u00a0Mariage en Angleterre du prince h\u00e9ritier\u00a0Charles avec Diana Spencer.\u00a0<strong>1987<\/strong>\u00a0Fran\u00e7ois Mitterrand et Margaret Thatcher lancent le tunnel sous la manche. Un trait\u00e9 franco-britannique est sign\u00e9 et autorise sa construction. Le tunnel sera inaugur\u00e9 en 1994.<strong>\u00a02007<\/strong>\u00a0Mort du com\u00e9dien fran\u00e7ais\u00a0Michel Serrault.<\/p>\n<p>Ils sont n\u00e9s un 29\u00a0juillet<\/p>\n<p>Jean-Hugues Anglade, acteur fran\u00e7ais (1955). Wil Wheaton, acteur am\u00e9ricain connu pour son r\u00f4le dans la s\u00e9rie \u00ab\u00a0The Big Bang Theory\u00a0\u00bb (1972). Djibril Sidib\u00e9, footballeur fran\u00e7ais (1992). Samy Seghir, acteur fran\u00e7ais (1994).<\/p>\n","protected":false},"excerpt":{"rendered":"Vincent Van Gogh est consid\u00e9r\u00e9 comme l\u2019une des figures mythiques de l\u2019histoire de l\u2019art. Souvent r\u00e9duit \u00e0 l\u2019image&hellip;\n","protected":false},"author":2,"featured_media":281483,"comment_status":"","ping_status":"","sticky":false,"template":"","format":"standard","meta":{"footnotes":""},"categories":[1358],"tags":[1348,1384,1385,1386,58,59,1011,27],"class_list":{"0":"post-281482","1":"post","2":"type-post","3":"status-publish","4":"format-standard","5":"has-post-thumbnail","7":"category-arts-et-design","8":"tag-arts","9":"tag-arts-and-design","10":"tag-arts-et-design","11":"tag-design","12":"tag-divertissement","13":"tag-entertainment","14":"tag-fr","15":"tag-france"},"share_on_mastodon":{"url":"https:\/\/pubeurope.com\/@fr\/114935593923516096","error":""},"_links":{"self":[{"href":"https:\/\/www.europesays.com\/fr\/wp-json\/wp\/v2\/posts\/281482","targetHints":{"allow":["GET"]}}],"collection":[{"href":"https:\/\/www.europesays.com\/fr\/wp-json\/wp\/v2\/posts"}],"about":[{"href":"https:\/\/www.europesays.com\/fr\/wp-json\/wp\/v2\/types\/post"}],"author":[{"embeddable":true,"href":"https:\/\/www.europesays.com\/fr\/wp-json\/wp\/v2\/users\/2"}],"replies":[{"embeddable":true,"href":"https:\/\/www.europesays.com\/fr\/wp-json\/wp\/v2\/comments?post=281482"}],"version-history":[{"count":0,"href":"https:\/\/www.europesays.com\/fr\/wp-json\/wp\/v2\/posts\/281482\/revisions"}],"wp:featuredmedia":[{"embeddable":true,"href":"https:\/\/www.europesays.com\/fr\/wp-json\/wp\/v2\/media\/281483"}],"wp:attachment":[{"href":"https:\/\/www.europesays.com\/fr\/wp-json\/wp\/v2\/media?parent=281482"}],"wp:term":[{"taxonomy":"category","embeddable":true,"href":"https:\/\/www.europesays.com\/fr\/wp-json\/wp\/v2\/categories?post=281482"},{"taxonomy":"post_tag","embeddable":true,"href":"https:\/\/www.europesays.com\/fr\/wp-json\/wp\/v2\/tags?post=281482"}],"curies":[{"name":"wp","href":"https:\/\/api.w.org\/{rel}","templated":true}]}}