{"id":281484,"date":"2025-07-29T08:32:11","date_gmt":"2025-07-29T08:32:11","guid":{"rendered":"https:\/\/www.europesays.com\/fr\/281484\/"},"modified":"2025-07-29T08:32:11","modified_gmt":"2025-07-29T08:32:11","slug":"il-y-a-des-libraires-au-quebec-qui-ignorent-que-je-suis-quebecois","status":"publish","type":"post","link":"https:\/\/www.europesays.com\/fr\/281484\/","title":{"rendered":"\u00abIl y a des libraires au Qu\u00e9bec qui ignorent que je suis Qu\u00e9b\u00e9cois\u00bb"},"content":{"rendered":"<p class=\"article-bodystyled__StyledText-sc-19uhgql-0 bGeyRM body-paragraph\">Pour l\u2019illustrateur de BD Jacques Lamontagne, il ne fait nul doute qu\u2019il est davantage connu outre-Atlantique qu\u2019ici, dans la Belle Province. \u00abL\u2019arriv\u00e9e d\u2019Internet a chang\u00e9 la donne\u00bb, assure-t-il.<\/p>\n<p class=\"article-bodystyled__StyledText-sc-19uhgql-0 bGeyRM body-paragraph\">\u00abIl y a des libraires au Qu\u00e9bec qui ignorent que je suis Qu\u00e9b\u00e9cois\u00bb, affirme sans ambages le dessinateur en entrevue au Soleil.<\/p>\n<p class=\"article-bodystyled__StyledText-sc-19uhgql-0 bGeyRM body-paragraph\">L\u2019artiste, qui r\u00e9side aujourd\u2019hui \u00e0 Saint-Raymond, dans Portneuf, s\u2019explique cette situation par l\u2019arriv\u00e9e d\u2019Internet au d\u00e9but des ann\u00e9es 2000. Et par sa volont\u00e9 de rayonner au-del\u00e0 des fronti\u00e8res du Qu\u00e9bec.<\/p>\n<blockquote class=\"pullquote\" cite=\"Jacques Lamontagne, illustrateur de BD\">\n<p class=\"secondary-font__SecondaryFontStyles-sc-jft5zj-0 kJOXaj\">\u00abJe n\u2019avais pas la possibilit\u00e9 de vivre de la BD au Qu\u00e9bec, car il y avait peu de maisons d\u2019\u00e9dition.\u00bb<\/p>\n<p>\u2014 \u00a0Jacques Lamontagne, illustrateur de BD<\/p><\/blockquote>\n<p class=\"article-bodystyled__StyledText-sc-19uhgql-0 bGeyRM body-paragraph\">Avant de devenir dessinateur de bandes dessin\u00e9es \u00e0 temps plein, Jacques Lamontagne a travaill\u00e9 durant 25 ans dans le domaine de la publicit\u00e9; d\u2019abord comme directeur artistique dans une agence \u00e0 Qu\u00e9bec, puis en tant qu\u2019illustrateur freelance. <\/p>\n<p class=\"article-bodystyled__StyledText-sc-19uhgql-0 bGeyRM body-paragraph\">Son lien avec le neuvi\u00e8me art, celui qui dit avoir \u00abtoujours eu un crayon entre les mains\u00bb \u2014 un talent que les religieuses de son \u00e9cole ont reconnu et encourag\u00e9 \u2014 le maintient toutefois en participant \u00e0 des magazines d\u2019humour, comme Safarir.<\/p>\n<p class=\"article-bodystyled__StyledText-sc-19uhgql-0 bGeyRM body-paragraph\">Mais au tournant des ann\u00e9es 2000, l\u2019essor d\u2019Internet va lui permettre de faire conna\u00eetre son travail \u00e0 l\u2019international. \u00abC\u2019\u00e9tait rendu tellement plus simple d\u2019envoyer un script ou des planches aux \u00e9diteurs\u00bb, observe l\u2019artiste \u00e2g\u00e9 de 63 ans aujourd\u2019hui. <\/p>\n<p class=\"article-bodystyled__StyledText-sc-19uhgql-0 bGeyRM body-paragraph\">Les maisons d\u2019\u00e9ditions europ\u00e9ennes sont particuli\u00e8rement dans le viseur de celui qui a \u00e9t\u00e9 \u00abberc\u00e9 par deux courants, les comics am\u00e9ricains et la BD franco-belge\u00bb. Et le fait de pouvoir communiquer en fran\u00e7ais a \u00e9galement contribu\u00e9 \u00e0 ce qu\u2019il rayonne de Paris \u00e0 Bruxelles, reconna\u00eet Jacques Lamontagne.<\/p>\n<p>La \u00abrenaissance\u00bb des westerns<\/p>\n<p class=\"article-bodystyled__StyledText-sc-19uhgql-0 bGeyRM body-paragraph\">Le contrat avec les \u00c9ditions Soleil pour la s\u00e9rie Les Druides (des sc\u00e9naristes Jean-Luc Istin et Thierry Jigourel), dont le premier des neuf tomes est publi\u00e9 en 2005, constitue le premier succ\u00e8s international de l\u2019illustrateur de Qu\u00e9bec.<\/p>\n<p class=\"article-bodystyled__StyledText-sc-19uhgql-0 bGeyRM body-paragraph\">\u00c0 partir de 2020, sa nouvelle s\u00e9rie Wild West, avec Thierry Gloris au sc\u00e9nario et publi\u00e9e chez Dupuis, marque une autre \u00e9tape importante de sa carri\u00e8re de b\u00e9d\u00e9iste. \u00abSigner avec Dupuis, c\u2019est quelque chose\u00bb, admet Jacques Lamontagne. <\/p>\n<p><img decoding=\"async\" data-chromatic=\"ignore\" alt=\"Le premier tome de la s&#xE9;rie de bande-dessin&#xE9;e &lt;i&gt;Wild West&lt;\/i&gt; de Jacques Lamontagne et Thierry Gloris.\" class=\"c-image\" loading=\"lazy\" src=\"https:\/\/www.europesays.com\/fr\/wp-content\/uploads\/2025\/07\/WAUBKDQC7RFPBJIXZ6IU64A6XY.jpg\"  width=\"600\" height=\"800\"\/><\/p>\n<p class=\"image-metadata__MetadataParagraph-sc-1gfk7p2-0 cAaLKg image-metadata\">Le premier tome de la s\u00e9rie de bande-dessin\u00e9e Wild West de Jacques Lamontagne et Thierry Gloris. (\u00c9ditions Dupuis)<\/p>\n<p class=\"article-bodystyled__StyledText-sc-19uhgql-0 bGeyRM body-paragraph\">S\u2019il reconna\u00eet que Wild West est davantage connu en Europe qu\u2019au Qu\u00e9bec, il ne s\u2019en explique pas parfaitement la raison. <\/p>\n<p class=\"article-bodystyled__StyledText-sc-19uhgql-0 bGeyRM body-paragraph\">Mais il est \u00e0 peu pr\u00e8s certain que l\u2019attrait du public pour l\u2019univers du western, un genre en pleine \u00abrenaissance\u00bb avec plusieurs s\u00e9ries \u00e0 succ\u00e8s dans les derni\u00e8res ann\u00e9es sur les plateformes de diffusion en continu de type Netflix, n\u2019y est pas \u00e9tranger.<\/p>\n<p class=\"article-bodystyled__StyledText-sc-19uhgql-0 bGeyRM body-paragraph\">L\u2019illustrateur note aussi que les r\u00e9seaux sociaux lui permettent de maintenir le lien avec ses admirateurs internationaux. <\/p>\n<p>\u00abUn regard par-dessus mon \u00e9paule\u00bb<\/p>\n<p class=\"article-bodystyled__StyledText-sc-19uhgql-0 bGeyRM body-paragraph\">\u00abComme je suis au Qu\u00e9bec, je fais moins de salons [en Europe] que les auteurs europ\u00e9ens. Avec Instagram et Facebook, \u00e7a me permet de ne pas me faire oublier par les lecteurs alors que faire une BD peut prendre un an.\u00bb <\/p>\n<blockquote class=\"pullquote\" cite=\"Jacques Lamontagne, illustrateur de BD\">\n<p class=\"secondary-font__SecondaryFontStyles-sc-jft5zj-0 kJOXaj\">\u00abC\u2019est leur permettre d\u2019avoir [aux lecteurs] un regard par-dessus mon \u00e9paule et voir mon processus de cr\u00e9ation.\u00bb<\/p>\n<p>\u2014 \u00a0Jacques Lamontagne, illustrateur de BD<\/p><\/blockquote>\n<p class=\"article-bodystyled__StyledText-sc-19uhgql-0 bGeyRM body-paragraph\">Soulignant l\u2019importance de b\u00e9d\u00e9istes qu\u00e9b\u00e9cois \u2014 comme Michel Rabagliati connu sur le Vieux-Continent pour ses Paul \u2014 qui ont ouvert la voie aux auteurs d\u2019ici, Jacques Lamontagne pense qu\u2019il est plus facile aujourd\u2019hui pour un jeune auteur qu\u00e9b\u00e9cois de se faire conna\u00eetre \u00e0 l\u2019\u00e9tranger.<\/p>\n<p class=\"article-bodystyled__StyledText-sc-19uhgql-0 bGeyRM body-paragraph\">Pour sa part, il vient de retrouver les projecteurs de l\u2019Europe puisque le cinqui\u00e8me tome de Wild West est sorti dans les librairies en France en mai dernier. <\/p>\n<p class=\"article-bodystyled__StyledText-sc-19uhgql-0 bGeyRM body-paragraph\">Le lecteur qu\u00e9b\u00e9cois, lui, pourra d\u00e9but ao\u00fbt mettre la main sur le nouvel opus de cette s\u00e9rie qui<b> <\/b>relate l\u2019histoire v\u00e9ridique de Martha Jane Cannary, mieux connue sous le nom de Calamity Jane. <\/p>\n","protected":false},"excerpt":{"rendered":"Pour l\u2019illustrateur de BD Jacques Lamontagne, il ne fait nul doute qu\u2019il est davantage connu outre-Atlantique qu\u2019ici, dans&hellip;\n","protected":false},"author":2,"featured_media":281485,"comment_status":"","ping_status":"","sticky":false,"template":"","format":"standard","meta":{"footnotes":""},"categories":[1357],"tags":[1379,58,59,1011,27,1380],"class_list":{"0":"post-281484","1":"post","2":"type-post","3":"status-publish","4":"format-standard","5":"has-post-thumbnail","7":"category-livres","8":"tag-books","9":"tag-divertissement","10":"tag-entertainment","11":"tag-fr","12":"tag-france","13":"tag-livres"},"share_on_mastodon":{"url":"https:\/\/pubeurope.com\/@fr\/114935597873453523","error":""},"_links":{"self":[{"href":"https:\/\/www.europesays.com\/fr\/wp-json\/wp\/v2\/posts\/281484","targetHints":{"allow":["GET"]}}],"collection":[{"href":"https:\/\/www.europesays.com\/fr\/wp-json\/wp\/v2\/posts"}],"about":[{"href":"https:\/\/www.europesays.com\/fr\/wp-json\/wp\/v2\/types\/post"}],"author":[{"embeddable":true,"href":"https:\/\/www.europesays.com\/fr\/wp-json\/wp\/v2\/users\/2"}],"replies":[{"embeddable":true,"href":"https:\/\/www.europesays.com\/fr\/wp-json\/wp\/v2\/comments?post=281484"}],"version-history":[{"count":0,"href":"https:\/\/www.europesays.com\/fr\/wp-json\/wp\/v2\/posts\/281484\/revisions"}],"wp:featuredmedia":[{"embeddable":true,"href":"https:\/\/www.europesays.com\/fr\/wp-json\/wp\/v2\/media\/281485"}],"wp:attachment":[{"href":"https:\/\/www.europesays.com\/fr\/wp-json\/wp\/v2\/media?parent=281484"}],"wp:term":[{"taxonomy":"category","embeddable":true,"href":"https:\/\/www.europesays.com\/fr\/wp-json\/wp\/v2\/categories?post=281484"},{"taxonomy":"post_tag","embeddable":true,"href":"https:\/\/www.europesays.com\/fr\/wp-json\/wp\/v2\/tags?post=281484"}],"curies":[{"name":"wp","href":"https:\/\/api.w.org\/{rel}","templated":true}]}}