{"id":281486,"date":"2025-07-29T08:33:10","date_gmt":"2025-07-29T08:33:10","guid":{"rendered":"https:\/\/www.europesays.com\/fr\/281486\/"},"modified":"2025-07-29T08:33:10","modified_gmt":"2025-07-29T08:33:10","slug":"le-benefice-de-tf1-au-1er-semestre-leste-par-une-surtaxe-exceptionnelle","status":"publish","type":"post","link":"https:\/\/www.europesays.com\/fr\/281486\/","title":{"rendered":"Le b\u00e9n\u00e9fice de TF1 au 1er semestre lest\u00e9 par une surtaxe exceptionnelle"},"content":{"rendered":"<p class=\"fig-paragraph\">Le b\u00e9n\u00e9fice net de\u00a0<a href=\"http:\/\/www.lefigaro.fr\/sports\/football\/euro\/foot-tf1-cede-finalement-le-match-des-bleues-a-france-2-en-meme-temps-que-psg-chelsea-dimanche-20250711\" target=\"_blank\" data-fig-type=\"NewsFlash\" rel=\"noopener\" data-gtm-custom-categorie=\"navigation\" data-gtm-custom-action=\"crossclick\" data-gtm-custom-label=\"Contextuel\" data-gtm-event=\"customEventSPE\" data-fig-domain=\"LEFIGARO\">TF1<\/a>\u00a0a fortement recul\u00e9 au premier semestre, passant de 96 \u00e0 78 millions d&rsquo;euros, du fait d&rsquo;une surtaxe exceptionnelle et des \u00abincertitudes macro\u00e9conomiques\u00bb pesant sur les revenus publicitaires, a annonc\u00e9 le groupe mardi dans un communiqu\u00e9. \u00abLa surtaxe devrait peser entre 20 et 25 millions sur l&rsquo;ensemble de l&rsquo;ann\u00e9e 2025\u00bb, a pr\u00e9cis\u00e9 le directeur financier du groupe Pierre-Alain G\u00e9rard, qui a soulign\u00e9 qu&rsquo;en dehors de cet \u00e9l\u00e9ment exceptionnel, le b\u00e9n\u00e9fice du groupe est quasi stable, ainsi que son chiffre d&rsquo;affaires consolid\u00e9 \u00e0 1,1 milliard d&rsquo;euros.<\/p>\n<p class=\"fig-paragraph\">Le chiffre d&rsquo;affaires publicitaire, \u00e0 782 millions d&rsquo;euros, subit une l\u00e9g\u00e8re baisse (-2,5%) en raison de \u00abl&rsquo;intensification des incertitudes macro\u00e9conomiques depuis le d\u00e9but du mois d&rsquo;avril 2025\u00bb, qui \u00aba pes\u00e9 sur les investissements des annonceurs\u00bb, mais reste port\u00e9 par le chiffre d&rsquo;affaires publicitaire de TF1+. Lanc\u00e9e en janvier 2024, la plateforme de streaming a vu son chiffre d&rsquo;affaires publicitaire augmenter de 41,4%, \u00e0 92 millions d&rsquo;euros.<\/p>\n<p>                                    <a class=\"fig-a11y-skip a11y-hidden\" href=\"#fig-a11y-skip-main-inarticle\"><br \/>\n        Passer la publicit\u00e9<br \/>\n    <\/a><\/p>\n<p>35 millions de streamers par mois<\/p>\n<p class=\"fig-paragraph\">\u00abTF1+ rassemble 35 millions de streamers par mois en moyenne au premier semestre 2025, avec un nouveau record de 39 millions de streamers atteint au mois de juin\u00bb, se f\u00e9licite le groupe dans leur communiqu\u00e9. Une nouvelle forme de mon\u00e9tisation de TF1+ sera mise en place \u00e0 partir de septembre, \u00e0 travers le \u00abmicropaiement\u00bb. \u00abEn contrepartie du paiement d&rsquo;une somme modeste\u00bb, qui n&rsquo;a pas encore \u00e9t\u00e9 pr\u00e9cis\u00e9e, les utilisateurs auront acc\u00e8s \u00e0 des contenus de haute qualit\u00e9 sans coupure publicitaire. C\u00f4t\u00e9 programmes, \u00abBonjour!\u00bb devient la troisi\u00e8me matinale de la t\u00e9l\u00e9vision et sera rallong\u00e9e de 30 minutes \u00e0 la rentr\u00e9e, a annonc\u00e9 le groupe.<\/p>\n<p class=\"fig-paragraph\">TF1 note \u00e9galement l&rsquo;impact positif du changement de num\u00e9rotation de la TNT sur l&rsquo;audience de sa cha\u00eene info LCI. La branche m\u00e9dia du groupe TF1 est confiante pour le second semestre 2025, qui sera notamment marqu\u00e9 par le retour de la \u00abStar Academy\u00bb et de la s\u00e9rie \u00abHPI\u00bb, avec Audrey Fleurot, pour ses ultimes \u00e9pisodes. De nouvelles fictions seront lanc\u00e9es sur TF1 et TF1+, comme \u00abMontmartre\u00bb et \u00ab\u00c9t\u00e9 36\u00bb.<\/p>\n<p class=\"fig-paragraph\">C\u00f4t\u00e9 sport, le groupe, qui a diffus\u00e9 l&rsquo;Euro de football f\u00e9minin 2025 en juillet, diffusera la Coupe du monde de rugby f\u00e9minine \u00e0 partir du 22 ao\u00fbt. L&rsquo;autre perspective qui permet \u00abd&rsquo;ouvrir de nouveaux horizons publicitaires\u00bb pour TF1 est l&rsquo;accord sign\u00e9 avec Netflix\u00a0: \u00e0 partir de l&rsquo;\u00e9t\u00e9 2026, tous les abonn\u00e9s Netflix en France pourront regarder les cha\u00eenes du groupe TF1 et les contenus \u00e0 la demande de TF1+, directement sur Netflix.<\/p>\n","protected":false},"excerpt":{"rendered":"Le b\u00e9n\u00e9fice net de\u00a0TF1\u00a0a fortement recul\u00e9 au premier semestre, passant de 96 \u00e0 78 millions d&rsquo;euros, du fait&hellip;\n","protected":false},"author":2,"featured_media":281487,"comment_status":"","ping_status":"","sticky":false,"template":"","format":"standard","meta":{"footnotes":""},"categories":[1356],"tags":[23525,58,59,1011,27,252,199,1364],"class_list":{"0":"post-281486","1":"post","2":"type-post","3":"status-publish","4":"format-standard","5":"has-post-thumbnail","7":"category-television","8":"tag-benefice","9":"tag-divertissement","10":"tag-entertainment","11":"tag-fr","12":"tag-france","13":"tag-television","14":"tag-tf1","15":"tag-tv"},"share_on_mastodon":{"url":"https:\/\/pubeurope.com\/@fr\/114935601832384305","error":""},"_links":{"self":[{"href":"https:\/\/www.europesays.com\/fr\/wp-json\/wp\/v2\/posts\/281486","targetHints":{"allow":["GET"]}}],"collection":[{"href":"https:\/\/www.europesays.com\/fr\/wp-json\/wp\/v2\/posts"}],"about":[{"href":"https:\/\/www.europesays.com\/fr\/wp-json\/wp\/v2\/types\/post"}],"author":[{"embeddable":true,"href":"https:\/\/www.europesays.com\/fr\/wp-json\/wp\/v2\/users\/2"}],"replies":[{"embeddable":true,"href":"https:\/\/www.europesays.com\/fr\/wp-json\/wp\/v2\/comments?post=281486"}],"version-history":[{"count":0,"href":"https:\/\/www.europesays.com\/fr\/wp-json\/wp\/v2\/posts\/281486\/revisions"}],"wp:featuredmedia":[{"embeddable":true,"href":"https:\/\/www.europesays.com\/fr\/wp-json\/wp\/v2\/media\/281487"}],"wp:attachment":[{"href":"https:\/\/www.europesays.com\/fr\/wp-json\/wp\/v2\/media?parent=281486"}],"wp:term":[{"taxonomy":"category","embeddable":true,"href":"https:\/\/www.europesays.com\/fr\/wp-json\/wp\/v2\/categories?post=281486"},{"taxonomy":"post_tag","embeddable":true,"href":"https:\/\/www.europesays.com\/fr\/wp-json\/wp\/v2\/tags?post=281486"}],"curies":[{"name":"wp","href":"https:\/\/api.w.org\/{rel}","templated":true}]}}