{"id":281490,"date":"2025-07-29T08:35:12","date_gmt":"2025-07-29T08:35:12","guid":{"rendered":"https:\/\/www.europesays.com\/fr\/281490\/"},"modified":"2025-07-29T08:35:12","modified_gmt":"2025-07-29T08:35:12","slug":"avatar-3-se-devoile-enfin-avec-de-premieres-images-saisissantes-dans-un-tout-nouveau-monde","status":"publish","type":"post","link":"https:\/\/www.europesays.com\/fr\/281490\/","title":{"rendered":"\u00ab\u00a0Avatar 3\u00a0\u00bb se d\u00e9voile enfin avec de premi\u00e8res images saisissantes dans un tout nouveau monde"},"content":{"rendered":"<ul class=\"jsx-862013697 ArticleChapo__List\">\n<li class=\"jsx-862013697 ArticleChapo__List_Item flex\">D&rsquo;abord pr\u00e9sent\u00e9e dans les salles de cin\u00e9ma, la bande-annonce du prochain volet d'\u00a0\u00bbAvatar\u00a0\u00bb est d\u00e9sormais disponible en ligne.<\/li>\n<li class=\"jsx-862013697 ArticleChapo__List_Item flex\">Le film, intitul\u00e9 \u00ab\u00a0Avatar : de feu et de cendre\u00a0\u00bb, introduit un groupe encore jamais vu vivant sur Pandora.<\/li>\n<li class=\"jsx-862013697 ArticleChapo__List_Item flex\">Rendez-vous d\u00e8s le 17 d\u00e9cembre pour d\u00e9couvrir en int\u00e9gralit\u00e9 ce que son r\u00e9alisateur qualifie d'\u00a0\u00bbaventure folle et de r\u00e9gal pour les yeux\u00a0\u00bb.<\/li>\n<\/ul>\n<p data-module=\"article-paragraph\" class=\"jsx-3046738180 Paragraph Paragraph__End\"><a href=\"https:\/\/www.tf1info.fr\/culture\/video-cinema-avatar-2-devient-le-plus-gros-succes-de-l-annee-2022-en-france-on-a-bascule-dans-le-phenomene-2243371.html\" target=\"_blank\" rel=\"noopener\">Trois ans apr\u00e8s le deuxi\u00e8me voyage<\/a>, il est d\u00e9j\u00e0 temps de repartir pour Pandora. Avatar \u00e9tend son univers dans un troisi\u00e8me film dont les d\u00e9tails sont encore gard\u00e9s secrets. Sa bien myst\u00e9rieuse bande-annonce, elle, est enfin l\u00e0. D\u2019abord pr\u00e9sent\u00e9es en exclusivit\u00e9 dans les salles de cin\u00e9ma, les premi\u00e8res images d\u2019Avatar : de feu et de cendre viennent d\u2019\u00eatre mises en ligne pour un avant-go\u00fbt de toute beaut\u00e9. <a href=\"https:\/\/www.tf1info.fr\/culture\/avatar-2-la-voie-de-l-eau-film-james-cameron-voici-le-visage-des-acteurs-qui-jouent-les-nouveaux-personnages-du-film-tuk-neteyam-kiri-ronal-2242012.html\" target=\"_blank\" rel=\"noopener\">Apr\u00e8s l\u2019air et l\u2019eau<\/a>, James Cameron s\u2019attaque \u00e0 un nouvel \u00e9l\u00e9ment rattach\u00e9 \u00e0 une tribu que nous n\u2019avions encore jamais vue, le peuple des cendres, moins pacifique que les autres.<\/p>\n<p data-module=\"article-paragraph\" class=\"jsx-3046738180 Paragraph Paragraph__End\">\u00ab\u00a0Nous nous aventurons dans un territoire vraiment difficile pour tous les personnages que vous connaissez et aimez\u00a0\u00bb, pr\u00e9venait James Cameron lors de l\u2019\u00e9v\u00e8nement D23 l\u2019an dernier, teasant \u00ab\u00a0une aventure folle et un r\u00e9gal pour les yeux\u00a0\u00bb avec des \u00ab\u00a0enjeux \u00e9motionnels plus \u00e9lev\u00e9s qu\u2019auparavant\u00a0\u00bb. \u00ab\u00a0Votre d\u00e9esse n\u2019a aucune souverainet\u00e9 ici\u00a0\u00bb, lance ainsi la terrifiante Varang, la cheffe du peuple des cendres incarn\u00e9e par Oona Chaplin. Celle qui fut Talisa Maegyr dans Game of Thrones devrait donc donner du fil \u00e0 retordre aux Na\u2019vi<a href=\"https:\/\/www.tf1info.fr\/culture\/avatar-2-la-voie-de-l-eau-film-james-cameron-voici-le-visage-des-acteurs-qui-jouent-les-nouveaux-personnages-du-film-tuk-neteyam-kiri-ronal-2242012.html\" target=\"_blank\" rel=\"noopener\"> interpr\u00e9t\u00e9s depuis pr\u00e8s de 20 ans par Sam Worthington et Zoe Salda\u00f1a<\/a>.<\/p>\n<p><a href=\"https:\/\/www.tf1info.fr\/culture\/programme-tv-tf1-film-avatar-3-c-est-pour-quand-2025-tout-ce-qu-on-le-sait-sur-le-prochain-volet-de-la-saga-2340631.html\" rel=\"noopener\" class=\"jsx-3308031228 Link flex\" target=\"_blank\"><img decoding=\"async\" src=\"https:\/\/www.europesays.com\/fr\/wp-content\/uploads\/2025\/07\/avatar-2-2013-97a3a1-0@1x.jpeg\" alt=\"Disney\" loading=\"lazy\" importance=\"low\" fetchpriority=\"low\" class=\"\" aria-hidden=\"true\"\/><\/p>\n<p class=\"jsx-3657663356 ReadMoreArticle__Title\">Lire aussi<\/p>\n<p class=\"jsx-3657663356\">\u00ab\u00a0Avatar 3\u00a0\u00bb, c\u2019est pour quand ? Tout ce que l&rsquo;on sait sur le prochain volet de la saga<\/p>\n<p><\/a><\/p>\n<p data-module=\"article-paragraph\" class=\"jsx-3046738180 Paragraph Paragraph__End\">Il faudra patienter encore un peu avant de d\u00e9couvrir l\u2019int\u00e9gralit\u00e9 de ce succ\u00e8s annonc\u00e9, dont la dur\u00e9e est estim\u00e9e \u00e0 3h12. Avatar : de feu et de cendre est annonc\u00e9 pour le 17 d\u00e9cembre dans les salles. D\u00e9j\u00e0 fort de 14 millions de spectateurs, le deuxi\u00e8me volet, La voie de l\u2019eau, sera de retour au cin\u00e9ma le 1er octobre pour vous permettre de remettre vos tablettes \u00e0 jour.<\/p>\n<p>D.D.F.<\/p>\n","protected":false},"excerpt":{"rendered":"D&rsquo;abord pr\u00e9sent\u00e9e dans les salles de cin\u00e9ma, la bande-annonce du prochain volet d&rsquo;\u00a0\u00bbAvatar\u00a0\u00bb est d\u00e9sormais disponible en ligne.&hellip;\n","protected":false},"author":2,"featured_media":281491,"comment_status":"","ping_status":"","sticky":false,"template":"","format":"standard","meta":{"footnotes":""},"categories":[1354],"tags":[1111,11,1921,650,58,59,1346,1011,27,2137,1922,28114,2041,1360,973,133,2040],"class_list":{"0":"post-281490","1":"post","2":"type-post","3":"status-publish","4":"format-standard","5":"has-post-thumbnail","7":"category-films","8":"tag-actu","9":"tag-actualites","10":"tag-article-video","11":"tag-cinema","12":"tag-divertissement","13":"tag-entertainment","14":"tag-films","15":"tag-fr","16":"tag-france","17":"tag-hollywood","18":"tag-info","19":"tag-james-cameron","20":"tag-medias-et-divertissement","21":"tag-movies","22":"tag-people","23":"tag-video","24":"tag-video-culture"},"share_on_mastodon":{"url":"https:\/\/pubeurope.com\/@fr\/114935609671355054","error":""},"_links":{"self":[{"href":"https:\/\/www.europesays.com\/fr\/wp-json\/wp\/v2\/posts\/281490","targetHints":{"allow":["GET"]}}],"collection":[{"href":"https:\/\/www.europesays.com\/fr\/wp-json\/wp\/v2\/posts"}],"about":[{"href":"https:\/\/www.europesays.com\/fr\/wp-json\/wp\/v2\/types\/post"}],"author":[{"embeddable":true,"href":"https:\/\/www.europesays.com\/fr\/wp-json\/wp\/v2\/users\/2"}],"replies":[{"embeddable":true,"href":"https:\/\/www.europesays.com\/fr\/wp-json\/wp\/v2\/comments?post=281490"}],"version-history":[{"count":0,"href":"https:\/\/www.europesays.com\/fr\/wp-json\/wp\/v2\/posts\/281490\/revisions"}],"wp:featuredmedia":[{"embeddable":true,"href":"https:\/\/www.europesays.com\/fr\/wp-json\/wp\/v2\/media\/281491"}],"wp:attachment":[{"href":"https:\/\/www.europesays.com\/fr\/wp-json\/wp\/v2\/media?parent=281490"}],"wp:term":[{"taxonomy":"category","embeddable":true,"href":"https:\/\/www.europesays.com\/fr\/wp-json\/wp\/v2\/categories?post=281490"},{"taxonomy":"post_tag","embeddable":true,"href":"https:\/\/www.europesays.com\/fr\/wp-json\/wp\/v2\/tags?post=281490"}],"curies":[{"name":"wp","href":"https:\/\/api.w.org\/{rel}","templated":true}]}}