{"id":281492,"date":"2025-07-29T08:36:11","date_gmt":"2025-07-29T08:36:11","guid":{"rendered":"https:\/\/www.europesays.com\/fr\/281492\/"},"modified":"2025-07-29T08:36:11","modified_gmt":"2025-07-29T08:36:11","slug":"les-francais-sont-de-plus-en-plus-nombreux-a-se-tourner-vers-ce-type-dalimentation-sante-ont-ils-raison","status":"publish","type":"post","link":"https:\/\/www.europesays.com\/fr\/281492\/","title":{"rendered":"Les Fran\u00e7ais sont de plus en plus nombreux \u00e0 se tourner vers ce type d&rsquo;alimentation sant\u00e9 : ont-ils raison ?"},"content":{"rendered":"<p><strong>Dans les supermarch\u00e9s, il n&rsquo;est plus rare de voir des filets de pois chiches rivaliser avec les bavettes, ou des galettes de lentilles se hisser \u00e0 la hauteur du traditionnel jambon-beurre. Le v\u00e9g\u00e9tal gagne du terrain, soutenu par une coalition in\u00e9dite et des consommateurs toujours plus nombreux. Vague de fond ou simple effet de mode ? L&rsquo;alimentation \u00ab sant\u00e9 \u00bb \u00e0 la fran\u00e7aise est-elle vraiment en train de se r\u00e9inventer ? Voici un tour d&rsquo;horizon pour mieux comprendre si cette transition est aussi bonne qu&rsquo;on le dit pour nos assiettes\u2026 et notre pays.<\/strong><\/p>\n<p>Un vent de changement : quand la France revoit son assiette<\/p>\n<p>Depuis quelques ann\u00e9es, la France conna\u00eet une r\u00e9volution silencieuse dans ses habitudes alimentaires. Les \u00e9tals se diversifient, les produits v\u00e9g\u00e9taux envahissent l&rsquo;espace, et le rayon boucherie commence \u00e0 partager l&rsquo;affiche avec de nouveaux acteurs. Cette <strong>m\u00e9tamorphose<\/strong>, autrefois associ\u00e9e \u00e0 la marginalit\u00e9, dessine aujourd&rsquo;hui les contours d&rsquo;un nouveau paysage culinaire. Fini le temps o\u00f9 le steak dominait sans partage le repas du dimanche. Aujourd&rsquo;hui, le v\u00e9g\u00e9tal ne s&rsquo;invite plus, il s&rsquo;impose.<\/p>\n<p>L&rsquo;essor impressionnant des alternatives v\u00e9g\u00e9tales : chiffres et tendances<\/p>\n<p>La part des alternatives v\u00e9g\u00e9tales dans le panier des Fran\u00e7ais a bondi ces derni\u00e8res ann\u00e9es. Entre 2022 et 2025, la consommation de produits \u00e0 base de l\u00e9gumineuses, c\u00e9r\u00e9ales, l\u00e9gumes ou ol\u00e9agineux a progress\u00e9 de fa\u00e7on spectaculaire, affichant des <strong>hausses annuelles<\/strong> souvent sup\u00e9rieures \u00e0 15%. Dans certaines enseignes, jusqu&rsquo;\u00e0 un quart des nouveaux produits lanc\u00e9s concernent d\u00e9sormais ce segment rebaptis\u00e9 \u00ab alimentation sant\u00e9 \u00bb. On observe notamment que les ventes de substituts v\u00e9g\u00e9taux aux produits laitiers ont plus que doubl\u00e9 en trois ans. Le label \u00ab sans viande \u00bb n&rsquo;est plus synonyme de privation, mais devient un v\u00e9ritable argument de curiosit\u00e9 pour toutes les g\u00e9n\u00e9rations.<\/p>\n<p>InterVeg, la nouvelle coalition qui veut transformer nos habitudes<\/p>\n<p>C&rsquo;est dans ce contexte qu&rsquo;est apparue <strong>InterVeg<\/strong> en 2025, une coalition rassemblant industriels, distributeurs, associations de consommateurs et repr\u00e9sentants des agriculteurs tourn\u00e9s vers le v\u00e9g\u00e9tal. Sa vocation : coordonner l&rsquo;innovation, garantir la qualit\u00e9 et encourager une transition alimentaire accessible \u00e0 tous. InterVeg souhaite promouvoir un mod\u00e8le alimentaire o\u00f9 produits v\u00e9g\u00e9taux et alternatives aux prot\u00e9ines animales trouvent toute leur place, sans culpabiliser ni diaboliser. Cette alliance affiche la volont\u00e9 de f\u00e9d\u00e9rer tous les acteurs, des start-up aux g\u00e9ants de l&rsquo;agroalimentaire, pour accompagner la France dans ce tournant majeur.<\/p>\n<p>Portrait-robot du nouveau consommateur v\u00e9g\u00e9tal : qui sont-ils ?<\/p>\n<p>Le consommateur v\u00e9g\u00e9tal fran\u00e7ais se distingue par sa diversit\u00e9. S&rsquo;y c\u00f4toient des seniors soucieux de leur sant\u00e9, des familles citadines attentives \u00e0 l&rsquo;environnement, et des jeunes actifs influenc\u00e9s par les r\u00e9seaux sociaux. Si la majorit\u00e9 ne se dit pas \u00ab v\u00e9g\u00e9tarienne \u00bb ou \u00ab v\u00e9gane \u00bb, beaucoup adoptent volontiers une d\u00e9marche qualifi\u00e9e de <strong>flexitarienne<\/strong> : moins de viande, mais mieux choisie, plus de v\u00e9g\u00e9tal pour l&rsquo;\u00e9quilibre. L&rsquo;attrait de la nouveaut\u00e9, le bien-\u00eatre digestif et la curiosit\u00e9 gourmande sont autant de moteurs qui animent cette nouvelle vague de consommateurs.<\/p>\n<p> Pourquoi les Fran\u00e7ais font le pari du v\u00e9g\u00e9tal<\/p>\n<p>Autrefois cantonn\u00e9e \u00e0 quelques cercles militants, l&rsquo;alimentation v\u00e9g\u00e9tale suscite aujourd&rsquo;hui un engouement qui d\u00e9passe toutes les fronti\u00e8res. Cette lame de fond n&rsquo;est pas le fruit du hasard, mais le r\u00e9sultat d&rsquo;un <strong>cocktail in\u00e9dit<\/strong> de motivations individuelles et collectives.<\/p>\n<p>Sant\u00e9, plan\u00e8te et \u00e9thique : un cocktail de motivations<\/p>\n<p>Les raisons invoqu\u00e9es par les Fran\u00e7ais pour changer leurs habitudes sont multiples. L&rsquo;impact positif sur la sant\u00e9 revient souvent, avec la recherche d&rsquo;une alimentation plus digeste, moins grasse et plus riche en fibres. La <strong>protection de l&rsquo;environnement<\/strong> est un moteur puissant, la production de prot\u00e9ines v\u00e9g\u00e9tales g\u00e9n\u00e9rant moins de gaz \u00e0 effet de serre et mobilisant moins d&rsquo;eau que l&rsquo;\u00e9levage traditionnel. Enfin, de plus en plus de consommateurs invoquent des consid\u00e9rations \u00e9thiques, comme le bien-\u00eatre animal, pour justifier une consommation r\u00e9duite de viande.<\/p>\n<p>M\u00e9dias, r\u00e9seaux sociaux et influenceurs : les moteurs du changement<\/p>\n<p>Impossible de faire l&rsquo;impasse sur le r\u00f4le des m\u00e9dias et des influenceurs. Recettes \u00ab vertes \u00bb sur Instagram, t\u00e9moignages sur les blogs, partages de recettes de \u00ab faux-mages \u00bb ou de burgers v\u00e9g\u00e9taux : le v\u00e9g\u00e9tal est devenu tendance, et chaque nouvelle publication suscite la curiosit\u00e9. Ce <strong>ph\u00e9nom\u00e8ne<\/strong> est renforc\u00e9 par les \u00e9missions culinaires qui valorisent la cr\u00e9ativit\u00e9 et la gourmandise autour des l\u00e9gumineuses ou des alternatives au lait. \u00c0 l&rsquo;\u00e8re du partage, les choix alimentaires se diffusent plus vite qu&rsquo;une mayonnaise r\u00e9ussie !<\/p>\n<p> Mythe du progr\u00e8s ou vraie prise de conscience collective ?<\/p>\n<p>Face \u00e0 l&rsquo;engouement, certains s&rsquo;interrogent : s&rsquo;agit-il d&rsquo;un simple effet de mode, ou d&rsquo;une mutation de fond ? La coh\u00e9rence des motivations, alli\u00e9e \u00e0 la croissance r\u00e9guli\u00e8re de l&rsquo;offre et de la demande, tend \u00e0 prouver qu&rsquo;une v\u00e9ritable <strong>prise de conscience collective<\/strong> est en marche. Toutefois, la prudence s&rsquo;impose pour ne pas tomber dans l&rsquo;illusion d&rsquo;une r\u00e9volution strictement urbaine ou \u00e9litiste. En dehors des grandes agglom\u00e9rations, le mod\u00e8le v\u00e9g\u00e9tal reste souvent en devenir.<\/p>\n<p>Les dessous nutritionnels : le v\u00e9g\u00e9tal, miracle ou mirage ?<\/p>\n<p>Qu&rsquo;en est-il r\u00e9ellement des b\u00e9n\u00e9fices pour la sant\u00e9 ? Suffit-il de remplacer le steak par une galette de pois chiches pour b\u00e9n\u00e9ficier d&rsquo;une vie plus longue et sans souci ? Il convient de soulever le couvercle de la po\u00eale pour y regarder de <strong>plus pr\u00e8s<\/strong>.<\/p>\n<p> Enqu\u00eate sur les b\u00e9n\u00e9fices r\u00e9els pour la sant\u00e9<\/p>\n<p>Nombreux sont ceux qui vantent <strong>les avantages d&rsquo;une alimentation riche en v\u00e9g\u00e9taux<\/strong> : r\u00e9duction des risques cardiovasculaires, meilleur contr\u00f4le du poids, diminution des inflammations, et m\u00eame une humeur plus stable. Les fibres, min\u00e9raux et vitamines contenus dans les l\u00e9gumes, fruits, c\u00e9r\u00e9ales compl\u00e8tes et l\u00e9gumineuses font le bonheur de l&rsquo;intestin et du syst\u00e8me immunitaire. Mais attention : tous les produits v\u00e9g\u00e9taux ne se valent pas. Les frites restent des patates, apr\u00e8s tout !<\/p>\n<p> Faut-il craindre les carences ? L&rsquo;avis des experts<\/p>\n<p>Interrogation fr\u00e9quente : ce type d&rsquo;alimentation pr\u00e9sente-t-il un risque de carences ? La r\u00e9ponse d\u00e9pend du niveau de restriction et de la vari\u00e9t\u00e9 des aliments consomm\u00e9s. Un r\u00e9gime v\u00e9g\u00e9talis\u00e9 bien men\u00e9 couvre g\u00e9n\u00e9ralement les besoins en nutriments essentiels : prot\u00e9ines, fer, calcium, vitamines du groupe B&#8230; mais cela n\u00e9cessite de la <strong>diversit\u00e9 dans l&rsquo;assiette<\/strong>. Le pi\u00e8ge : oublier de varier ou \u00e9liminer trop d&rsquo;aliments d&rsquo;un coup, au risque de manquer de certains \u00e9l\u00e9ments comme la vitamine B12 ou le fer biodisponible.<\/p>\n<p>Le boom des produits ultra-transform\u00e9s : une fausse bonne id\u00e9e ?<\/p>\n<p>Autre b\u00e9mol : l&rsquo;explosion des \u00ab faux produits carn\u00e9s \u00bb ultra-transform\u00e9s. Galettes, boulettes et autres simili-carn\u00e9s sont parfois riches en additifs, <a href=\"https:\/\/journaldesseniors.20minutes.fr\/cuisine\/pourquoi-toujours-faim-apres-mange-certains-aliments-fringales\/\" target=\"_blank\" rel=\"noopener\">sucres et mati\u00e8res grasses<\/a>. <strong>Le v\u00e9g\u00e9tal n&rsquo;est pas une garantie de sant\u00e9 en soi<\/strong>. Le bon sens est de mise : les lentilles, les pois chiches ou les noix restent d&rsquo;excellents alli\u00e9s, \u00e0 privil\u00e9gier face \u00e0 des produits hautement transform\u00e9s qui n&rsquo;ont de naturel que l&#8217;emballage.<\/p>\n<p>Viande en chute libre : la nouvelle donne pour les fili\u00e8res fran\u00e7aises<\/p>\n<p>Si les assiettes changent, c&rsquo;est tout un pan de l&rsquo;\u00e9conomie qui doit \u00e9voluer. Kebab v\u00e9g\u00e9tal ou steak traditionnel, le <strong>choc des cultures<\/strong> commence aussi dans les campagnes.<\/p>\n<p>Les \u00e9leveurs face \u00e0 la mutation : adaptation ou r\u00e9sistance ?<\/p>\n<p>Du c\u00f4t\u00e9 des \u00e9leveurs, la baisse de la consommation de viande inqui\u00e8te : certains redoutent une \u00e9rosion de leur activit\u00e9. D&rsquo;autres pr\u00e9f\u00e8rent voir dans cette transition une opportunit\u00e9, adaptant leurs productions vers des alternatives v\u00e9g\u00e9tales ou des circuits courts de qualit\u00e9. Entre interrogations et ajustements, la <strong>fili\u00e8re bovine<\/strong> amorce une p\u00e9riode charni\u00e8re, o\u00f9 l&rsquo;innovation agricole pourrait bien faire la diff\u00e9rence.<\/p>\n<p>Les industriels se mettent au vert : cas d&rsquo;\u00e9cole et initiatives<\/p>\n<p>Les grands industriels, eux aussi, n&rsquo;ont pas attendu pour r\u00e9agir. Nombre de marques bien connues du rayon frais proposent aujourd&rsquo;hui des gammes v\u00e9g\u00e9tales aussi \u00e9tendues que leurs offres carn\u00e9es. Leur d\u00e9fi : proposer des produits \u00e0 la fois <strong>sains, savoureux et respectueux<\/strong> des valeurs soci\u00e9tales actuelles. Ici encore, la coalition InterVeg impulse une acc\u00e9l\u00e9ration, en favorisant la collaboration plut\u00f4t que la rivalit\u00e9 frontale entre les fili\u00e8res.<\/p>\n<p> Quelles cons\u00e9quences sur l&rsquo;\u00e9conomie rurale et l&#8217;emploi ?<\/p>\n<p>La mutation du march\u00e9 p\u00e8se sur l&rsquo;\u00e9conomie rurale, notamment dans les r\u00e9gions historiquement li\u00e9es \u00e0 l&rsquo;\u00e9levage ou \u00e0 la charcuterie. L&rsquo;apparition de nouvelles brasseries de pois chiches, de coop\u00e9ratives c\u00e9r\u00e9ali\u00e8res ou de collectifs de transformation v\u00e9g\u00e9tale offre, cependant, de <strong>nouvelles perspectives d&#8217;emploi<\/strong>. L&rsquo;enjeu est de maintenir un dynamisme local, accompagnant la transition sans sacrifier l&rsquo;\u00e9quilibre des territoires.<\/p>\n<p>Entre engouement et scepticisme : la soci\u00e9t\u00e9 fran\u00e7aise divis\u00e9e<\/p>\n<p>Comme toujours en France, la table est le th\u00e9\u00e2tre de grandes discussions. Si beaucoup embrassent cette nouvelle alimentation, d&rsquo;autres la regardent avec <strong>circonspection<\/strong>.<\/p>\n<p> La fracture g\u00e9n\u00e9rationnelle et g\u00e9ographique<\/p>\n<p>Le ph\u00e9nom\u00e8ne du v\u00e9g\u00e9tal r\u00e9v\u00e8le une <strong>fracture g\u00e9n\u00e9rationnelle<\/strong> : les jeunes adultes sont souvent les premiers \u00e0 adopter les substituts de viande, tandis que les g\u00e9n\u00e9rations plus \u00e2g\u00e9es, notamment en zones rurales, d\u00e9fendent le patrimoine gastronomique historique. Cette division g\u00e9ographique se retrouve aussi dans la disponibilit\u00e9 et la diversit\u00e9 des produits, bien plus grande dans les m\u00e9tropoles que sur les march\u00e9s de campagne.<\/p>\n<p>Le r\u00f4le des politiques publiques : incitations ou freins ?<\/p>\n<p>L&rsquo;\u00c9tat s&#8217;empare progressivement du sujet, balan\u00e7ant entre encouragement de la diversification alimentaire et soutien aux fili\u00e8res traditionnelles. Label \u00ab Origine France \u00bb, campagnes sur l&rsquo;\u00e9quilibre alimentaire ou <strong>soutien \u00e0 l&rsquo;innovation<\/strong> : les initiatives se multiplient, mais peinent parfois \u00e0 convaincre tout le monde. Autorit\u00e9s et collectivit\u00e9s cherchent l&rsquo;\u00e9quilibre entre n\u00e9cessit\u00e9 \u00e9cologique, justice sociale et respect des traditions culinaires, le tout sans heurter la convivialit\u00e9 si ch\u00e8re \u00e0 la table hexagonale.<\/p>\n<p>Les militants pour et contre : d\u00e9bats et pol\u00e9miques<\/p>\n<p>D&rsquo;un c\u00f4t\u00e9 les d\u00e9fenseurs du \u00ab tout v\u00e9g\u00e9tal \u00bb pr\u00f4nent une alimentation plus responsable, de l&rsquo;autre les partisans de la diversit\u00e9 alimentaire redoutent une uniformisation des go\u00fbts et des savoir-faire. La vivacit\u00e9 des \u00e9changes sur la place publique t\u00e9moigne de la <strong>force du sujet<\/strong>, m\u00ealant d\u00e9bats de soci\u00e9t\u00e9, enjeux de sant\u00e9 et attachement aux racines. L&rsquo;avenir de l&rsquo;alimentation fran\u00e7aise ne se fera pas sans compromis ni dialogue.<\/p>\n<p> Que nous r\u00e9serve l&rsquo;avenir de l&rsquo;alimentation fran\u00e7aise ?<\/p>\n<p>La transition alimentaire en 2025 n&rsquo;en est qu&rsquo;\u00e0 ses d\u00e9buts. Quels chemins la France choisira-t-elle pour conjuguer sant\u00e9, plaisir et <strong>responsabilit\u00e9 collective<\/strong> ?<\/p>\n<p> Sc\u00e9narios possibles pour 2025 et apr\u00e8s<\/p>\n<p>Aujourd&rsquo;hui, la France avance \u00e0 petits pas vers une alimentation de plus en plus v\u00e9g\u00e9tale. Certains experts \u00e9voquent une baisse continue de la consommation de viande dans la d\u00e9cennie \u00e0 venir, associ\u00e9e \u00e0 une explosion des innovations v\u00e9g\u00e9tales. L&rsquo;int\u00e9gration de ces produits dans la <strong>restauration collective<\/strong>, l&rsquo;\u00e9cole, et les h\u00f4pitaux va jouer un grand r\u00f4le dans la d\u00e9mocratisation de ces nouveaux r\u00e9gimes alimentaires. Reste encore \u00e0 convaincre les sceptiques, et \u00e0 pr\u00e9server la diversit\u00e9 qui fait la richesse du patrimoine culinaire fran\u00e7ais.<\/p>\n<p> Les prochaines \u00e9tapes pour InterVeg et la coalition v\u00e9g\u00e9tale<\/p>\n<p>La coalition InterVeg, en 2025, ambitionne de renforcer sa pr\u00e9sence sur tout le territoire, d&rsquo;accompagner la formation des professionnels et d&rsquo;encourager une offre \u00e9quitable. Elle mise sur la <strong>sensibilisation du grand public<\/strong> et l&rsquo;innovation pour faire du v\u00e9g\u00e9tal une alternative cr\u00e9dible, vari\u00e9e et gourmande, accessible au plus grand nombre. Un d\u00e9fi \u00e0 la hauteur des grandes mutations agricoles !<\/p>\n<p> Conseils pour consommer v\u00e9g\u00e9tal sans tomber dans les pi\u00e8ges<\/p>\n<p>Diversifier les sources de prot\u00e9ines : l\u00e9gumineuses, c\u00e9r\u00e9ales compl\u00e8tes, ol\u00e9agineux et, pourquoi pas, un bon plat mijot\u00e9 aux haricots blancs ou une tartinade de lentilles corail. Privil\u00e9gier les <strong>produits bruts<\/strong>, peu transform\u00e9s, afin de maximiser les b\u00e9n\u00e9fices nutritionnels. Enfin, ne pas c\u00e9der aveugl\u00e9ment aux promesses marketing : un saucisson v\u00e9g\u00e9tal n&rsquo;est pas forc\u00e9ment l&rsquo;alli\u00e9 minceur r\u00eav\u00e9 ! Avant tout, garder l&rsquo;\u00e9quilibre, la vari\u00e9t\u00e9 et une pointe de plaisir dans l&rsquo;assiette. Le v\u00e9g\u00e9tal doit rester un choix \u00e9clair\u00e9, et non une contrainte de plus.<\/p>\n<p>La transition alimentaire s&rsquo;acc\u00e9l\u00e8re en France, port\u00e9e par des motivations multiples et une offre toujours plus innovante. Mais entre b\u00e9n\u00e9fices sanitaires, promesses environnementales et r\u00e9alit\u00e9s \u00e9conomiques, le choix du v\u00e9g\u00e9tal soul\u00e8ve de <strong>nouvelles questions<\/strong>. L&rsquo;avenir sera de construire collectivement une alimentation durable et \u00e9quilibr\u00e9e qui respecte tant les traditions que les nouvelles aspirations.<\/p>\n","protected":false},"excerpt":{"rendered":"Dans les supermarch\u00e9s, il n&rsquo;est plus rare de voir des filets de pois chiches rivaliser avec les bavettes,&hellip;\n","protected":false},"author":2,"featured_media":281493,"comment_status":"","ping_status":"","sticky":false,"template":"","format":"standard","meta":{"footnotes":""},"categories":[10],"tags":[1011,27,72,56,71],"class_list":{"0":"post-281492","1":"post","2":"type-post","3":"status-publish","4":"format-standard","5":"has-post-thumbnail","7":"category-sante","8":"tag-fr","9":"tag-france","10":"tag-health","11":"tag-push","12":"tag-sante"},"share_on_mastodon":{"url":"https:\/\/pubeurope.com\/@fr\/114935613605353044","error":""},"_links":{"self":[{"href":"https:\/\/www.europesays.com\/fr\/wp-json\/wp\/v2\/posts\/281492","targetHints":{"allow":["GET"]}}],"collection":[{"href":"https:\/\/www.europesays.com\/fr\/wp-json\/wp\/v2\/posts"}],"about":[{"href":"https:\/\/www.europesays.com\/fr\/wp-json\/wp\/v2\/types\/post"}],"author":[{"embeddable":true,"href":"https:\/\/www.europesays.com\/fr\/wp-json\/wp\/v2\/users\/2"}],"replies":[{"embeddable":true,"href":"https:\/\/www.europesays.com\/fr\/wp-json\/wp\/v2\/comments?post=281492"}],"version-history":[{"count":0,"href":"https:\/\/www.europesays.com\/fr\/wp-json\/wp\/v2\/posts\/281492\/revisions"}],"wp:featuredmedia":[{"embeddable":true,"href":"https:\/\/www.europesays.com\/fr\/wp-json\/wp\/v2\/media\/281493"}],"wp:attachment":[{"href":"https:\/\/www.europesays.com\/fr\/wp-json\/wp\/v2\/media?parent=281492"}],"wp:term":[{"taxonomy":"category","embeddable":true,"href":"https:\/\/www.europesays.com\/fr\/wp-json\/wp\/v2\/categories?post=281492"},{"taxonomy":"post_tag","embeddable":true,"href":"https:\/\/www.europesays.com\/fr\/wp-json\/wp\/v2\/tags?post=281492"}],"curies":[{"name":"wp","href":"https:\/\/api.w.org\/{rel}","templated":true}]}}