{"id":281496,"date":"2025-07-29T08:38:10","date_gmt":"2025-07-29T08:38:10","guid":{"rendered":"https:\/\/www.europesays.com\/fr\/281496\/"},"modified":"2025-07-29T08:38:10","modified_gmt":"2025-07-29T08:38:10","slug":"je-resterai-comme-ca-une-chanteuse-agressee-sexuellement-en-plein-concert-elle-finit-le-show-seins-nus","status":"publish","type":"post","link":"https:\/\/www.europesays.com\/fr\/281496\/","title":{"rendered":"\u00ab\u00a0Je resterai comme \u00e7a \u00bb\u00a0: une chanteuse agress\u00e9e sexuellement en plein concert, elle finit le show seins nus"},"content":{"rendered":"<p class=\"paragraph text_align_left lp-f-body-02\">Pour elle, il s\u2019agit d\u2019un geste de \u00ab courage \u00bb. Samedi soir, le groupe de musique Lulu Van Trapp se produit au festival du Cri de La Goutte \u00e0 Ch\u00e9zery-Forens (<a href=\"https:\/\/www.leparisien.fr\/ain-01\/\" target=\"_blank\" rel=\"noreferrer nofollow noopener\">Ain<\/a>). Comme elle en a l\u2019habitude, la chanteuse, Rebecca, d\u00e9cide de descendre dans la fosse en plein concert.<\/p>\n<p class=\"paragraph text_align_left lp-f-body-02\">\u00ab Direct, je me sens pas en s\u00e9curit\u00e9, y\u2019a que des mecs super excit\u00e9s, ils m\u2019empoignent, y\u2019en a un qui me tient le bras et le l\u00e2che pas. Et l\u00e0, alors que j\u2019ai une main qui tient mon micro et l\u2019autre immobilis\u00e9e par ce mec, un autre m\u2019attrape les seins \u00bb, raconte-t-elle ce lundi sur <a href=\"https:\/\/www.instagram.com\/p\/DMp5UHztHGo\/?img_index=3\" target=\"_blank\" rel=\"noreferrer nofollow noopener\">Instagram<\/a>, parlant d\u2019un \u00ab geste ridicule \u00bb.<\/p>\n<p class=\"paragraph text_align_left lp-f-body-02\">\u00ab Depuis plus de dix ans que je suis sur sc\u00e8ne, c\u2019est la premi\u00e8re fois que \u00e7a m\u2019arrive \u00bb, t\u00e9moigne-t-elle. Rebecca d\u00e9cide alors de remonter sur sc\u00e8ne \u00ab en annon\u00e7ant que le mec (dont elle dit ne pas avoir vu le visage) a int\u00e9r\u00eat \u00e0 se casser du show \u00bb.<\/p>\n<p class=\"paragraph text_align_left lp-f-body-02\">Refusant d\u2019arr\u00eater le spectacle, elle d\u00e9cide, \u00ab prise d\u2019un instinct \u00bb de se mettre \u00ab seins nus \u00bb, selon son t\u00e9moignage, \u00e9galement rapport\u00e9 par <a href=\"https:\/\/www.leprogres.fr\/faits-divers-justice\/2025\/07\/28\/une-chanteuse-agressee-sexuellement-en-plein-concert-elle-termine-le-show-seins-nus\" target=\"_blank\" rel=\"noreferrer nofollow noopener\">Le Progr\u00e8s<\/a>. \u00ab Et je continue le concert. Et je resterai seins nus jusqu\u2019\u00e0 ce que ce soit normal. Jusqu\u2019\u00e0 ce que vos cerveaux se soient habitu\u00e9s \u00e0 ce que ce soit pas s*xuel, ajoute-t-elle. Mon courage, sa honte. \u00bb<\/p>\n<p class=\"lp-card-podcast-highlighting__title  lp-f-subtitle-05\">[1\/4] C\u00e9cile Vallin, les secrets d\u2019une disparition<\/p>\n<p class=\"lp-card-podcast-highlighting__description lp-f-ui-05\">Crime story raconte chaque semaine les grandes affaires criminelles.<\/p>\n<p><a class=\"lp-card-podcast-highlighting__call-to-action\" data-page-type=\"HP\" data-block-name=\"podcast-highlight\">\u00c9couter<\/a>\u00ab Je n\u2019oublierai jamais ce concert \u00bb<\/p>\n<p class=\"paragraph text_align_left lp-f-body-02\">Dans son long t\u00e9moignage, Rebecca assure qu\u2019elle \u00ab n\u2019oubliera jamais ce concert \u00bb. \u00ab J\u2019ai red\u00e9couvert mes propres paroles, mes propres danses. Jamais je ne me suis sentie si fragile et pourtant si forte que sans autre armure que ma conviction \u00bb, d\u00e9clare-t-elle \u00e9galement. Cette main, elle dit la sentir \u00ab comme une br\u00fblure \u00bb.<\/p>\n<p class=\"paragraph text_align_left lp-f-body-02\">\u00ab On est m\u00e9ga en retard sur le sujet alors qu\u2019on repr\u00e9sente de base une musique de lib\u00e9ration. Reprenons l\u2019espace, autant sur sc\u00e8ne que dans la fosse. Je vous promets que ce sera la priorit\u00e9 lors de nos concerts \u00bb, conclut-elle. Son post s\u2019accompagne de photos et d\u2019une vid\u00e9o de la sc\u00e8ne. \u00ab Vous allez regarder mes seins jusqu\u2019\u00e0 la fin du concert et \u00e0 la fin vous verrez, \u00e7a ressemblera plus \u00e0 du sexe \u00bb, lance-t-elle \u00e0 la foule, qui r\u00e9pond par des applaudissements.<\/p>\n<p class=\"paragraph text_align_left lp-f-body-02\">Aupr\u00e8s du Progr\u00e8s, les organisateurs de ce festival qui a rassembl\u00e9 plus de 2 000 personnes, ont affirm\u00e9 avoir apport\u00e9 leur soutien \u00e0 l\u2019artiste, en d\u00e9non\u00e7ant un comportement \u00ab inacceptable \u00bb. Un tel acte \u00ab est en totale contradiction avec les valeurs du Cri de la Goutte : respect, bienveillance, inclusion et s\u00e9curit\u00e9 pour touts et toutes \u00bb.<\/p>\n<p><script async src=\"\/\/www.instagram.com\/embed.js\"><\/script><\/p>\n","protected":false},"excerpt":{"rendered":"Pour elle, il s\u2019agit d\u2019un geste de \u00ab courage \u00bb. Samedi soir, le groupe de musique Lulu Van&hellip;\n","protected":false},"author":2,"featured_media":281497,"comment_status":"","ping_status":"","sticky":false,"template":"","format":"standard","meta":{"footnotes":""},"categories":[8],"tags":[459,58,59,118,1011,27],"class_list":{"0":"post-281496","1":"post","2":"type-post","3":"status-publish","4":"format-standard","5":"has-post-thumbnail","7":"category-divertissement","8":"tag-departements-horsidfo","9":"tag-divertissement","10":"tag-entertainment","11":"tag-faits-divers","12":"tag-fr","13":"tag-france"},"share_on_mastodon":{"url":"https:\/\/pubeurope.com\/@fr\/114935621487617598","error":""},"_links":{"self":[{"href":"https:\/\/www.europesays.com\/fr\/wp-json\/wp\/v2\/posts\/281496","targetHints":{"allow":["GET"]}}],"collection":[{"href":"https:\/\/www.europesays.com\/fr\/wp-json\/wp\/v2\/posts"}],"about":[{"href":"https:\/\/www.europesays.com\/fr\/wp-json\/wp\/v2\/types\/post"}],"author":[{"embeddable":true,"href":"https:\/\/www.europesays.com\/fr\/wp-json\/wp\/v2\/users\/2"}],"replies":[{"embeddable":true,"href":"https:\/\/www.europesays.com\/fr\/wp-json\/wp\/v2\/comments?post=281496"}],"version-history":[{"count":0,"href":"https:\/\/www.europesays.com\/fr\/wp-json\/wp\/v2\/posts\/281496\/revisions"}],"wp:featuredmedia":[{"embeddable":true,"href":"https:\/\/www.europesays.com\/fr\/wp-json\/wp\/v2\/media\/281497"}],"wp:attachment":[{"href":"https:\/\/www.europesays.com\/fr\/wp-json\/wp\/v2\/media?parent=281496"}],"wp:term":[{"taxonomy":"category","embeddable":true,"href":"https:\/\/www.europesays.com\/fr\/wp-json\/wp\/v2\/categories?post=281496"},{"taxonomy":"post_tag","embeddable":true,"href":"https:\/\/www.europesays.com\/fr\/wp-json\/wp\/v2\/tags?post=281496"}],"curies":[{"name":"wp","href":"https:\/\/api.w.org\/{rel}","templated":true}]}}