{"id":281498,"date":"2025-07-29T08:39:09","date_gmt":"2025-07-29T08:39:09","guid":{"rendered":"https:\/\/www.europesays.com\/fr\/281498\/"},"modified":"2025-07-29T08:39:09","modified_gmt":"2025-07-29T08:39:09","slug":"sam-altman-bouleverse-par-gpt%e2%80%915-il-ny-a-plus-personne-pour-arreter-ca","status":"publish","type":"post","link":"https:\/\/www.europesays.com\/fr\/281498\/","title":{"rendered":"Sam Altman boulevers\u00e9 par GPT\u20115 : \u201cIl n\u2019y a plus personne pour arr\u00eater \u00e7a\u201d"},"content":{"rendered":"<p class=\"ed__a-p ed__bdy__l\"><img loading=\"lazy\" decoding=\"async\" src=\"data:image\/svg+xml,%3Csvg xmlns='http:\/\/www.w3.org\/2000\/svg'%3E%3C\/svg%3E\" draggable=\"false\" width=\"6000\" height=\"4000\" class=\"ed__title-xxs\" alt=\"Logo d\u2019OpenAI affich\u00e9 sur un smartphone, avec Sam Altman en arri\u00e8re-plan, regard s\u00e9rieux\" style=\"background-color: #f2f2f2; aspect-ratio:6000\/4000;\"\/><\/p>\n<p>Le PDG d\u2019OpenAI, Sam Altman, admet \u00eatre \u00ab nerveux \u00bb face \u00e0 GPT\u20115, dont le lancement est pr\u00e9vu d\u00e9but ao\u00fbt 2025<\/p>\n<p>\u00a9 Meir Chaimowitz<\/p>\n<\/p>\n<p>En r\u00e9sum\u00e9 :<\/p>\n<ul class=\"ed__lists ed__bdy__l\">\n<li>GPT\u20115 sera lanc\u00e9 d\u00e9but ao\u00fbt 2025, apr\u00e8s une phase de test quasi finalis\u00e9e.<\/li>\n<li>Le mod\u00e8le se r\u00e9v\u00e8le bien plus rapide et autonome que pr\u00e9vu.<\/li>\n<li>Sam Altman, PDG d&rsquo;OpenAI, alerte sur le manque de contr\u00f4le autour de cette IA et de ses prochaines versions.<\/li>\n<\/ul>\n<p class=\"ed__a-p ed__bdy__l\">Sam Altman, PDG d\u2019OpenAI, a r\u00e9cemment confi\u00e9 qu\u2019un moment de test avec le successeur de GPT\u20114, qu\u2019on peut sans grand doute qualifier de <a href=\"https:\/\/www.lesnumeriques.com\/intelligence-artificielle\/ia-que-faut-il-attendre-de-chatgpt-5-n208774.html\" title=\"IA : que faut-il attendre de ChatGPT-5 ?\" rel=\"nofollow noopener\" target=\"_blank\">GPT\u20115<\/a>, l\u2019a ramen\u00e9 \u00e0 une image historique : celle des physiciens du projet Manhattan, r\u00e9alisant un peu tard ce qu\u2019ils avaient mis en branle. \u201cIl y a eu un moment qui m\u2019a vraiment marqu\u00e9. \u00c7a m\u2019a rappel\u00e9 le projet Manhattan\u201d, explique-t-il. Ce n\u2019est pas une formule choc pour faire le buzz. C\u2019est un aveu, celui d\u2019un malaise profond face \u00e0 une technologie devenue, peut-\u00eatre, trop rapide pour l\u2019humain.<\/p>\n<p>            Publicit\u00e9, votre contenu continue ci-dessous<\/p>\n<p>        Publicit\u00e9<\/p>\n<p>GPT\u20115 : un mod\u00e8le qui va \u201ctr\u00e8s vite\u201d<\/p>\n<p class=\"ed__a-p ed__bdy__l\">Ce qui frappe Altman, ce n\u2019est pas uniquement la puissance brute du mod\u00e8le. C\u2019est la vitesse de progression. \u201cIl y a quelque chose dans ce syst\u00e8me qui le rend vraiment tr\u00e8s rapide. \u00c7a me rend nerveux\u201d , affirme-t-il. Et il ne dit pas cela \u00e0 la l\u00e9g\u00e8re. C\u2019est une r\u00e9action visc\u00e9rale, celle d\u2019un b\u00e2tisseur qui regarde sa cr\u00e9ation et se demande si elle n\u2019est pas d\u00e9j\u00e0 en train de lui \u00e9chapper. Il poursuit : \u201cJe pense qu\u2019il est sain d\u2019avoir un peu peur de la technologie qu\u2019on construit.\u201d<\/p>\n<p class=\"ed__a-p ed__bdy__l\">GPT\u20115 n\u2019a pas encore \u00e9t\u00e9 d\u00e9ploy\u00e9 publiquement, <a href=\"https:\/\/www.lesnumeriques.com\/intelligence-artificielle\/gpt-5-arrive-dans-quelques-jours-voici-ce-que-prepare-openai-n240269.html\" title=\"GPT\u20115 arrive dans quelques jours : voici ce que pr\u00e9pare OpenAI pour ChatGPT\" rel=\"nofollow noopener\" target=\"_blank\">mais son lancement est pr\u00e9vu pour d\u00e9but ao\u00fbt<\/a>. Les phases de test internes, quasiment achev\u00e9es, laissent entrevoir un mod\u00e8le nettement plus agile, r\u00e9actif, peut-\u00eatre m\u00eame strat\u00e9giquement autonome sur certaines t\u00e2ches. Une IA qui \u201csurprend\u201d m\u00eame ses propres concepteurs.<\/p>\n<p>            Publicit\u00e9, votre contenu continue ci-dessous<\/p>\n<p>        Publicit\u00e9<\/p>\n<blockquote class=\"ed__a-bq ed__bdy__l\">\n<p>Il y a quelque chose dans ce syst\u00e8me qui le rend vraiment tr\u00e8s rapide. \u00c7a me rend nerveux. [&#8230;] Il n&rsquo;y a plus personne pour arr\u00eater \u00e7a.<\/p>\n<p>Sam Altman, PDG d&rsquo;OpenAI, au micro de Theo Von<\/p><\/blockquote>\n<p>\u201cIl n\u2019y a plus personne pour arr\u00eater \u00e7a\u201d : l\u2019IA avance sans pilote<\/p>\n<p class=\"ed__a-p ed__bdy__l\">Altman ne s\u2019inqui\u00e8te pas que de l\u2019outil. Ce qui le pr\u00e9occupe, c\u2019est le vide autour. \u201cIl n\u2019y a plus personne pour arr\u00eater \u00e7a.\u201d<br \/>Cette phrase, terrible, dit beaucoup : le d\u00e9veloppement de l\u2019intelligence artificielle avance plus vite que sa r\u00e9gulation. Il n\u2019y a ni organisme international de contr\u00f4le, ni garde-fou technique interop\u00e9rable, ni consensus sur les limites \u00e0 poser. C\u2019est une course. Et dans cette course, m\u00eame les meneurs l\u00e8vent les bras pour dire : on ne sait plus trop o\u00f9 on va.<\/p>\n<p>Faut-il avoir peur de GPT\u20115 ? M\u00eame Sam Altman le sugg\u00e8re<\/p>\n<p class=\"ed__a-p ed__bdy__l\"><img loading=\"lazy\" decoding=\"async\" src=\"data:image\/svg+xml,%3Csvg xmlns='http:\/\/www.w3.org\/2000\/svg'%3E%3C\/svg%3E\" draggable=\"false\" width=\"4000\" height=\"3114\" class=\"ed__title-xxs\" alt=\"GPT-5 arrive d\u00e9but ao\u00fbt 2025.\" style=\"background-color: #f2f2f2; aspect-ratio:4000\/3114;\"\/><\/p>\n<p>GPT-5 arrive d\u00e9but ao\u00fbt 2025.<\/p>\n<p>\u00a9 Shuttershock<\/p>\n<\/p>\n<p class=\"ed__a-p ed__bdy__l\">Certains diront qu\u2019il exag\u00e8re, qu\u2019il dramatise. Mais il faut replacer ses propos : Altman ne s\u2019adresse pas \u00e0 un comit\u00e9 de bio\u00e9thique. Il ne cherche pas \u00e0 alerter les r\u00e9gulateurs. Il parle franchement, presque \u00e0 b\u00e2tons rompus. Et ce qu\u2019il partage, c\u2019est une r\u00e9alit\u00e9 de terrain : les mod\u00e8les actuels apprennent vite, improvisent, et offrent des r\u00e9sultats qui \u00e9chappent parfois \u00e0 la logique explicite.<\/p>\n<blockquote class=\"ed__a-bq ed__bdy__l\">\n<p>Ce n\u2019est pas comme s\u2019il y avait un adulte dans la pi\u00e8ce pour dire : \u201cTr\u00e8s bien, on arr\u00eate tout. On coupe.\u201d<\/p>\n<p>Sam Altman<\/p><\/blockquote>\n<p class=\"ed__a-p ed__bdy__l\">Cela ne veut pas dire que GPT\u20115 sont dangereux. Mais cela signifie que son d\u00e9ploiement, mal encadr\u00e9, pourrait l\u2019\u00eatre. On a vu ce que GPT\u20114 pouvait d\u00e9j\u00e0 produire \u2014 <a href=\"https:\/\/www.lesnumeriques.com\/intelligence-artificielle\/les-modeles-o3-et-o4-mini-d-openai-ont-un-niveau-inhabituel-d-hallucinations-n235816.html\" title=\"Les mod\u00e8les o3 et o4-mini d&#039;OpenAI ont un niveau inhabituel d&#039;hallucinations\" rel=\"nofollow noopener\" target=\"_blank\">hallucinations convaincantes<\/a>, clones de style humain, g\u00e9n\u00e9rateurs de code malveillant. Il est donc raisonnable de s\u2019interroger sur ce que la prochaine version rendra accessible \u00e0 grande \u00e9chelle.<\/p>\n<p class=\"ed__a-p ed__bdy__l\">\u201cC\u2019est une bonne chose d\u2019avoir un peu peur\u201d, r\u00e9p\u00e8te Altman. Cette lucidit\u00e9, qu\u2019on aimerait plus fr\u00e9quente dans le secteur, pourrait justement \u00eatre le d\u00e9but d\u2019un sursaut. Reconna\u00eetre que ces mod\u00e8les ne sont plus seulement des outils, mais des syst\u00e8mes complexes aux comportements parfois \u00e9mergents, c\u2019est le point de d\u00e9part d\u2019un d\u00e9bat \u00e9thique, politique, juridique.<\/p>\n<p class=\"ed__a-p ed__bdy__l\">Altman, en creux, nous pose une question : est-il encore temps de r\u00e9fl\u00e9chir, ou est-on d\u00e9j\u00e0 condamn\u00e9s \u00e0 accompagner passivement une technologie qu\u2019on ne gouverne plus\u202f?<\/p>\n<p class=\"ed__a-p ed__bdy__l\">\u00a0<\/p>\n<\/p>\n<p>            Publicit\u00e9, votre contenu continue ci-dessous<\/p>\n<p>        Publicit\u00e9<\/p>\n<p class=\"ed__a-p ed__bdy__l\">Envie de faire encore plus d&rsquo;\u00e9conomies ? D\u00e9couvrez <a href=\"https:\/\/www.lesnumeriques.com\/codes-promo.html\" rel=\"nofollow noopener\" target=\"_blank\">nos codes promo<\/a> s\u00e9lectionn\u00e9s pour vous.<\/p>\n","protected":false},"excerpt":{"rendered":"Le PDG d\u2019OpenAI, Sam Altman, admet \u00eatre \u00ab nerveux \u00bb face \u00e0 GPT\u20115, dont le lancement est pr\u00e9vu&hellip;\n","protected":false},"author":2,"featured_media":281499,"comment_status":"","ping_status":"","sticky":false,"template":"","format":"standard","meta":{"footnotes":""},"categories":[7],"tags":[1011,27,43,40,41,39,42,44],"class_list":{"0":"post-281498","1":"post","2":"type-post","3":"status-publish","4":"format-standard","5":"has-post-thumbnail","7":"category-sciences-et-technologies","8":"tag-fr","9":"tag-france","10":"tag-science","11":"tag-science-and-technology","12":"tag-sciences","13":"tag-sciences-et-technologies","14":"tag-technologies","15":"tag-technology"},"share_on_mastodon":{"url":"https:\/\/pubeurope.com\/@fr\/114935625365708659","error":""},"_links":{"self":[{"href":"https:\/\/www.europesays.com\/fr\/wp-json\/wp\/v2\/posts\/281498","targetHints":{"allow":["GET"]}}],"collection":[{"href":"https:\/\/www.europesays.com\/fr\/wp-json\/wp\/v2\/posts"}],"about":[{"href":"https:\/\/www.europesays.com\/fr\/wp-json\/wp\/v2\/types\/post"}],"author":[{"embeddable":true,"href":"https:\/\/www.europesays.com\/fr\/wp-json\/wp\/v2\/users\/2"}],"replies":[{"embeddable":true,"href":"https:\/\/www.europesays.com\/fr\/wp-json\/wp\/v2\/comments?post=281498"}],"version-history":[{"count":0,"href":"https:\/\/www.europesays.com\/fr\/wp-json\/wp\/v2\/posts\/281498\/revisions"}],"wp:featuredmedia":[{"embeddable":true,"href":"https:\/\/www.europesays.com\/fr\/wp-json\/wp\/v2\/media\/281499"}],"wp:attachment":[{"href":"https:\/\/www.europesays.com\/fr\/wp-json\/wp\/v2\/media?parent=281498"}],"wp:term":[{"taxonomy":"category","embeddable":true,"href":"https:\/\/www.europesays.com\/fr\/wp-json\/wp\/v2\/categories?post=281498"},{"taxonomy":"post_tag","embeddable":true,"href":"https:\/\/www.europesays.com\/fr\/wp-json\/wp\/v2\/tags?post=281498"}],"curies":[{"name":"wp","href":"https:\/\/api.w.org\/{rel}","templated":true}]}}